{"id":10118,"date":"2021-10-14T13:35:35","date_gmt":"2021-10-14T10:35:35","guid":{"rendered":"http:\/\/basta2.com\/?p=10118"},"modified":"2021-10-14T13:49:12","modified_gmt":"2021-10-14T10:49:12","slug":"az%c9%99rbaycan-iranli-surucul%c9%99rini-azad-etm%c9%99yib","status":"publish","type":"post","link":"https:\/\/basta2.com\/?p=10118","title":{"rendered":"Az\u0259rbaycan iranl\u0131 s\u00fcr\u00fcc\u00fcl\u0259ri azad etm\u0259yib"},"content":{"rendered":"<p>Erm\u0259nistan m\u0259tbuat\u0131 oktyabr\u0131n 13-d\u0259 ax\u015fam \u00a0Qaraba\u011fa qanunsuz s\u0259f\u0259r\u0259 g\u00f6r\u0259 Az\u0259rbaycanda h\u0259bs edilmi\u015f iki Iran s\u00fcr\u00fcc\u00fcn\u00fcn guya \u00f6lk\u0259l\u0259rin\u0259 qaytar\u0131l\u011f\u0131n\u0131 x\u0259b\u0259r verdi. Eyni zamanda, erm\u0259nil\u0259r \u0130ran\u0131n Mehr agentliyinin istinad edirl\u0259r. Ancaq bu agentlik bel\u0259 bir x\u0259b\u0259r d\u0259rc etm\u0259yib.<\/p>\n<p>&nbsp;<\/p>\n<p>\u0130ranl\u0131 s\u00fcr\u00fcc\u00fcl\u0259r\u0259 g\u0259linc\u0259, onlar h\u0259bsd\u0259dirl\u0259r v\u0259 he\u00e7 kim onlar\u0131 \u0130rana k\u00f6\u00e7\u00fcrm\u0259yib. Bu bar\u0259d\u0259 Az\u0259rbaycan D\u00f6vl\u0259t G\u00f6mr\u00fck Komit\u0259sinin 13 oktyabr tarixli m\u0259lumat\u0131nda deyilir.<\/p>\n<p>&nbsp;<\/p>\n<p>\u201c\u0130ran v\u0259t\u0259nda\u015flar\u0131 Barzegar Haggi C\u0259f\u0259r Q\u0259z\u0259nf\u0259r v\u0259 Novruzi \u015eahrud Heyd\u0259ri sentyabr\u0131n 16 -da saxta s\u0259n\u0259dl\u0259rl\u0259 Xank\u0259ndin\u0259 qanunsuz daxil olduqlar\u0131, habel\u0259 m\u00fcvafiq s\u0259n\u0259dl\u0259r olmadan Az\u0259rbaycan\u0131n d\u00f6vl\u0259t s\u0259rh\u0259dini ke\u00e7dikl\u0259ri \u00fc\u00e7\u00fcn h\u0259bs edilibl\u0259r.<\/p>\n<p>&nbsp;<\/p>\n<p>Az\u0259rbaycan G\u00f6mr\u00fck Komit\u0259si 206.3.2 v\u0259 318.2 madd\u0259l\u0259ri il\u0259 \u00a0onlara qar\u015f\u0131 cinay\u0259t i\u015fi a\u00e7\u0131b v\u0259 istintaq apar\u0131l\u0131r.<\/p>\n<p>&nbsp;<\/p>\n<p>Onlar\u0131n \u00f6lk\u0259l\u0259rin\u0259 qay\u0131tmalar\u0131 il\u0259 ba\u011fl\u0131 yay\u0131lan m\u0259lumatlar h\u0259qiq\u0259t\u0259 uy\u011fun deyil\u00a0\u201d, &#8211; D\u00f6vl\u0259t G\u00f6mr\u00fck Komit\u0259sinin a\u00e7\u0131qlamas\u0131nda deyilir.<\/p>\n<p>&nbsp;<\/p>\n<p>&nbsp;<\/p>\n","protected":false},"excerpt":{"rendered":"<p>Erm\u0259nistan m\u0259tbuat\u0131 oktyabr\u0131n 13-d\u0259 ax\u015fam \u00a0Qaraba\u011fa qanunsuz s\u0259f\u0259r\u0259 g\u00f6r\u0259 Az\u0259rbaycanda h\u0259bs edilmi\u015f iki Iran s\u00fcr\u00fcc\u00fcn\u00fcn guya \u00f6lk\u0259l\u0259rin\u0259 qaytar\u0131l\u011f\u0131n\u0131 x\u0259b\u0259r verdi.<\/p>\n","protected":false},"author":1,"featured_media":9596,"comment_status":"closed","ping_status":"closed","sticky":false,"template":"","format":"standard","meta":{"_jetpack_memberships_contains_paid_content":false,"footnotes":""},"categories":[29,36],"tags":[],"class_list":["post-10118","post","type-post","status-publish","format-standard","has-post-thumbnail","hentry","category-manset","category-siyast"],"aioseo_notices":[],"jetpack_featured_media_url":"https:\/\/basta2.com\/wp-content\/uploads\/2021\/09\/eyvazli-postu.jpg","jetpack_sharing_enabled":true,"_links":{"self":[{"href":"https:\/\/basta2.com\/index.php?rest_route=\/wp\/v2\/posts\/10118","targetHints":{"allow":["GET"]}}],"collection":[{"href":"https:\/\/basta2.com\/index.php?rest_route=\/wp\/v2\/posts"}],"about":[{"href":"https:\/\/basta2.com\/index.php?rest_route=\/wp\/v2\/types\/post"}],"author":[{"embeddable":true,"href":"https:\/\/basta2.com\/index.php?rest_route=\/wp\/v2\/users\/1"}],"replies":[{"embeddable":true,"href":"https:\/\/basta2.com\/index.php?rest_route=%2Fwp%2Fv2%2Fcomments&post=10118"}],"version-history":[{"count":2,"href":"https:\/\/basta2.com\/index.php?rest_route=\/wp\/v2\/posts\/10118\/revisions"}],"predecessor-version":[{"id":10120,"href":"https:\/\/basta2.com\/index.php?rest_route=\/wp\/v2\/posts\/10118\/revisions\/10120"}],"wp:featuredmedia":[{"embeddable":true,"href":"https:\/\/basta2.com\/index.php?rest_route=\/wp\/v2\/media\/9596"}],"wp:attachment":[{"href":"https:\/\/basta2.com\/index.php?rest_route=%2Fwp%2Fv2%2Fmedia&parent=10118"}],"wp:term":[{"taxonomy":"category","embeddable":true,"href":"https:\/\/basta2.com\/index.php?rest_route=%2Fwp%2Fv2%2Fcategories&post=10118"},{"taxonomy":"post_tag","embeddable":true,"href":"https:\/\/basta2.com\/index.php?rest_route=%2Fwp%2Fv2%2Ftags&post=10118"}],"curies":[{"name":"wp","href":"https:\/\/api.w.org\/{rel}","templated":true}]}}