{"id":10763,"date":"2021-11-29T14:06:11","date_gmt":"2021-11-29T11:06:11","guid":{"rendered":"http:\/\/basta2.com\/?p=10763"},"modified":"2021-11-29T19:28:56","modified_gmt":"2021-11-29T16:28:56","slug":"musavat-saleh-rust%c9%99movun-azad-olunmasini-t%c9%99l%c9%99b-edir","status":"publish","type":"post","link":"https:\/\/basta2.com\/?p=10763","title":{"rendered":"M\u00fcsavat Saleh R\u00fcst\u0259movun azad olunmas\u0131n\u0131 t\u0259l\u0259b edir"},"content":{"rendered":"<p>Noyabr\u0131n 29-da M\u00fcsavat Partiyas\u0131 Divan\u0131n\u0131n\u00a0 iclas\u0131 ke\u00e7irilib. \u0130clasda \u0259vv\u0259lc\u0259 g\u00f6r\u00fcl\u0259n i\u015fl\u0259r bar\u0259d\u0259 m\u0259lumat verilib.<\/p>\n<p>&nbsp;<\/p>\n<p>Qeyd edilib ki, siyasi m\u0259hbus\u00a0 Saleh R\u00fcst\u0259movun acl\u0131q aksiyas\u0131 onun s\u0259hh\u0259tin\u0259 t\u0259hl\u00fck\u0259 yarad\u0131b.\u00a0 M\u00fcsavat Partiyas\u0131 Saleh R\u00fcst\u0259movun h\u0259bsinin qanunsuz oldu\u011funu bir daha b\u0259yan edir, onun d\u0259rhal azad olunmas\u0131n\u0131 t\u0259l\u0259b edir.<\/p>\n<p>&nbsp;<\/p>\n<p>\u0130clasda Az\u0259rbaycan, Rusiya v\u0259 Erm\u0259nistan d\u00f6vl\u0259t ba\u015f\u00e7\u0131lar\u0131n\u0131n So\u00e7i g\u00f6r\u00fc\u015f\u00fc bar\u0259d\u0259 fikir m\u00fcbadil\u0259si apar\u0131l\u0131b. S\u00fclh dan\u0131\u015f\u0131qlar\u0131n\u0131n bu format\u0131n\u0131n Az\u0259rbaycan\u0131n maraqlar\u0131na uy\u011fun olmad\u0131\u011f\u0131 vur\u011fulan\u0131b.<\/p>\n<p>&nbsp;<\/p>\n<p>R\u0259smi Bak\u0131\u00a0 9 noyabr b\u0259yanat\u0131n\u0131n t\u0259l\u0259bl\u0259rin\u0259 \u0259m\u0259l olundu\u011funu a\u00e7\u0131qlasa da, h\u0259min b\u0259yanat\u0131n 4-c\u00fc, 7-ci\u00a0 v\u0259 9-cu madd\u0259l\u0259rinin t\u0259l\u0259bl\u0259rin\u0259 \u0259m\u0259l olunmay\u0131b: separat\u00e7\u0131 q\u00fcvv\u0259l\u0259r Qaraba\u011fdan \u00e7\u0131xar\u0131lmay\u0131b, az\u0259rbaycanl\u0131 m\u0259cburi k\u00f6\u00e7k\u00fcnl\u0259r v\u0259 qa\u00e7q\u0131nlar geri qaytar\u0131lmay\u0131b\u00a0 v\u0259 kommunikasiyalar a\u00e7\u0131lmay\u0131b.<\/p>\n<p>&nbsp;<\/p>\n<p>Bildirilib ki, Erm\u0259nistan t\u0259r\u0259fi La\u00e7\u0131n d\u0259hlizi vasit\u0259sil\u0259 Az\u0259rbaycan \u0259razisin\u0259\u00a0 g\u0259lib-ged\u0259 bils\u0259 d\u0259,\u00a0 biz d\u0259hliz al\u0131b \u00f6z \u0259razimiz\u0259 &#8211; Nax\u00e7\u0131vana ged\u0259 bilmirik.<\/p>\n<p>&nbsp;<\/p>\n<p>Sonda cari m\u0259s\u0259l\u0259l\u0259r m\u00fczakir\u0259 olunub.<\/p>\n<p>&nbsp;<\/p>\n<p>Basta<\/p>\n","protected":false},"excerpt":{"rendered":"<p>Noyabr\u0131n 29-da M\u00fcsavat Partiyas\u0131 Divan\u0131n\u0131n\u00a0 iclas\u0131 ke\u00e7irilib. \u0130clasda \u0259vv\u0259lc\u0259 g\u00f6r\u00fcl\u0259n i\u015fl\u0259r bar\u0259d\u0259 m\u0259lumat verilib. &nbsp; Qeyd edilib ki, siyasi m\u0259hbus\u00a0<\/p>\n","protected":false},"author":1,"featured_media":6857,"comment_status":"closed","ping_status":"closed","sticky":false,"template":"","format":"standard","meta":{"_jetpack_memberships_contains_paid_content":false,"footnotes":""},"categories":[29,36],"tags":[],"class_list":["post-10763","post","type-post","status-publish","format-standard","has-post-thumbnail","hentry","category-manset","category-siyast"],"aioseo_notices":[],"jetpack_featured_media_url":"https:\/\/basta2.com\/wp-content\/uploads\/2021\/04\/Musavat-loqo-1.jpg","jetpack_sharing_enabled":true,"_links":{"self":[{"href":"https:\/\/basta2.com\/index.php?rest_route=\/wp\/v2\/posts\/10763","targetHints":{"allow":["GET"]}}],"collection":[{"href":"https:\/\/basta2.com\/index.php?rest_route=\/wp\/v2\/posts"}],"about":[{"href":"https:\/\/basta2.com\/index.php?rest_route=\/wp\/v2\/types\/post"}],"author":[{"embeddable":true,"href":"https:\/\/basta2.com\/index.php?rest_route=\/wp\/v2\/users\/1"}],"replies":[{"embeddable":true,"href":"https:\/\/basta2.com\/index.php?rest_route=%2Fwp%2Fv2%2Fcomments&post=10763"}],"version-history":[{"count":1,"href":"https:\/\/basta2.com\/index.php?rest_route=\/wp\/v2\/posts\/10763\/revisions"}],"predecessor-version":[{"id":10767,"href":"https:\/\/basta2.com\/index.php?rest_route=\/wp\/v2\/posts\/10763\/revisions\/10767"}],"wp:featuredmedia":[{"embeddable":true,"href":"https:\/\/basta2.com\/index.php?rest_route=\/wp\/v2\/media\/6857"}],"wp:attachment":[{"href":"https:\/\/basta2.com\/index.php?rest_route=%2Fwp%2Fv2%2Fmedia&parent=10763"}],"wp:term":[{"taxonomy":"category","embeddable":true,"href":"https:\/\/basta2.com\/index.php?rest_route=%2Fwp%2Fv2%2Fcategories&post=10763"},{"taxonomy":"post_tag","embeddable":true,"href":"https:\/\/basta2.com\/index.php?rest_route=%2Fwp%2Fv2%2Ftags&post=10763"}],"curies":[{"name":"wp","href":"https:\/\/api.w.org\/{rel}","templated":true}]}}