{"id":10829,"date":"2021-12-02T16:59:19","date_gmt":"2021-12-02T13:59:19","guid":{"rendered":"http:\/\/basta2.com\/?p=10829"},"modified":"2021-12-02T16:59:19","modified_gmt":"2021-12-02T13:59:19","slug":"etiraz-aksiyasinin-bes-istirakcisi-inzibati-qaydada-h%c9%99bs-edilib","status":"publish","type":"post","link":"https:\/\/basta2.com\/?p=10829","title":{"rendered":"Etiraz aksiyas\u0131n\u0131n be\u015f i\u015ftirak\u00e7\u0131s\u0131 inzibati qaydada h\u0259bs edilib"},"content":{"rendered":"<p>Dekabr\u0131n 2-d\u0259 Bak\u0131n\u0131n S\u0259bail rayon m\u0259hk\u0259m\u0259si dekabr\u0131n 1-d\u0259 Saleh R\u00fcst\u0259movun azad edilm\u0259si t\u0259l\u0259bi il\u0259 ke\u00e7iril\u0259n etiraz aksiyas\u0131 zaman\u0131 saxlan\u0131lan be\u015f f\u0259al\u0131n inzibati qaydada h\u0259bsi bar\u0259d\u0259 q\u0259rar \u00e7\u0131xar\u0131b.<\/p>\n<p>&nbsp;<\/p>\n<p>Xalq C\u0259bh\u0259si Partiyas\u0131n\u0131n R\u0259yas\u0259t Hey\u0259tinin \u00fczv\u00fc \u0130lham H\u00fcseyn 30 g\u00fcn, partiya f\u0259al\u0131 El\u00e7in Teymurov v\u0259 Elxan \u018fliyev m\u00fcvafiq olaraq 25 v\u0259 20 g\u00fcn;<\/p>\n<p>&nbsp;<\/p>\n<p>Birinci Qaraba\u011f m\u00fcharib\u0259sinin veteran\u0131 S\u0259yad Quliyev 15 g\u00fcn, g\u0259nc f\u0259al R\u00fcst\u0259m \u0130smay\u0131lb\u0259yli is\u0259 30 g\u00fcn h\u0259bs c\u0259zas\u0131 al\u0131b.<\/p>\n<p>&nbsp;<\/p>\n<p>Onlar ham\u0131s\u0131 \u0130nzibati X\u0259talar M\u0259c\u0259ll\u0259sinin 211.1-ci (Epidemiya \u0259leyhin\u0259 rejimin, sanitariya-gigiyena v\u0259 karantin rejiml\u0259rinin pozulmas\u0131) madd\u0259si il\u0259 t\u0259qsirli bilinib.<\/p>\n<p>&nbsp;<\/p>\n<p>Xat\u0131rladaq ki, dekabr\u0131n 1-d\u0259 polis h\u0259bsd\u0259 uzun m\u00fcdd\u0259tdir acl\u0131q ed\u0259n Saleh R\u00fcst\u0259movun azad edilm\u0259si t\u0259l\u0259bi il\u0259 ke\u00e7iril\u0259n aksiyan\u0131n qar\u015f\u0131s\u0131n\u0131 q\u0259ddarl\u0131qla al\u0131b.<\/p>\n<p>&nbsp;<\/p>\n<p>40-dan \u00e7ox insan saxlan\u0131l\u0131b. Saxlan\u0131lanlar\u0131n \u0259ks\u0259riyy\u0259ti sonradan s\u0259rb\u0259st burax\u0131l\u0131b. Amma be\u015f n\u0259f\u0259r polis b\u00f6lm\u0259l\u0259rind\u0259 saxlan\u0131l\u0131b v\u0259 bu g\u00fcn m\u0259hk\u0259m\u0259y\u0259 \u00e7\u0131xar\u0131l\u0131b.\u00a0Bundan ba\u015fqa, saxlan\u0131lanlar\u0131n b\u0259zil\u0259ri polis t\u0259r\u0259find\u0259n d\u00f6y\u00fcl\u00fcb.\u00a0M\u00fcxalif siyas\u0259t\u00e7i Tofiq Yaqublu x\u00fcsusi amans\u0131zl\u0131qla d\u00f6y\u00fcl\u00fcb.<\/p>\n","protected":false},"excerpt":{"rendered":"<p>Dekabr\u0131n 2-d\u0259 Bak\u0131n\u0131n S\u0259bail rayon m\u0259hk\u0259m\u0259si dekabr\u0131n 1-d\u0259 Saleh R\u00fcst\u0259movun azad edilm\u0259si t\u0259l\u0259bi il\u0259 ke\u00e7iril\u0259n etiraz aksiyas\u0131 zaman\u0131 saxlan\u0131lan be\u015f<\/p>\n","protected":false},"author":1,"featured_media":10830,"comment_status":"closed","ping_status":"closed","sticky":false,"template":"","format":"standard","meta":{"_jetpack_memberships_contains_paid_content":false,"footnotes":""},"categories":[29],"tags":[],"class_list":["post-10829","post","type-post","status-publish","format-standard","has-post-thumbnail","hentry","category-manset"],"aioseo_notices":[],"jetpack_featured_media_url":"https:\/\/basta2.com\/wp-content\/uploads\/2021\/12\/ilham-huseynli.jpg","jetpack_sharing_enabled":true,"_links":{"self":[{"href":"https:\/\/basta2.com\/index.php?rest_route=\/wp\/v2\/posts\/10829","targetHints":{"allow":["GET"]}}],"collection":[{"href":"https:\/\/basta2.com\/index.php?rest_route=\/wp\/v2\/posts"}],"about":[{"href":"https:\/\/basta2.com\/index.php?rest_route=\/wp\/v2\/types\/post"}],"author":[{"embeddable":true,"href":"https:\/\/basta2.com\/index.php?rest_route=\/wp\/v2\/users\/1"}],"replies":[{"embeddable":true,"href":"https:\/\/basta2.com\/index.php?rest_route=%2Fwp%2Fv2%2Fcomments&post=10829"}],"version-history":[{"count":1,"href":"https:\/\/basta2.com\/index.php?rest_route=\/wp\/v2\/posts\/10829\/revisions"}],"predecessor-version":[{"id":10831,"href":"https:\/\/basta2.com\/index.php?rest_route=\/wp\/v2\/posts\/10829\/revisions\/10831"}],"wp:featuredmedia":[{"embeddable":true,"href":"https:\/\/basta2.com\/index.php?rest_route=\/wp\/v2\/media\/10830"}],"wp:attachment":[{"href":"https:\/\/basta2.com\/index.php?rest_route=%2Fwp%2Fv2%2Fmedia&parent=10829"}],"wp:term":[{"taxonomy":"category","embeddable":true,"href":"https:\/\/basta2.com\/index.php?rest_route=%2Fwp%2Fv2%2Fcategories&post=10829"},{"taxonomy":"post_tag","embeddable":true,"href":"https:\/\/basta2.com\/index.php?rest_route=%2Fwp%2Fv2%2Ftags&post=10829"}],"curies":[{"name":"wp","href":"https:\/\/api.w.org\/{rel}","templated":true}]}}