{"id":10865,"date":"2021-12-04T18:37:40","date_gmt":"2021-12-04T15:37:40","guid":{"rendered":"http:\/\/basta2.com\/?p=10865"},"modified":"2021-12-04T18:39:05","modified_gmt":"2021-12-04T15:39:05","slug":"tofiq-yaqublunu-bu-yolla-siyas%c9%99td%c9%99n-uzaqlasdirmaq-c%c9%99hdi-qeyri-insanliqdiri-bu-v%c9%99ziyy%c9%99t%c9%99-g%c9%99tir%c9%99n-xalqina-sonsuz-ist%c9%99yidir","status":"publish","type":"post","link":"https:\/\/basta2.com\/?p=10865","title":{"rendered":"Tofiq Yaqublunu bu yolla siyas\u0259td\u0259n uzaqla\u015fd\u0131rmaq c\u0259hdi qeyri-insanl\u0131qd\u0131r"},"content":{"rendered":"<p>V\u0259t\u0259nimiz Az\u0259rbaycan\u0131n se\u00e7ki tarixind\u0259 \u00f6z\u00fcn\u0259m\u0259xsus prosesl\u0259ri il\u0259 yaddan \u00e7\u0131xmayan 2003-c\u00fc il \u0259r\u0259f\u0259si idi. Hakimiyy\u0259t\u0259 iddial\u0131 M\u00fcsavat Partiyas\u0131n\u0131n M\u0259rk\u0259zi Q\u0259rargah\u0131na x\u0259b\u0259r g\u0259ldi ki, piket polis t\u0259r\u0259find\u0259n da\u011f\u0131d\u0131l\u0131b. Bin\u0259q\u0259di rayon t\u0259\u015fkilat\u0131n\u0131n be\u015f n\u0259f\u0259r f\u0259al \u00fczv\u00fc h\u0259bs edilib. Onlardan biri d\u0259 indi m\u0259lum v\u0259ziyy\u0259ti il\u0259 g\u00fcnd\u0259md\u0259 olan \u2013 saf, s\u0259mimi, insanlara qar\u015f\u0131 yan\u0131ml\u0131 xarakteri il\u0259 \u00e7oxlar\u0131n\u0131 arxada qoyan Tofiq Yaqublu idi. Ona v\u0259 polisin h\u0259bs etdiyi dig\u0259r h\u0259mkarlar\u0131na qar\u015f\u0131 bel\u0259 bir ittiham ir\u0259li s\u00fcr\u00fcl\u00fcd\u00fc ki, bunlar polis\u0259 m\u0259xsus 7 (yeddi) tonluq ma\u015f\u0131n\u0131 y\u0131r\u011falay\u0131rd\u0131lar.<\/p>\n<p>&nbsp;<\/p>\n<p>O vaxtdan bu vaxta q\u0259d\u0259r siyas\u0259t\u00e7id\u0259n t\u0259l\u0259b olunan soyuqqanl\u0131l\u0131q n\u0259 oldu\u011funu bilm\u0259y\u0259n Yaqublu, ail\u0259 \u00fczvl\u0259ri il\u0259, art\u0131q b\u00f6y\u00fck q\u0131zlar olan Nigar v\u0259 m\u0259rhum N\u0259rgizl\u0259 b\u0259rab\u0259r demokratik m\u00fcxalif\u0259t meydan\u0131na daxil oldular. \u00d6lk\u0259 ictimaiyy\u0259tin\u0259 d\u0259 m\u0259lumdur ki, bu ail\u0259ni el\u0259 bil qar\u011f\u0131\u015f tutub. Q\u0259fild\u0259n b\u0259la bu ail\u0259d\u0259n \u0259l \u00e7\u0259kmir.<\/p>\n<p>&nbsp;<\/p>\n<p>Yen\u0259 d\u0259 \u0259vv\u0259lkil\u0259r\u0259 b\u0259nz\u0259r q\u0259ml\u0259ndirici bir hadis\u0259. \u0130caz\u0259li-icaz\u0259siz, ax\u0131r ki, saxlan\u0131lan 40 n\u0259f\u0259rin aras\u0131nda ona qar\u015f\u0131 edil\u0259n h\u0259r\u0259k\u0259tin izah\u0131n\u0131 verm\u0259k m\u00fcmk\u00fcn deyil.<\/p>\n<p>&nbsp;<\/p>\n<p>S\u00f6z\u00fcm\u00fc zarafatla davam etdirm\u0259k ist\u0259yir\u0259m. Tofiqi tan\u0131yandan bu vaxta q\u0259d\u0259r onun \u201cateist\u201d\u00a0 bax\u0131\u015flar\u0131na g\u00f6r\u0259 h\u0259mi\u015f\u0259 m\u0259z\u0259mm\u0259t\u0259 m\u0259ruz qald\u0131\u011f\u0131n\u0131n \u015fahidiy\u0259m. H\u0259tta ail\u0259sind\u0259 dalbadal ba\u015f ver\u0259n k\u0259d\u0259rli hadis\u0259l\u0259ri d\u0259 onun dini t\u0259nqid etm\u0259sinin n\u0259tic\u0259l\u0259ri kimi izah ed\u0259nl\u0259r d\u0259 oldu. \u018flb\u0259tt\u0259, bu s\u0259mimi bir zarafatd\u0131r.<\/p>\n<p>&nbsp;<\/p>\n<p>Ciddiliy\u0259 qalanda, insan\u0131 bu minvalla siyas\u0259td\u0259n uzaqla\u015fd\u0131rmaq c\u0259hdi \u0259n az\u0131 qeyri-insanilik say\u0131l\u0131r. Hakimiyy\u0259td\u0259 olana istinad, dayan\u0131ql\u0131q, yoluna\u00a0 i\u015f\u0131q ver\u0259n bel\u0259 davakar m\u00fcxalifdir.\u00a0 Tofiqi bu v\u0259ziyy\u0259t\u0259 g\u0259tir\u0259n xalq\u0131na sonsuz ist\u0259yidir.<\/p>\n<p>&nbsp;<\/p>\n<p>&nbsp;<\/p>\n<p>N\u0259zak\u0259t Muradova<\/p>\n","protected":false},"excerpt":{"rendered":"<p>V\u0259t\u0259nimiz Az\u0259rbaycan\u0131n se\u00e7ki tarixind\u0259 \u00f6z\u00fcn\u0259m\u0259xsus prosesl\u0259ri il\u0259 yaddan \u00e7\u0131xmayan 2003-c\u00fc il \u0259r\u0259f\u0259si idi. Hakimiyy\u0259t\u0259 iddial\u0131 M\u00fcsavat Partiyas\u0131n\u0131n M\u0259rk\u0259zi Q\u0259rargah\u0131na x\u0259b\u0259r<\/p>\n","protected":false},"author":1,"featured_media":10867,"comment_status":"closed","ping_status":"closed","sticky":false,"template":"","format":"standard","meta":{"_jetpack_memberships_contains_paid_content":false,"footnotes":""},"categories":[29,36],"tags":[],"class_list":["post-10865","post","type-post","status-publish","format-standard","has-post-thumbnail","hentry","category-manset","category-siyast"],"aioseo_notices":[],"jetpack_featured_media_url":"https:\/\/basta2.com\/wp-content\/uploads\/2021\/12\/262959764_1708464606018798_4482733383081410375_n.jpg","jetpack_sharing_enabled":true,"_links":{"self":[{"href":"https:\/\/basta2.com\/index.php?rest_route=\/wp\/v2\/posts\/10865","targetHints":{"allow":["GET"]}}],"collection":[{"href":"https:\/\/basta2.com\/index.php?rest_route=\/wp\/v2\/posts"}],"about":[{"href":"https:\/\/basta2.com\/index.php?rest_route=\/wp\/v2\/types\/post"}],"author":[{"embeddable":true,"href":"https:\/\/basta2.com\/index.php?rest_route=\/wp\/v2\/users\/1"}],"replies":[{"embeddable":true,"href":"https:\/\/basta2.com\/index.php?rest_route=%2Fwp%2Fv2%2Fcomments&post=10865"}],"version-history":[{"count":3,"href":"https:\/\/basta2.com\/index.php?rest_route=\/wp\/v2\/posts\/10865\/revisions"}],"predecessor-version":[{"id":10870,"href":"https:\/\/basta2.com\/index.php?rest_route=\/wp\/v2\/posts\/10865\/revisions\/10870"}],"wp:featuredmedia":[{"embeddable":true,"href":"https:\/\/basta2.com\/index.php?rest_route=\/wp\/v2\/media\/10867"}],"wp:attachment":[{"href":"https:\/\/basta2.com\/index.php?rest_route=%2Fwp%2Fv2%2Fmedia&parent=10865"}],"wp:term":[{"taxonomy":"category","embeddable":true,"href":"https:\/\/basta2.com\/index.php?rest_route=%2Fwp%2Fv2%2Fcategories&post=10865"},{"taxonomy":"post_tag","embeddable":true,"href":"https:\/\/basta2.com\/index.php?rest_route=%2Fwp%2Fv2%2Ftags&post=10865"}],"curies":[{"name":"wp","href":"https:\/\/api.w.org\/{rel}","templated":true}]}}