{"id":11355,"date":"2022-01-07T15:31:57","date_gmt":"2022-01-07T12:31:57","guid":{"rendered":"http:\/\/basta2.com\/?p=11355"},"modified":"2022-01-07T15:31:57","modified_gmt":"2022-01-07T12:31:57","slug":"musavat-isgalci-quvv%c9%99l%c9%99rin-qazaxistandan-cixarilmasini-t%c9%99l%c9%99b-edir","status":"publish","type":"post","link":"https:\/\/basta2.com\/?p=11355","title":{"rendered":"M\u00fcsavat i\u015f\u011fal\u00e7\u0131 q\u00fcvv\u0259l\u0259rin Qazax\u0131standan \u00e7\u0131xar\u0131lmas\u0131n\u0131 t\u0259l\u0259b edir"},"content":{"rendered":"<p>M\u00fcsavat Partiyas\u0131 Qazaxstanda insanlar\u0131n \u00f6z h\u00fcquqlar\u0131 u\u011frunda, avtoritar idar\u0259\u00e7iliy\u0259, korrupsiya v\u0259 r\u00fc\u015fv\u0259txorlu\u011fa qar\u015f\u0131 m\u00fcbariz\u0259sini d\u0259st\u0259kl\u0259yir v\u0259 demokratik\u00a0 h\u0259r\u0259kat\u0131n dinc m\u0259craya y\u00f6n\u0259l\u0259c\u0259yin\u0259 inan\u0131r.<\/p>\n<p>&nbsp;<\/p>\n<p>Bu m\u00f6vqe M\u00fcsavat Partiyas\u0131n\u0131n q\u0259bul etdiyi b\u0259yanatda \u0259ks olunub.<\/p>\n<p>&nbsp;<\/p>\n<p>M\u00fcsavat Partiyas\u0131 Rusiya, Erm\u0259nistan, Tacikistan v\u0259 Kollektiv T\u0259hl\u00fck\u0259sizlik M\u00fcqavil\u0259si t\u0259\u015fkilat\u0131na daxil olan dig\u0259r \u00f6lk\u0259l\u0259rin h\u0259rbi q\u00fcvv\u0259l\u0259rinin h\u0259m beyn\u0259lxalq h\u00fcquqa, h\u0259m d\u0259\u00a0 KTMT-nin \u00f6z nizamnam\u0259sin\u0259 zidd olaraq Qazax\u0131stana girm\u0259sini i\u015f\u011fal fakt\u0131 kimi qiym\u0259tl\u0259ndirir v\u0259 d\u0259rhal \u00e7\u0131xar\u0131lmas\u0131n\u0131 t\u0259l\u0259b edir.<\/p>\n<p>&nbsp;<\/p>\n<p>M\u00fcsavat Partiyas\u0131 son hadis\u0259l\u0259r zaman\u0131 h\u0259lak olanlar\u0131n yax\u0131nlar\u0131na v\u0259 qazax xalq\u0131na d\u0259rin h\u00fcznl\u0259 ba\u015fsa\u011fl\u0131\u011f\u0131 verir, yaralananlara \u015f\u0259fa dil\u0259yir.<\/p>\n<p>&nbsp;<\/p>\n<p>Basta<\/p>\n<p>&nbsp;<\/p>\n<p>&nbsp;<\/p>\n<p>&nbsp;<\/p>\n","protected":false},"excerpt":{"rendered":"<p>M\u00fcsavat Partiyas\u0131 Qazaxstanda insanlar\u0131n \u00f6z h\u00fcquqlar\u0131 u\u011frunda, avtoritar idar\u0259\u00e7iliy\u0259, korrupsiya v\u0259 r\u00fc\u015fv\u0259txorlu\u011fa qar\u015f\u0131 m\u00fcbariz\u0259sini d\u0259st\u0259kl\u0259yir v\u0259 demokratik\u00a0 h\u0259r\u0259kat\u0131n dinc m\u0259craya<\/p>\n","protected":false},"author":1,"featured_media":6857,"comment_status":"closed","ping_status":"closed","sticky":false,"template":"","format":"standard","meta":{"_jetpack_memberships_contains_paid_content":false,"footnotes":""},"categories":[29,36],"tags":[],"class_list":["post-11355","post","type-post","status-publish","format-standard","has-post-thumbnail","hentry","category-manset","category-siyast"],"aioseo_notices":[],"jetpack_featured_media_url":"https:\/\/basta2.com\/wp-content\/uploads\/2021\/04\/Musavat-loqo-1.jpg","jetpack_sharing_enabled":true,"_links":{"self":[{"href":"https:\/\/basta2.com\/index.php?rest_route=\/wp\/v2\/posts\/11355","targetHints":{"allow":["GET"]}}],"collection":[{"href":"https:\/\/basta2.com\/index.php?rest_route=\/wp\/v2\/posts"}],"about":[{"href":"https:\/\/basta2.com\/index.php?rest_route=\/wp\/v2\/types\/post"}],"author":[{"embeddable":true,"href":"https:\/\/basta2.com\/index.php?rest_route=\/wp\/v2\/users\/1"}],"replies":[{"embeddable":true,"href":"https:\/\/basta2.com\/index.php?rest_route=%2Fwp%2Fv2%2Fcomments&post=11355"}],"version-history":[{"count":1,"href":"https:\/\/basta2.com\/index.php?rest_route=\/wp\/v2\/posts\/11355\/revisions"}],"predecessor-version":[{"id":11357,"href":"https:\/\/basta2.com\/index.php?rest_route=\/wp\/v2\/posts\/11355\/revisions\/11357"}],"wp:featuredmedia":[{"embeddable":true,"href":"https:\/\/basta2.com\/index.php?rest_route=\/wp\/v2\/media\/6857"}],"wp:attachment":[{"href":"https:\/\/basta2.com\/index.php?rest_route=%2Fwp%2Fv2%2Fmedia&parent=11355"}],"wp:term":[{"taxonomy":"category","embeddable":true,"href":"https:\/\/basta2.com\/index.php?rest_route=%2Fwp%2Fv2%2Fcategories&post=11355"},{"taxonomy":"post_tag","embeddable":true,"href":"https:\/\/basta2.com\/index.php?rest_route=%2Fwp%2Fv2%2Ftags&post=11355"}],"curies":[{"name":"wp","href":"https:\/\/api.w.org\/{rel}","templated":true}]}}