{"id":11435,"date":"2022-01-13T00:13:17","date_gmt":"2022-01-12T21:13:17","guid":{"rendered":"http:\/\/basta2.com\/?p=11435"},"modified":"2022-01-13T00:13:17","modified_gmt":"2022-01-12T21:13:17","slug":"ilham-%c9%99liyev-cor%c9%99yin-qiym%c9%99tini-%c9%99vv%c9%99lki-s%c9%99viyy%c9%99d%c9%99-saxlaya-bilm%c9%99zdik","status":"publish","type":"post","link":"https:\/\/basta2.com\/?p=11435","title":{"rendered":"\u0130lham \u018fliyev: &#8220;\u00c7\u00f6r\u0259yin qiym\u0259tini \u0259vv\u0259lki s\u0259viyy\u0259d\u0259 saxlaya bilm\u0259zdik&#8221;"},"content":{"rendered":"<div class=\"audio-player\"><\/div>\n<div class=\"news-inner\">\n<p>\u201c\u00c7\u00f6r\u0259yin qiym\u0259tinin qalxmas\u0131 qa\u00e7\u0131lmaz idi. D\u00fcnyada tax\u0131l\u0131n, bu\u011fdan\u0131n qiym\u0259ti k\u0259skin art\u0131b. Bizim \u0259sas t\u0259chizat\u00e7\u0131 Rusiya t\u0259r\u0259fidir\u201d.<\/p>\n<p>&nbsp;<\/p>\n<p>Bunu \u0130lham \u018fliyev yanvar\u0131n 12-d\u0259 yerli televiziya kanallar\u0131na m\u00fcsahib\u0259sind\u0259 deyib.<\/p>\n<p>&nbsp;<\/p>\n<p>\u201cOna g\u00f6r\u0259 ki, \u0259n ucuz bu\u011fdan\u0131 biz Rusiyadan al\u0131r\u0131q. Orada h\u0259m qiym\u0259tl\u0259r, h\u0259m d\u0259 ixrac r\u00fcsumlar\u0131 artm\u0131\u015fd\u0131r v\u0259 artmaqda davam edir. T\u0259bii ki, biz \u00e7\u00f6r\u0259yin qiym\u0259tini s\u00fcni \u015f\u0259kild\u0259 \u0259vv\u0259lki s\u0259viyy\u0259d\u0259 saxlaya bilm\u0259zdik. Bunu n\u0259z\u0259r\u0259 alaraq v\u0259 eyni zamanda, d\u00f6vl\u0259t orqanlar\u0131n\u0131n t\u0259nziml\u0259yici rolunu g\u00fccl\u0259ndiririk ki, burada s\u00fcni qiym\u0259t art\u0131m\u0131 olmas\u0131n, m\u00f6ht\u0259kirlik olmas\u0131n. Eyni zamanda, \u00e7ox geni\u015f sosial paket d\u0259 h\u0259yata ke\u00e7irildi&#8221;.<\/p>\n<\/div>\n<p>&nbsp;<\/p>\n","protected":false},"excerpt":{"rendered":"<p>\u201c\u00c7\u00f6r\u0259yin qiym\u0259tinin qalxmas\u0131 qa\u00e7\u0131lmaz idi. D\u00fcnyada tax\u0131l\u0131n, bu\u011fdan\u0131n qiym\u0259ti k\u0259skin art\u0131b. Bizim \u0259sas t\u0259chizat\u00e7\u0131 Rusiya t\u0259r\u0259fidir\u201d. &nbsp; Bunu \u0130lham \u018fliyev<\/p>\n","protected":false},"author":1,"featured_media":1251,"comment_status":"closed","ping_status":"closed","sticky":false,"template":"","format":"standard","meta":{"_jetpack_memberships_contains_paid_content":false,"footnotes":""},"categories":[31,29],"tags":[],"class_list":["post-11435","post","type-post","status-publish","format-standard","has-post-thumbnail","hentry","category-iqtisadiyyat","category-manset"],"aioseo_notices":[],"jetpack_featured_media_url":"https:\/\/basta2.com\/wp-content\/uploads\/2020\/08\/ilham-\u0259liyev.jpg","jetpack_sharing_enabled":true,"_links":{"self":[{"href":"https:\/\/basta2.com\/index.php?rest_route=\/wp\/v2\/posts\/11435","targetHints":{"allow":["GET"]}}],"collection":[{"href":"https:\/\/basta2.com\/index.php?rest_route=\/wp\/v2\/posts"}],"about":[{"href":"https:\/\/basta2.com\/index.php?rest_route=\/wp\/v2\/types\/post"}],"author":[{"embeddable":true,"href":"https:\/\/basta2.com\/index.php?rest_route=\/wp\/v2\/users\/1"}],"replies":[{"embeddable":true,"href":"https:\/\/basta2.com\/index.php?rest_route=%2Fwp%2Fv2%2Fcomments&post=11435"}],"version-history":[{"count":1,"href":"https:\/\/basta2.com\/index.php?rest_route=\/wp\/v2\/posts\/11435\/revisions"}],"predecessor-version":[{"id":11436,"href":"https:\/\/basta2.com\/index.php?rest_route=\/wp\/v2\/posts\/11435\/revisions\/11436"}],"wp:featuredmedia":[{"embeddable":true,"href":"https:\/\/basta2.com\/index.php?rest_route=\/wp\/v2\/media\/1251"}],"wp:attachment":[{"href":"https:\/\/basta2.com\/index.php?rest_route=%2Fwp%2Fv2%2Fmedia&parent=11435"}],"wp:term":[{"taxonomy":"category","embeddable":true,"href":"https:\/\/basta2.com\/index.php?rest_route=%2Fwp%2Fv2%2Fcategories&post=11435"},{"taxonomy":"post_tag","embeddable":true,"href":"https:\/\/basta2.com\/index.php?rest_route=%2Fwp%2Fv2%2Ftags&post=11435"}],"curies":[{"name":"wp","href":"https:\/\/api.w.org\/{rel}","templated":true}]}}