{"id":11515,"date":"2022-01-19T13:43:20","date_gmt":"2022-01-19T10:43:20","guid":{"rendered":"http:\/\/basta2.com\/?p=11515"},"modified":"2022-01-19T13:43:20","modified_gmt":"2022-01-19T10:43:20","slug":"axcp-uzvu-%c9%99lizamin-salayev-azadliga-cixib","status":"publish","type":"post","link":"https:\/\/basta2.com\/?p=11515","title":{"rendered":"AXCP \u00fczv\u00fc \u018flizamin Salayev azadl\u0131\u011fa \u00e7\u0131x\u0131b"},"content":{"rendered":"<p>H\u0259bsd\u0259 olan Az\u0259rbaycan Xalq C\u0259bh\u0259si Partiyas\u0131n\u0131n (AXCP) f\u0259al\u0131 \u018flizamin Salayev yanvar\u0131n 19-da azadl\u0131\u011fa burax\u0131l\u0131b.<\/p>\n<p>O\u00a0bildirib ki, \u00f6t\u0259n ilin noyabr\u0131nda Milli M\u0259clis t\u0259r\u0259find\u0259n q\u0259bul edilmi\u015f Amnistiya akt\u0131 il\u0259 azadl\u0131\u011fa burax\u0131l\u0131b.<\/p>\n<p>&nbsp;<\/p>\n<p>&#8220;Amnistiya akt\u0131na g\u00f6r\u0259, 3 il\u0259 q\u0259d\u0259r h\u0259bs c\u0259zas\u0131 olanlar h\u0259bs m\u00fcdd\u0259tinin bitm\u0259sin\u0259 6 ay qalm\u0131\u015f azadl\u0131\u011fa burax\u0131l\u0131r&#8221;, dey\u0259 o qeyd edib.<\/p>\n<p>&nbsp;<\/p>\n<p>Salayevin s\u00f6zl\u0259rin\u0259 g\u00f6r\u0259, h\u0259bsd\u0259 oldu\u011fu m\u00fcdd\u0259td\u0259 s\u0259hh\u0259tind\u0259 ciddi probleml\u0259r yaran\u0131b.<\/p>\n<p>&nbsp;<\/p>\n<p>&#8220;G\u00f6zl\u0259rim, dem\u0259k olar ki, f\u0259aliyy\u0259tini itirib, ayaqlar\u0131m tutulur, daxili orqanlar\u0131mda da problem var. Ham\u0131s\u0131 h\u0259bsd\u0259 g\u00f6rd\u00fcy\u00fcm i\u015fg\u0259nc\u0259l\u0259rin v\u0259 ke\u00e7irdiyim acl\u0131q aksiyalar\u0131n n\u0259tic\u0259sidir&#8221;, dey\u0259 AXCP f\u0259al\u0131 bildirib.<\/p>\n<p>&nbsp;<\/p>\n<p>O\u00a0qeyd edib ki, h\u0259bsd\u0259n \u0259vv\u0259lki siyasi f\u0259aliyy\u0259tini davam etdir\u0259c\u0259k.<\/p>\n<p>&nbsp;<\/p>\n<p>\u018flizamin Salayev\u00a02020-ci il aprelin 20-d\u0259 Cinay\u0259t M\u0259c\u0259ll\u0259sinin 147.2 (a\u011f\u0131r cinay\u0259td\u0259 ittiham etm\u0259kl\u0259 b\u00f6htan atma) v\u0259 148-ci (t\u0259hqir) madd\u0259l\u0259ri il\u0259 2 il 3 ay azadl\u0131qdan m\u0259hrum edilib. O, Salyan Rayon Polis \u0130dar\u0259sinin \u0259m\u0259kda\u015f\u0131 H\u0259mz\u0259 \u018fzizovun \u015fikay\u0259ti \u0259sas\u0131nda c\u0259zaland\u0131r\u0131l\u0131b.<\/p>\n<p>&nbsp;<\/p>\n<p>Salayev h\u0259bsind\u0259n bir m\u00fcdd\u0259t \u0259vv\u0259l sosial \u015f\u0259b\u0259k\u0259l\u0259rd\u0259 ad\u0131 \u00e7\u0259kil\u0259n polis \u0259m\u0259kda\u015f\u0131 il\u0259 m\u00fcbahis\u0259sinin videosunu yaym\u0131\u015fd\u0131. H\u0259min videoda AXCP f\u0259al\u0131 \u018fzizovu rayonda ya\u015fayan qad\u0131na qar\u015f\u0131 t\u0259cav\u00fcz\u0259 g\u00f6r\u0259 ittiham edirdi. Video yay\u0131landan sonra Salayev inzibati qaydada 30 g\u00fcnl\u00fck h\u0259bs olundu. O, h\u0259min vaxt saxlan\u0131lark\u0259n i\u015fg\u0259nc\u0259y\u0259 m\u0259ruz qald\u0131\u011f\u0131n\u0131, n\u0259tic\u0259d\u0259 s\u0259hh\u0259tind\u0259 ciddi probleml\u0259r yarand\u0131\u011f\u0131n\u0131 b\u0259yan etmi\u015fdi.<\/p>\n<p>&nbsp;<\/p>\n<p>Bundan sonra polis \u0259m\u0259kda\u015f\u0131 Salyan rayon M\u0259hk\u0259m\u0259sind\u0259 ona qar\u015f\u0131 x\u00fcsusi ittiham qaydas\u0131nda iddia qald\u0131raraq h\u0259bsini t\u0259l\u0259b etmi\u015fdi.<\/p>\n<p>&nbsp;<\/p>\n<p>Videoda haqq\u0131nda b\u0259hs olunan qad\u0131n H\u0259mz\u0259 \u018fzizova b\u0131\u00e7aqla x\u0259sar\u0259t yetirdiyin\u0259 g\u00f6r\u0259 7 il azadl\u0131qdan m\u0259hrum edilib. Qad\u0131n polisin ona qar\u015f\u0131 zorak\u0131 h\u0259r\u0259k\u0259tl\u0259rind\u0259n m\u00fcdafi\u0259 olunmaq \u00fc\u00e7\u00fcn ona x\u0259sar\u0259t yetirdiyini bildirib. Polis \u0259m\u0259kda\u015f\u0131 is\u0259 onun dedikl\u0259rinin h\u0259qiq\u0259t\u0259 uy\u011fun olmad\u0131\u011f\u0131n\u0131 s\u00f6yl\u0259yib.<\/p>\n<p>&nbsp;<\/p>\n<p>Turan<\/p>\n","protected":false},"excerpt":{"rendered":"<p>H\u0259bsd\u0259 olan Az\u0259rbaycan Xalq C\u0259bh\u0259si Partiyas\u0131n\u0131n (AXCP) f\u0259al\u0131 \u018flizamin Salayev yanvar\u0131n 19-da azadl\u0131\u011fa burax\u0131l\u0131b. O\u00a0bildirib ki, \u00f6t\u0259n ilin noyabr\u0131nda Milli<\/p>\n","protected":false},"author":1,"featured_media":11517,"comment_status":"closed","ping_status":"closed","sticky":false,"template":"","format":"standard","meta":{"_jetpack_memberships_contains_paid_content":false,"footnotes":""},"categories":[30,29],"tags":[],"class_list":["post-11515","post","type-post","status-publish","format-standard","has-post-thumbnail","hentry","category-gundm","category-manset"],"aioseo_notices":[],"jetpack_featured_media_url":"https:\/\/basta2.com\/wp-content\/uploads\/2022\/01\/011900043718.jpg","jetpack_sharing_enabled":true,"_links":{"self":[{"href":"https:\/\/basta2.com\/index.php?rest_route=\/wp\/v2\/posts\/11515","targetHints":{"allow":["GET"]}}],"collection":[{"href":"https:\/\/basta2.com\/index.php?rest_route=\/wp\/v2\/posts"}],"about":[{"href":"https:\/\/basta2.com\/index.php?rest_route=\/wp\/v2\/types\/post"}],"author":[{"embeddable":true,"href":"https:\/\/basta2.com\/index.php?rest_route=\/wp\/v2\/users\/1"}],"replies":[{"embeddable":true,"href":"https:\/\/basta2.com\/index.php?rest_route=%2Fwp%2Fv2%2Fcomments&post=11515"}],"version-history":[{"count":1,"href":"https:\/\/basta2.com\/index.php?rest_route=\/wp\/v2\/posts\/11515\/revisions"}],"predecessor-version":[{"id":11518,"href":"https:\/\/basta2.com\/index.php?rest_route=\/wp\/v2\/posts\/11515\/revisions\/11518"}],"wp:featuredmedia":[{"embeddable":true,"href":"https:\/\/basta2.com\/index.php?rest_route=\/wp\/v2\/media\/11517"}],"wp:attachment":[{"href":"https:\/\/basta2.com\/index.php?rest_route=%2Fwp%2Fv2%2Fmedia&parent=11515"}],"wp:term":[{"taxonomy":"category","embeddable":true,"href":"https:\/\/basta2.com\/index.php?rest_route=%2Fwp%2Fv2%2Fcategories&post=11515"},{"taxonomy":"post_tag","embeddable":true,"href":"https:\/\/basta2.com\/index.php?rest_route=%2Fwp%2Fv2%2Ftags&post=11515"}],"curies":[{"name":"wp","href":"https:\/\/api.w.org\/{rel}","templated":true}]}}