{"id":11920,"date":"2022-02-13T19:34:57","date_gmt":"2022-02-13T16:34:57","guid":{"rendered":"http:\/\/basta2.com\/?p=11920"},"modified":"2022-02-13T19:47:21","modified_gmt":"2022-02-13T16:47:21","slug":"italiya-xin-rusiya-qazini-%c9%99v%c9%99z-ed%c9%99c%c9%99k-uc-olk%c9%99-sirasinda-az%c9%99rbaycanin-da-adini-c%c9%99kib","status":"publish","type":"post","link":"https:\/\/basta2.com\/?p=11920","title":{"rendered":"\u0130taliya r\u0259smisi Rusiya qaz\u0131n\u0131 \u0259v\u0259z ed\u0259c\u0259k \u00fc\u00e7 \u00f6lk\u0259 s\u0131ras\u0131nda Az\u0259rbaycan\u0131n da ad\u0131n\u0131 \u00e7\u0259kib"},"content":{"rendered":"<p>\u0130taliyan\u0131n xarici i\u015fl\u0259r nazirinin m\u00fcavini Manlio Di Stefano \u00f6lk\u0259nin Rusiya qaz\u0131ndan as\u0131l\u0131l\u0131\u011f\u0131n\u0131 \u018flc\u0259zair, T\u00fcrkm\u0259nistan v\u0259 Az\u0259rbaycan\u0131n hesab\u0131na azaltma\u011f\u0131n z\u0259ruriliyini a\u00e7\u0131qlay\u0131b.<\/p>\n<p>&nbsp;<\/p>\n<p>\u201cAvropan\u0131n qalan hiss\u0259sind\u0259 oldu\u011fu kimi, bizd\u0259 d\u0259 Rusiyadan as\u0131l\u0131l\u0131q problemi var. \u0130lin \u0259vv\u0259lind\u0259 Moskva Ukrayna mar\u015frutu il\u0259 bizim \u00fc\u00e7\u00fcn n\u0259z\u0259rd\u0259 tutulan qaz ax\u0131n\u0131n\u0131 dem\u0259k olar ki, iki d\u0259f\u0259 azald\u0131b.<\/p>\n<p>&nbsp;<\/p>\n<p>Enerji t\u0259hl\u00fck\u0259sizliyimizi t\u0259hdid ed\u0259n bu q\u0259rar y\u0259qin ki, h\u0259m d\u0259 siyasi motivlidir, t\u0259cili t\u0259dbirl\u0259r t\u0259l\u0259b edir. Biz orta v\u0259 uzunm\u00fcdd\u0259tli perspektivd\u0259 b\u0259rpa olunan enerji m\u0259nb\u0259l\u0259ri haqq\u0131nda d\u00fc\u015f\u00fcnm\u0259liyik, lakin biz q\u0131sam\u00fcdd\u0259tli perspektivd\u0259\u00a0 \u0259n etibarl\u0131 t\u0259r\u0259fda\u015flarla i\u015fl\u0259m\u0259liyik\u201d &#8211; dey\u0259 o, \u201cLa Repubblica\u201d q\u0259zetin\u0259 m\u00fcsahib\u0259sind\u0259 bildirib.<\/p>\n<p>&nbsp;<\/p>\n<p>Nazir m\u00fcavininin s\u00f6zl\u0259rin\u0259 g\u00f6r\u0259, \u018flc\u0259zair bel\u0259 t\u0259r\u0259fda\u015fd\u0131r v\u0259 Az\u0259rbaycan qaz\u0131n\u0131n n\u0259ql olundu\u011fu Trans-Adriatik Qaz Boru K\u0259m\u0259ri (TAP) m\u0259nb\u0259l\u0259rin \u015fax\u0259l\u0259ndirilm\u0259si \u00fc\u00e7\u00fcn vacibdir.<\/p>\n<p>&nbsp;<\/p>\n<p>Di Stefano t\u0259sdiql\u0259yib ki, \u0130taliya TAP-\u0131n g\u00fcc\u00fcn\u00fc 10 milyard kubmetr t\u0259bii qaza \u00e7atd\u0131rma\u011f\u0131 g\u00f6zl\u0259yir.<\/p>\n<p>&nbsp;<\/p>\n<p>&#8220;Dig\u0259r perspektivli istiqam\u0259t X\u0259z\u0259r d\u0259nizind\u0259 TAP k\u0259m\u0259ri il\u0259 birl\u0259\u015fdiril\u0259 bil\u0259n T\u00fcrkm\u0259nistand\u0131r&#8221;, &#8211; nazir m\u00fcavini bildirib. O, vur\u011fulay\u0131b ki, X\u0259z\u0259r d\u0259nizi \u201cRusiyan\u0131n t\u0259sir zonas\u0131na\u201d daxildir v\u0259 onun dibi il\u0259 qaz k\u0259m\u0259rinin \u00e7\u0259kilm\u0259si \u201cbizd\u0259n as\u0131l\u0131 deyil\u201d.<\/p>\n<p>&nbsp;<\/p>\n<p>\u201cAncaq T\u00fcrkm\u0259nistan d\u00fcnyan\u0131n \u0259n b\u00f6y\u00fck yataqlar\u0131ndan birin\u0259 malikdir. Hindistan v\u0259 \u00c7in istehlak\u0131 art\u0131r\u0131r: bu g\u00fcn \u00f6z\u00fcm\u00fcz\u00fc resurslarla t\u0259min etm\u0259s\u0259k, ehtiyat \u0259ld\u0259 etm\u0259kd\u0259 getdikc\u0259 daha \u00e7ox riskimiz var&#8221; &#8211; Di Stefano deyib.<\/p>\n<p>&nbsp;<\/p>\n<p>Fevral\u0131n \u0259vv\u0259lind\u0259 Az\u0259rbaycan\u0131n energetika naziri P\u0259rviz \u015eahbazovla telefon dan\u0131\u015f\u0131\u011f\u0131 olub.\u00a0Bununla ba\u011fl\u0131 \u0130taliya X\u0130N\u00a0m\u0259lumat yay\u0131b ki, Trans-Adriatik qaz k\u0259m\u0259ri il\u0259 Apennin adalar\u0131na 8 milyard kubmetr\u0259 yax\u0131n Az\u0259rbaycan qaz\u0131 n\u0259ql olunur, y\u0259ni boru k\u0259m\u0259rinin g\u00fcc\u00fcnd\u0259n 80 faiz istifad\u0259 olunur.<\/p>\n<p>&nbsp;<\/p>\n<p>Xarici i\u015fl\u0259r nazirinin m\u00fcavini daha sonra \u201ct\u0259bii qaz t\u0259chizat\u0131 m\u0259nb\u0259l\u0259rinin \u015fax\u0259l\u0259ndirilm\u0259si v\u0259 Avropan\u0131n enerji t\u0259hl\u00fck\u0259sizliyinin art\u0131r\u0131lmas\u0131 m\u0259qs\u0259dil\u0259\u201d strateji planda TAP-\u0131n tutumunun iki d\u0259f\u0259 art\u0131r\u0131lmas\u0131n\u0131n m\u0259qs\u0259d\u0259uy\u011fun oldu\u011funu b\u0259yan edib.\u00a0Eyni zamanda bildirilib ki, uzunm\u00fcdd\u0259tli perspektivd\u0259 bu infrastruktur obyektind\u0259n hidrogenin n\u0259qli \u00fc\u00e7\u00fcn istifad\u0259 oluna bil\u0259r.<\/p>\n<p>&nbsp;<\/p>\n<p>Heyb\u0259t \u018fmrah<\/p>\n<p>&nbsp;<\/p>\n<p>Basta<\/p>\n","protected":false},"excerpt":{"rendered":"<p>\u0130taliyan\u0131n xarici i\u015fl\u0259r nazirinin m\u00fcavini Manlio Di Stefano \u00f6lk\u0259nin Rusiya qaz\u0131ndan as\u0131l\u0131l\u0131\u011f\u0131n\u0131 \u018flc\u0259zair, T\u00fcrkm\u0259nistan v\u0259 Az\u0259rbaycan\u0131n hesab\u0131na azaltma\u011f\u0131n z\u0259ruriliyini a\u00e7\u0131qlay\u0131b.<\/p>\n","protected":false},"author":1,"featured_media":11924,"comment_status":"closed","ping_status":"closed","sticky":false,"template":"","format":"standard","meta":{"_jetpack_memberships_contains_paid_content":false,"footnotes":""},"categories":[31,29],"tags":[],"class_list":["post-11920","post","type-post","status-publish","format-standard","has-post-thumbnail","hentry","category-iqtisadiyyat","category-manset"],"aioseo_notices":[],"jetpack_featured_media_url":"https:\/\/basta2.com\/wp-content\/uploads\/2022\/02\/1620202225_1620198317831_du3u1vjg.jpeg","jetpack_sharing_enabled":true,"_links":{"self":[{"href":"https:\/\/basta2.com\/index.php?rest_route=\/wp\/v2\/posts\/11920","targetHints":{"allow":["GET"]}}],"collection":[{"href":"https:\/\/basta2.com\/index.php?rest_route=\/wp\/v2\/posts"}],"about":[{"href":"https:\/\/basta2.com\/index.php?rest_route=\/wp\/v2\/types\/post"}],"author":[{"embeddable":true,"href":"https:\/\/basta2.com\/index.php?rest_route=\/wp\/v2\/users\/1"}],"replies":[{"embeddable":true,"href":"https:\/\/basta2.com\/index.php?rest_route=%2Fwp%2Fv2%2Fcomments&post=11920"}],"version-history":[{"count":2,"href":"https:\/\/basta2.com\/index.php?rest_route=\/wp\/v2\/posts\/11920\/revisions"}],"predecessor-version":[{"id":11925,"href":"https:\/\/basta2.com\/index.php?rest_route=\/wp\/v2\/posts\/11920\/revisions\/11925"}],"wp:featuredmedia":[{"embeddable":true,"href":"https:\/\/basta2.com\/index.php?rest_route=\/wp\/v2\/media\/11924"}],"wp:attachment":[{"href":"https:\/\/basta2.com\/index.php?rest_route=%2Fwp%2Fv2%2Fmedia&parent=11920"}],"wp:term":[{"taxonomy":"category","embeddable":true,"href":"https:\/\/basta2.com\/index.php?rest_route=%2Fwp%2Fv2%2Fcategories&post=11920"},{"taxonomy":"post_tag","embeddable":true,"href":"https:\/\/basta2.com\/index.php?rest_route=%2Fwp%2Fv2%2Ftags&post=11920"}],"curies":[{"name":"wp","href":"https:\/\/api.w.org\/{rel}","templated":true}]}}