{"id":12148,"date":"2022-02-24T13:12:40","date_gmt":"2022-02-24T10:12:40","guid":{"rendered":"http:\/\/basta2.com\/?p=12148"},"modified":"2022-02-24T13:12:40","modified_gmt":"2022-02-24T10:12:40","slug":"ukraynada-vurulan-rus-tanklarinin-fotolari-yayildi","status":"publish","type":"post","link":"https:\/\/basta2.com\/?p=12148","title":{"rendered":"Ukraynada vurulan rus tanklar\u0131n\u0131n fotolar\u0131 yay\u0131ld\u0131"},"content":{"rendered":"<p>Fevral\u0131n 24-d\u0259 s\u0259h\u0259r saatlar\u0131nda h\u00fccuma ke\u00e7\u0259n rus qo\u015funlar\u0131 Ukrayna ordusunun m\u00fcqvim\u0259til\u0259 \u00fczl\u0259\u015fib.\u00a0 \u015e\u00e7astiya \u015f\u0259h\u0259ri yax\u0131nl\u0131\u011f\u0131nda ruslar\u0131n h\u00fccumu d\u0259f edililib. Haz\u0131rda hadis\u0259 yerind\u0259n ilk fotolar ortaya \u00e7\u0131x\u0131b.<\/p>\n<p>&nbsp;<\/p>\n<p>Depo.Donbass x\u0259b\u0259r verir ki, onlar\u0131 daxili i\u015fl\u0259r nazirinin m\u00fc\u015faviri Anton Gera\u015fenko a\u00e7\u0131qlay\u0131b.<\/p>\n<p>&nbsp;<\/p>\n<p>&#8220;Rusiyan\u0131n z\u0259d\u0259l\u0259nmi\u015f h\u0259rbi texnikas\u0131n\u0131n ilk foto\u015f\u0259kill\u0259ri Luqansk vilay\u0259tind\u0259n g\u0259lm\u0259y\u0259 ba\u015flad\u0131&#8221; \u015f\u0259rh etdi.<\/p>\n<p>&nbsp;<\/p>\n<p><img decoding=\"async\" src=\"https:\/\/www.depo.ua\/uploads\/368346\/conversions\/e7c20176526ace0c974388d4341c0d13-wide-big.jpg\" alt=\"\u041f\u043e\u044f\u0432\u0438\u043b\u0438\u0441\u044c \u0444\u043e\u0442\u043e\u0433\u0440\u0430\u0444\u0438\u0438 \u0441 \u043c\u0435\u0441\u0442\u0430 \u0431\u043e\u044f \u043f\u043e\u0434 \u0421\u0447\u0430\u2026\" \/><\/p>\n<p>Anton Gera\u015fenkonun s\u0259hif\u0259sind\u0259n foto<\/p>\n<p>&nbsp;<\/p>\n<p><img decoding=\"async\" src=\"https:\/\/dn.depo.ua\/uploads\/posts\/20220224\/750x\/dbhvaIOCvbAGxe42Ux6aXVpTR3YDleSZ8Hqbds8E.jpeg\" \/><\/p>\n<p>&nbsp;<\/p>\n<p>Bildirilir ki, Severski Donets \u00e7ay\u0131 \u00fcz\u0259rind\u0259ki k\u00f6rp\u00fc Rusiya tanklar\u0131n\u0131n ke\u00e7m\u0259sinin qar\u015f\u0131s\u0131n\u0131 almaq \u00fc\u00e7\u00fcn partlad\u0131l\u0131b.<\/p>\n<p>&nbsp;<\/p>\n<p>Basta<\/p>\n","protected":false},"excerpt":{"rendered":"<p>Fevral\u0131n 24-d\u0259 s\u0259h\u0259r saatlar\u0131nda h\u00fccuma ke\u00e7\u0259n rus qo\u015funlar\u0131 Ukrayna ordusunun m\u00fcqvim\u0259til\u0259 \u00fczl\u0259\u015fib.\u00a0 \u015e\u00e7astiya \u015f\u0259h\u0259ri yax\u0131nl\u0131\u011f\u0131nda ruslar\u0131n h\u00fccumu d\u0259f edililib. Haz\u0131rda<\/p>\n","protected":false},"author":1,"featured_media":12149,"comment_status":"closed","ping_status":"closed","sticky":false,"template":"","format":"standard","meta":{"_jetpack_memberships_contains_paid_content":false,"footnotes":""},"categories":[30,29],"tags":[],"class_list":["post-12148","post","type-post","status-publish","format-standard","has-post-thumbnail","hentry","category-gundm","category-manset"],"aioseo_notices":[],"jetpack_featured_media_url":"https:\/\/basta2.com\/wp-content\/uploads\/2022\/02\/tank.jpeg","jetpack_sharing_enabled":true,"_links":{"self":[{"href":"https:\/\/basta2.com\/index.php?rest_route=\/wp\/v2\/posts\/12148","targetHints":{"allow":["GET"]}}],"collection":[{"href":"https:\/\/basta2.com\/index.php?rest_route=\/wp\/v2\/posts"}],"about":[{"href":"https:\/\/basta2.com\/index.php?rest_route=\/wp\/v2\/types\/post"}],"author":[{"embeddable":true,"href":"https:\/\/basta2.com\/index.php?rest_route=\/wp\/v2\/users\/1"}],"replies":[{"embeddable":true,"href":"https:\/\/basta2.com\/index.php?rest_route=%2Fwp%2Fv2%2Fcomments&post=12148"}],"version-history":[{"count":1,"href":"https:\/\/basta2.com\/index.php?rest_route=\/wp\/v2\/posts\/12148\/revisions"}],"predecessor-version":[{"id":12150,"href":"https:\/\/basta2.com\/index.php?rest_route=\/wp\/v2\/posts\/12148\/revisions\/12150"}],"wp:featuredmedia":[{"embeddable":true,"href":"https:\/\/basta2.com\/index.php?rest_route=\/wp\/v2\/media\/12149"}],"wp:attachment":[{"href":"https:\/\/basta2.com\/index.php?rest_route=%2Fwp%2Fv2%2Fmedia&parent=12148"}],"wp:term":[{"taxonomy":"category","embeddable":true,"href":"https:\/\/basta2.com\/index.php?rest_route=%2Fwp%2Fv2%2Fcategories&post=12148"},{"taxonomy":"post_tag","embeddable":true,"href":"https:\/\/basta2.com\/index.php?rest_route=%2Fwp%2Fv2%2Ftags&post=12148"}],"curies":[{"name":"wp","href":"https:\/\/api.w.org\/{rel}","templated":true}]}}