{"id":12155,"date":"2022-02-24T20:58:07","date_gmt":"2022-02-24T17:58:07","guid":{"rendered":"http:\/\/basta2.com\/?p=12155"},"modified":"2022-02-24T20:58:07","modified_gmt":"2022-02-24T17:58:07","slug":"rusiya-ordusu-cernobil-atom-elektrik-stansiyasini-%c9%99l%c9%99-kecirib","status":"publish","type":"post","link":"https:\/\/basta2.com\/?p=12155","title":{"rendered":"Rusiya ordusu \u00c7ernob\u0131l Atom Elektrik Stansiyas\u0131n\u0131 \u0259l\u0259 ke\u00e7irib"},"content":{"rendered":"<p>Rusiya ordusu \u00c7ernob\u0131l Atom Elektrik Stansiyas\u0131n\u0131 \u0259l\u0259 ke\u00e7irib. Bu bar\u0259d\u0259 Ukrayna Silahl\u0131 Q\u00fcvv\u0259l\u0259rinin Quru Qo\u015funlar\u0131 komandan\u0131n\u0131n m\u00fc\u015faviri Alena \u015eevtsova m\u0259lumat verib.<\/p>\n<p>&nbsp;<\/p>\n<p>&#8220;Ruslar \u00c7ernob\u0131l stansiyas\u0131n\u0131 \u0259l\u0259 ke\u00e7iribl\u0259r. Stansiya i\u015f\u00e7il\u0259ri girov saxlan\u0131l\u0131r&#8221;, o yaz\u0131b.<\/p>\n<p>&nbsp;<\/p>\n<p>Daha \u00f6nc\u0259 Ukrayna prezidenti Volodimir Zelenski Rusiya ordusunun \u00c7ernob\u0131l Atom Elektrik Stansiyas\u0131n\u0131 \u0259l\u0259 ke\u00e7irm\u0259y\u0259 \u00e7al\u0131\u015fd\u0131\u011f\u0131n\u0131 bildirmi\u015fdi. O, bu bar\u0259d\u0259 Twitter s\u0259hif\u0259sind\u0259 yazm\u0131\u015fd\u0131.<\/p>\n<p>&nbsp;<\/p>\n<p>&#8220;M\u00fcdafi\u0259\u00e7il\u0259rimiz 1986-c\u0131 il faci\u0259sinin bir daha t\u0259krarlanmamas\u0131 \u00fc\u00e7\u00fcn canlar\u0131n\u0131 verir. M\u0259n bu bar\u0259d\u0259 \u0130sve\u00e7in ba\u015f nazirin\u0259 m\u0259lumat verdim. Bu, b\u00fct\u00fcn Avropaya m\u00fcharib\u0259 elan\u0131 dem\u0259kdir&#8221; &#8211; dey\u0259, Zelenski bildirib.<\/p>\n<p>&nbsp;<\/p>\n<p>Ukrayna Daxili \u0130\u015fl\u0259r Nazirliyinin m\u00fc\u015faviri Anton Gera\u015fenkonun daha \u0259vv\u0259l bildirdiyin\u0259 g\u00f6r\u0259, h\u0259rb\u00e7il\u0259r Belarus \u0259razisind\u0259n \u00c7ernob\u0131l Atom Elektrik Stansiyas\u0131n\u0131n zonas\u0131na daxil olub.<\/p>\n<p>&nbsp;<\/p>\n<p>Gera\u015fenko &#8220;Radioaktiv tullant\u0131lar\u0131n\u0131n oldu\u011fu anbar\u0131 qoruyan Milli Qvardiya d\u00fc\u015fm\u0259nl\u0259 d\u00f6y\u00fc\u015f\u0259 girib. \u018fg\u0259r i\u015f\u011fal\u00e7\u0131lar\u0131n artilleriya z\u0259rb\u0259l\u0259ri n\u0259tic\u0259sind\u0259 n\u00fcv\u0259 tullant\u0131lar\u0131n\u0131n anbar\u0131 m\u0259hv olarsa, o zaman radioaktiv toz Ukrayna, Belarus v\u0259 Avropa \u0130ttifaq\u0131 \u00f6lk\u0259l\u0259rinin \u0259razil\u0259rini b\u00fcr\u00fcy\u0259 bil\u0259r\u201d yaz\u0131b.<\/p>\n<p>&nbsp;<\/p>\n<div class=\"wsw__embed\">\n<figure class=\"media-image js-media-expand js-media-expand--ready\">\n<div class=\"img-wrap\">\n<div class=\"thumb\"><img decoding=\"async\" class=\" enhanced\" src=\"https:\/\/gdb.voanews.com\/c2ef0000-0aff-0242-dd07-08d9e819c581_w650_r1_s.jpeg\" alt=\"\" \/><\/div>\n<\/div>\n<\/figure>\n<\/div>\n<p>&nbsp;<\/p>\n<p>Fevral\u0131n 24-n\u0259 ke\u00e7\u0259n gec\u0259 Rusiya prezidenti Vladimir Putin Ukraynan\u0131n \u201cnazifikasiyas\u0131 v\u0259 demilitarizasiyas\u0131\u201d \u00fc\u00e7\u00fcn \u201cx\u00fcsusi h\u0259rbi \u0259m\u0259liyyata\u201d ba\u015flan\u0131ld\u0131\u011f\u0131n\u0131 elan edib.<\/p>\n<p>&nbsp;<\/p>\n<p>Bundan d\u0259rhal sonra Kyiv, Xarkiv, Odessa, Kramatorsk, Berdyanskda partlay\u0131\u015flar v\u0259 raket h\u00fccumlar\u0131 bar\u0259d\u0259 x\u0259b\u0259rl\u0259r g\u0259lm\u0259y\u0259 ba\u015flad\u0131. Rusiya qo\u015funlar\u0131 Ukraynan\u0131n 5 rayonunda s\u0259rh\u0259di ke\u00e7ib.<\/p>\n<p>&nbsp;<\/p>\n<p>Ukrayna prezidenti Vladimir Zelenski b\u00fct\u00fcn Ukraynada h\u0259rbi v\u0259ziyy\u0259t elan edib. Ukrayna Rusiya il\u0259 b\u00fct\u00fcn diplomatik \u0259laq\u0259l\u0259rini k\u0259sib v\u0259 hava m\u0259kan\u0131n\u0131 ba\u011flay\u0131b.<\/p>\n<p>&nbsp;<\/p>\n<p>Kyiv, Dnepr v\u0259 \u00c7erkassk vilay\u0259tind\u0259 komendant saat\u0131 elan edilib. Ukrayna h\u0259rb\u00e7il\u0259ri v\u0259 m\u00fclki v\u0259t\u0259nda\u015flar aras\u0131nda \u00f6l\u0259nl\u0259r v\u0259 yaralananlar\u0131n oldu\u011fu bildirilir.<\/p>\n<p>&nbsp;<\/p>\n<p>Amerikan\u0131n s\u0259si<\/p>\n","protected":false},"excerpt":{"rendered":"<p>Rusiya ordusu \u00c7ernob\u0131l Atom Elektrik Stansiyas\u0131n\u0131 \u0259l\u0259 ke\u00e7irib. Bu bar\u0259d\u0259 Ukrayna Silahl\u0131 Q\u00fcvv\u0259l\u0259rinin Quru Qo\u015funlar\u0131 komandan\u0131n\u0131n m\u00fc\u015faviri Alena \u015eevtsova m\u0259lumat<\/p>\n","protected":false},"author":1,"featured_media":12156,"comment_status":"closed","ping_status":"closed","sticky":false,"template":"","format":"standard","meta":{"_jetpack_memberships_contains_paid_content":false,"footnotes":""},"categories":[30,29],"tags":[],"class_list":["post-12155","post","type-post","status-publish","format-standard","has-post-thumbnail","hentry","category-gundm","category-manset"],"aioseo_notices":[],"jetpack_featured_media_url":"https:\/\/basta2.com\/wp-content\/uploads\/2022\/02\/chernobil-as.jpg","jetpack_sharing_enabled":true,"_links":{"self":[{"href":"https:\/\/basta2.com\/index.php?rest_route=\/wp\/v2\/posts\/12155","targetHints":{"allow":["GET"]}}],"collection":[{"href":"https:\/\/basta2.com\/index.php?rest_route=\/wp\/v2\/posts"}],"about":[{"href":"https:\/\/basta2.com\/index.php?rest_route=\/wp\/v2\/types\/post"}],"author":[{"embeddable":true,"href":"https:\/\/basta2.com\/index.php?rest_route=\/wp\/v2\/users\/1"}],"replies":[{"embeddable":true,"href":"https:\/\/basta2.com\/index.php?rest_route=%2Fwp%2Fv2%2Fcomments&post=12155"}],"version-history":[{"count":1,"href":"https:\/\/basta2.com\/index.php?rest_route=\/wp\/v2\/posts\/12155\/revisions"}],"predecessor-version":[{"id":12157,"href":"https:\/\/basta2.com\/index.php?rest_route=\/wp\/v2\/posts\/12155\/revisions\/12157"}],"wp:featuredmedia":[{"embeddable":true,"href":"https:\/\/basta2.com\/index.php?rest_route=\/wp\/v2\/media\/12156"}],"wp:attachment":[{"href":"https:\/\/basta2.com\/index.php?rest_route=%2Fwp%2Fv2%2Fmedia&parent=12155"}],"wp:term":[{"taxonomy":"category","embeddable":true,"href":"https:\/\/basta2.com\/index.php?rest_route=%2Fwp%2Fv2%2Fcategories&post=12155"},{"taxonomy":"post_tag","embeddable":true,"href":"https:\/\/basta2.com\/index.php?rest_route=%2Fwp%2Fv2%2Ftags&post=12155"}],"curies":[{"name":"wp","href":"https:\/\/api.w.org\/{rel}","templated":true}]}}