{"id":12159,"date":"2022-02-24T23:49:48","date_gmt":"2022-02-24T20:49:48","guid":{"rendered":"http:\/\/basta2.com\/?p=12159"},"modified":"2022-02-24T23:49:48","modified_gmt":"2022-02-24T20:49:48","slug":"r%c9%99smi-bakidan-rusiyanin-ukraynaya-t%c9%99cavuzu-il%c9%99-bagli-ilk-aciqlama","status":"publish","type":"post","link":"https:\/\/basta2.com\/?p=12159","title":{"rendered":"R\u0259smi Bak\u0131dan Rusiyan\u0131n Ukraynaya t\u0259cav\u00fcz\u00fc il\u0259 ba\u011fl\u0131 ilk a\u00e7\u0131qlama"},"content":{"rendered":"<p>Avropada T\u0259hl\u00fck\u0259sizlik v\u0259 \u018fm\u0259kda\u015fl\u0131q T\u0259\u015fkilat\u0131n\u0131n (AT\u018fT) Pol\u015fa s\u0259drliyi t\u0259r\u0259find\u0259n Daimi \u015euran\u0131n x\u00fcsusi iclas\u0131 ke\u00e7irilib.<\/p>\n<p>&nbsp;<\/p>\n<p>Az\u0259rbaycan Xarici \u0130\u015fl\u0259r Nazirliyinin M\u0259tbuat Xidm\u0259ti idar\u0259sind\u0259n veril\u0259n m\u0259lumata g\u00f6r\u0259, iclasda xarici i\u015fl\u0259r nazirinin m\u00fcavini Araz \u018fzimov video formatda i\u015ftirak edib.<\/p>\n<p>&nbsp;<\/p>\n<p>X\u00fcsusi iclasda \u00e7\u0131x\u0131\u015f ed\u0259n A.\u018fzimov Ukraynada v\u0259 \u0259traf\u0131ndak\u0131 v\u0259ziyy\u0259tin ciddi narahatl\u0131q do\u011furdu\u011funu qeyd edib.<\/p>\n<p>&nbsp;<\/p>\n<p>V\u0259ziyy\u0259tin g\u0259rginl\u0259\u015fm\u0259sinin itkil\u0259rin olmas\u0131na s\u0259b\u0259b oldu\u011fu qeyd edil\u0259r\u0259k, h\u0259yat\u0131n\u0131 itir\u0259nl\u0259rin ail\u0259l\u0259rin\u0259 v\u0259 yax\u0131nlar\u0131na ba\u015fsa\u011fl\u0131\u011f\u0131 bildirilib.<\/p>\n<p>&nbsp;<\/p>\n<p>M\u00f6vcud v\u0259ziyy\u0259tin beyn\u0259lxalq h\u00fcququn norma v\u0259 prinsipl\u0259rin\u0259 uy\u011fun olaraq, o c\u00fcml\u0259d\u0259n d\u00f6vl\u0259tl\u0259rin suverenliyi, \u0259razi b\u00fct\u00f6vl\u00fcy\u00fc, s\u0259rh\u0259dl\u0259rin toxunulmazl\u0131\u011f\u0131, habel\u0259 AT\u018fT m\u0259kan\u0131nda t\u0259hl\u00fck\u0259sizliyin b\u00f6l\u00fcnm\u0259zliyi \u0259sas\u0131nda dinc v\u0259 diplomatik yollarla h\u0259llinin vacib oldu\u011fu vur\u011fulan\u0131b.<\/p>\n<p>&nbsp;<\/p>\n<p>M\u00f6vcud durumda, v\u0259ziyy\u0259tin daha da pisl\u0259\u015fm\u0259sinin qar\u015f\u0131s\u0131n\u0131n al\u0131nmas\u0131 \u00fc\u00e7\u00fcn t\u0259xir\u0259sal\u0131nmaz dialoqa \u00e7a\u011f\u0131r\u0131\u015f edilib.<\/p>\n<p>&nbsp;<\/p>\n","protected":false},"excerpt":{"rendered":"<p>Avropada T\u0259hl\u00fck\u0259sizlik v\u0259 \u018fm\u0259kda\u015fl\u0131q T\u0259\u015fkilat\u0131n\u0131n (AT\u018fT) Pol\u015fa s\u0259drliyi t\u0259r\u0259find\u0259n Daimi \u015euran\u0131n x\u00fcsusi iclas\u0131 ke\u00e7irilib. &nbsp; Az\u0259rbaycan Xarici \u0130\u015fl\u0259r Nazirliyinin M\u0259tbuat<\/p>\n","protected":false},"author":1,"featured_media":514,"comment_status":"closed","ping_status":"closed","sticky":false,"template":"","format":"standard","meta":{"_jetpack_memberships_contains_paid_content":false,"footnotes":""},"categories":[29,36],"tags":[],"class_list":["post-12159","post","type-post","status-publish","format-standard","has-post-thumbnail","hentry","category-manset","category-siyast"],"aioseo_notices":[],"jetpack_featured_media_url":"https:\/\/basta2.com\/wp-content\/uploads\/2020\/07\/X\u0130N.jpg","jetpack_sharing_enabled":true,"_links":{"self":[{"href":"https:\/\/basta2.com\/index.php?rest_route=\/wp\/v2\/posts\/12159","targetHints":{"allow":["GET"]}}],"collection":[{"href":"https:\/\/basta2.com\/index.php?rest_route=\/wp\/v2\/posts"}],"about":[{"href":"https:\/\/basta2.com\/index.php?rest_route=\/wp\/v2\/types\/post"}],"author":[{"embeddable":true,"href":"https:\/\/basta2.com\/index.php?rest_route=\/wp\/v2\/users\/1"}],"replies":[{"embeddable":true,"href":"https:\/\/basta2.com\/index.php?rest_route=%2Fwp%2Fv2%2Fcomments&post=12159"}],"version-history":[{"count":1,"href":"https:\/\/basta2.com\/index.php?rest_route=\/wp\/v2\/posts\/12159\/revisions"}],"predecessor-version":[{"id":12160,"href":"https:\/\/basta2.com\/index.php?rest_route=\/wp\/v2\/posts\/12159\/revisions\/12160"}],"wp:featuredmedia":[{"embeddable":true,"href":"https:\/\/basta2.com\/index.php?rest_route=\/wp\/v2\/media\/514"}],"wp:attachment":[{"href":"https:\/\/basta2.com\/index.php?rest_route=%2Fwp%2Fv2%2Fmedia&parent=12159"}],"wp:term":[{"taxonomy":"category","embeddable":true,"href":"https:\/\/basta2.com\/index.php?rest_route=%2Fwp%2Fv2%2Fcategories&post=12159"},{"taxonomy":"post_tag","embeddable":true,"href":"https:\/\/basta2.com\/index.php?rest_route=%2Fwp%2Fv2%2Ftags&post=12159"}],"curies":[{"name":"wp","href":"https:\/\/api.w.org\/{rel}","templated":true}]}}