{"id":12200,"date":"2022-02-26T13:30:34","date_gmt":"2022-02-26T10:30:34","guid":{"rendered":"http:\/\/basta2.com\/?p=12200"},"modified":"2022-02-26T13:30:34","modified_gmt":"2022-02-26T10:30:34","slug":"az%c9%99rbaycanli-muhacirl%c9%99rd%c9%99n-ukraynaya-d%c9%99st%c9%99k","status":"publish","type":"post","link":"https:\/\/basta2.com\/?p=12200","title":{"rendered":"Az\u0259rbaycanl\u0131 m\u00fchacirl\u0259rd\u0259n Ukraynaya d\u0259st\u0259k"},"content":{"rendered":"<p>Az\u0259rbaycanl\u0131 m\u00fchacirl\u0259rin birl\u0259\u015fdiyi &#8220;Promotey&#8221; t\u0259\u015fkilat\u0131\u00a0 Rusiyan\u0131n Ukraynan\u0131 i\u015f\u011fal etm\u0259k c\u0259hdi il\u0259 ba\u011fl\u0131 b\u0259yanat yay\u0131b.<\/p>\n<p>&nbsp;<\/p>\n<p>T\u0259\u015fkilatdan &#8220;Basta&#8221;ya t\u0259qdim olunan s\u0259n\u0259dd\u0259 deyilir:<\/p>\n<p>&nbsp;<\/p>\n<p>&#8220;Son d\u00f6vrd\u0259 beyn\u0259lxalq al\u0259md\u0259 v\u0259 x\u00fcsusil\u0259 d\u0259, regionda ba\u015f ver\u0259n hadis\u0259l\u0259r fonunda Rusiyan\u0131n imperiya ambisiyalar\u0131n\u0131n daha da artmas\u0131 qlobal s\u00fclh\u0259 v\u0259 t\u0259hl\u00fck\u0259sizliy\u0259 ciddi t\u0259hdid yaratmaqdad\u0131r. Bunun bariz n\u00fcmun\u0259si kimi Rusiyan\u0131n fevral ay\u0131n\u0131n 24-d\u0259n etibar\u0259n Ukraynan\u0131n i\u015fgal\u0131 \u00fc\u00e7\u00fcn h\u0259rbi \u0259m\u0259liyyatlara ba\u015flamas\u0131 fakt\u0131 ciddi narahatl\u0131q do\u011furub.<\/p>\n<p>&nbsp;<\/p>\n<p>Rusiyan\u0131n Ukraynaya qar\u015f\u0131 h\u0259rbi \u0259m\u0259liyyat\u0131 beyn\u0259lxalq h\u00fcquqa v\u0259 insanl\u0131q \u0259leyhin\u0259 h\u0259rbi cinay\u0259tdir. Ukraynaya qar\u015f\u0131 t\u0259r\u0259dil\u0259n h\u0259rbi cinay\u0259tl\u0259r\u0259 g\u00f6r\u0259 Rusiyan\u0131n siyasi v\u0259 h\u0259rbi r\u0259hb\u0259rliyi birba\u015fa m\u0259suliyy\u0259t da\u015f\u0131y\u0131r.<\/p>\n<p>&nbsp;<\/p>\n<p>Rusiya prezidenti Vladimir Putin \u00f6z hakimiyy\u0259tini qorumaq namin\u0259 yaln\u0131z Rusiya v\u0259 Ukrayna \u00fc\u00e7\u00fcn deyil, Avropa v\u0259 b\u00fct\u00fcn d\u00fcnya \u00fc\u00e7\u00fcn f\u0259lak\u0259tli n\u0259tic\u0259l\u0259ri olacaq bir add\u0131m atib. &#8220;Promotey&#8221; t\u0259\u015fkilat\u0131 olaraq Rusiyan\u0131n beyn\u0259lxalq prinsipl\u0259r\u0259 v\u0259 h\u00fcquq normalar\u0131na zidd olan i\u015f\u011fal\u00e7\u0131l\u0131q v\u0259 ipmeriya siys\u0259tin\u0259 etiraz\u0131m\u0131z\u0131 bildirir, suveren d\u00f6vl\u0259tl\u0259rin daxili i\u015fl\u0259rin\u0259 h\u0259r c\u00fcr m\u00fcdaxil\u0259ni q\u0259tiyy\u0259tl\u0259 pisl\u0259yir v\u0259 beyn\u0259lxalq s\u0259viyy\u0259d\u0259 tan\u0131nm\u0131\u015f s\u0259rh\u0259dl\u0259rin d\u0259yi\u015fdirilm\u0259sini yolverilm\u0259z hesab edirik.<\/p>\n<p>&nbsp;<\/p>\n<p>Bu a\u011f\u0131r g\u00fcnl\u0259rd\u0259 Ukrayna xalq\u0131 il\u0259 \u00e7iyin-\u00e7iyin\u0259 oldu\u011fumuzu, insanl\u0131q \u0259leyhin\u0259 h\u0259rbi cinay\u0259tl\u0259rin\u0259 g\u00f6r\u0259 Rusiyan\u0131n a\u011f\u0131r \u015f\u0259kild\u0259 c\u0259zaland\u0131rmas\u0131na t\u0259l\u0259b ed\u0259n t\u0259r\u0259qqip\u0259rv\u0259r b\u0259\u015f\u0259riyy\u0259tl\u0259 h\u0259mfikir oldu\u011fumuzu b\u0259yan edirik.<\/p>\n<p>&nbsp;<\/p>\n<p>Ukraynan\u0131 yaln\u0131z\u00a0 44 g\u00fcnl\u00fck m\u00fcharib\u0259d\u0259 Az\u0259rbaycana d\u0259st\u0259k verdiyi \u00fc\u00e7\u00fcn yox, h\u0259m d\u0259 haql\u0131 oldu\u011fu, \u00f6z \u00f6lk\u0259sinin \u0259razi b\u00fct\u00f6vl\u00fcy\u00fc, azadl\u0131\u011f\u0131 namin\u0259 d\u00f6y\u00fc\u015fd\u00fcy\u00fc \u00fc\u00e7\u00fcn d\u0259st\u0259kl\u0259yirik. Ukraynaya d\u0259st\u0259k, h\u0259m d\u0259 Az\u0259rbaycan \u00fc\u00e7\u00fcn d\u0259 \u00e7ox vacib olan beyn\u0259lxalq h\u00fcquqa, \u0259razi b\u00fct\u00f6vl\u00fcy\u00fc prinsipin\u0259, demokratiyaya d\u0259st\u0259kdir. Ukraynaya q\u0259l\u0259b\u0259 arzulay\u0131r\u0131q&#8221;.<\/p>\n<p>&nbsp;<\/p>\n<p>Qeyd ed\u0259k ki, &#8220;Promotey&#8221; t\u0259\u015fkilat\u0131na az\u0259rbaycanl\u0131 siyasi m\u00fchacir Eld\u0259niz Yusibov r\u0259hb\u0259rlik edir.<\/p>\n<p>&nbsp;<\/p>\n<p>Basta<\/p>\n","protected":false},"excerpt":{"rendered":"<p>Az\u0259rbaycanl\u0131 m\u00fchacirl\u0259rin birl\u0259\u015fdiyi &#8220;Promotey&#8221; t\u0259\u015fkilat\u0131\u00a0 Rusiyan\u0131n Ukraynan\u0131 i\u015f\u011fal etm\u0259k c\u0259hdi il\u0259 ba\u011fl\u0131 b\u0259yanat yay\u0131b. &nbsp; T\u0259\u015fkilatdan &#8220;Basta&#8221;ya t\u0259qdim olunan s\u0259n\u0259dd\u0259<\/p>\n","protected":false},"author":1,"featured_media":12201,"comment_status":"closed","ping_status":"closed","sticky":false,"template":"","format":"standard","meta":{"_jetpack_memberships_contains_paid_content":false,"footnotes":""},"categories":[29,36],"tags":[],"class_list":["post-12200","post","type-post","status-publish","format-standard","has-post-thumbnail","hentry","category-manset","category-siyast"],"aioseo_notices":[],"jetpack_featured_media_url":"https:\/\/basta2.com\/wp-content\/uploads\/2022\/02\/Ukraina.png","jetpack_sharing_enabled":true,"_links":{"self":[{"href":"https:\/\/basta2.com\/index.php?rest_route=\/wp\/v2\/posts\/12200","targetHints":{"allow":["GET"]}}],"collection":[{"href":"https:\/\/basta2.com\/index.php?rest_route=\/wp\/v2\/posts"}],"about":[{"href":"https:\/\/basta2.com\/index.php?rest_route=\/wp\/v2\/types\/post"}],"author":[{"embeddable":true,"href":"https:\/\/basta2.com\/index.php?rest_route=\/wp\/v2\/users\/1"}],"replies":[{"embeddable":true,"href":"https:\/\/basta2.com\/index.php?rest_route=%2Fwp%2Fv2%2Fcomments&post=12200"}],"version-history":[{"count":1,"href":"https:\/\/basta2.com\/index.php?rest_route=\/wp\/v2\/posts\/12200\/revisions"}],"predecessor-version":[{"id":12202,"href":"https:\/\/basta2.com\/index.php?rest_route=\/wp\/v2\/posts\/12200\/revisions\/12202"}],"wp:featuredmedia":[{"embeddable":true,"href":"https:\/\/basta2.com\/index.php?rest_route=\/wp\/v2\/media\/12201"}],"wp:attachment":[{"href":"https:\/\/basta2.com\/index.php?rest_route=%2Fwp%2Fv2%2Fmedia&parent=12200"}],"wp:term":[{"taxonomy":"category","embeddable":true,"href":"https:\/\/basta2.com\/index.php?rest_route=%2Fwp%2Fv2%2Fcategories&post=12200"},{"taxonomy":"post_tag","embeddable":true,"href":"https:\/\/basta2.com\/index.php?rest_route=%2Fwp%2Fv2%2Ftags&post=12200"}],"curies":[{"name":"wp","href":"https:\/\/api.w.org\/{rel}","templated":true}]}}