{"id":12257,"date":"2022-02-28T21:33:13","date_gmt":"2022-02-28T18:33:13","guid":{"rendered":"http:\/\/basta2.com\/?p=12257"},"modified":"2022-02-28T22:06:27","modified_gmt":"2022-02-28T19:06:27","slug":"zelenskinin-partiyasi-musavatin-uzv-oldugu-ittifaqa-q%c9%99bul-olunur","status":"publish","type":"post","link":"https:\/\/basta2.com\/?p=12257","title":{"rendered":"Zelenskinin partiyas\u0131 M\u00fcsavat\u0131n \u00fczv oldu\u011fu ittifaqa q\u0259bul edilib"},"content":{"rendered":"<p>M\u00fcsavat Partiyas\u0131n\u0131n da \u00fczv oldu\u011fu Avropa Liberallar v\u0259 Demokratlar \u0130ttifaq\u0131n\u0131n (ALDE) r\u0259hb\u0259rliyi bug\u00fcnk\u00fc iclas\u0131nda prezident Zelenskinin qurucusu v\u0259 lideri oldu\u011fu Ukraynan\u0131n hakim \u201cXalq\u0131n Qulluq\u00e7usu&#8221; (Sluha Narodu) partiyas\u0131n\u0131n m\u00fcraci\u0259tin\u0259 baxaraq, m\u00fcv\u0259qq\u0259ti \u00fczvl\u00fck statusu verib.<\/p>\n<p>&nbsp;<\/p>\n<p>Bu haqda M\u00fcsavat ba\u015fqan\u0131n\u0131n m\u00fcavini S\u0259xav\u0259t Soltanl\u0131 m\u0259lumat verib.<\/p>\n<p>&nbsp;<\/p>\n<p>&#8220;M\u00fcsavat Partiyas\u0131 Ukrayna prezidenti q\u0259hr\u0259man Zelenskinin qurucusu v\u0259 lideri oldu\u011fu \u201cXalq\u0131n Qulluq\u00e7usu\u201d partiyas\u0131 il\u0259 b\u00f6y\u00fck ALDE ail\u0259sind\u0259 bir yerd\u0259 olmaqdan \u00e7ox m\u0259mnundur! \u201cXalq\u0131n Qulluq\u00e7usu\u201d partiyas\u0131n\u0131n ALDE-y\u0259 tam \u00fczvl\u00fck m\u0259s\u0259l\u0259sin\u0259 Dublind\u0259 ke\u00e7iril\u0259c\u0259k n\u00f6vb\u0259ti konqresd\u0259 bax\u0131lacaq. \u018fminlikl\u0259 dey\u0259 bil\u0259rik ki, m\u00fcsb\u0259t q\u0259rar veril\u0259c\u0259k! \u0421\u043b\u0430\u0432\u0430 \u0423\u043a\u0440\u0430\u0457\u043d\u0456!&#8221; &#8211; dey\u0259 S\u0259xav\u0259t Soltanl\u0131 vur\u011fulay\u0131b.<\/p>\n<p>&nbsp;<\/p>\n<p>Basta<\/p>\n<p>&nbsp;<\/p>\n","protected":false},"excerpt":{"rendered":"<p>M\u00fcsavat Partiyas\u0131n\u0131n da \u00fczv oldu\u011fu Avropa Liberallar v\u0259 Demokratlar \u0130ttifaq\u0131n\u0131n (ALDE) r\u0259hb\u0259rliyi bug\u00fcnk\u00fc iclas\u0131nda prezident Zelenskinin qurucusu v\u0259 lideri oldu\u011fu<\/p>\n","protected":false},"author":1,"featured_media":12146,"comment_status":"closed","ping_status":"closed","sticky":false,"template":"","format":"standard","meta":{"_jetpack_memberships_contains_paid_content":false,"footnotes":""},"categories":[29,36],"tags":[],"class_list":["post-12257","post","type-post","status-publish","format-standard","has-post-thumbnail","hentry","category-manset","category-siyast"],"aioseo_notices":[],"jetpack_featured_media_url":"https:\/\/basta2.com\/wp-content\/uploads\/2022\/02\/zelenski.jpg","jetpack_sharing_enabled":true,"_links":{"self":[{"href":"https:\/\/basta2.com\/index.php?rest_route=\/wp\/v2\/posts\/12257","targetHints":{"allow":["GET"]}}],"collection":[{"href":"https:\/\/basta2.com\/index.php?rest_route=\/wp\/v2\/posts"}],"about":[{"href":"https:\/\/basta2.com\/index.php?rest_route=\/wp\/v2\/types\/post"}],"author":[{"embeddable":true,"href":"https:\/\/basta2.com\/index.php?rest_route=\/wp\/v2\/users\/1"}],"replies":[{"embeddable":true,"href":"https:\/\/basta2.com\/index.php?rest_route=%2Fwp%2Fv2%2Fcomments&post=12257"}],"version-history":[{"count":3,"href":"https:\/\/basta2.com\/index.php?rest_route=\/wp\/v2\/posts\/12257\/revisions"}],"predecessor-version":[{"id":12261,"href":"https:\/\/basta2.com\/index.php?rest_route=\/wp\/v2\/posts\/12257\/revisions\/12261"}],"wp:featuredmedia":[{"embeddable":true,"href":"https:\/\/basta2.com\/index.php?rest_route=\/wp\/v2\/media\/12146"}],"wp:attachment":[{"href":"https:\/\/basta2.com\/index.php?rest_route=%2Fwp%2Fv2%2Fmedia&parent=12257"}],"wp:term":[{"taxonomy":"category","embeddable":true,"href":"https:\/\/basta2.com\/index.php?rest_route=%2Fwp%2Fv2%2Fcategories&post=12257"},{"taxonomy":"post_tag","embeddable":true,"href":"https:\/\/basta2.com\/index.php?rest_route=%2Fwp%2Fv2%2Ftags&post=12257"}],"curies":[{"name":"wp","href":"https:\/\/api.w.org\/{rel}","templated":true}]}}