{"id":12414,"date":"2022-03-09T06:22:55","date_gmt":"2022-03-09T03:22:55","guid":{"rendered":"http:\/\/basta2.com\/?p=12414"},"modified":"2022-03-09T06:24:44","modified_gmt":"2022-03-09T03:24:44","slug":"aleksey-arestovic-ukraynadaki-rus-ordusunun-sonu-catib","status":"publish","type":"post","link":"https:\/\/basta2.com\/?p=12414","title":{"rendered":"Aleksey Arestovi\u00e7: &#8220;Ukraynadak\u0131 rus ordusunun sonu \u00e7at\u0131b&#8221;"},"content":{"rendered":"<p><span style=\"font-size: 14pt; color: #000080;\">Aleksey Arestovi\u00e7, Ukraynan\u0131n Prezident Ofisi r\u0259hb\u0259rinin m\u00fc\u015faviri<\/span><\/p>\n<p>&nbsp;<\/p>\n<p>D\u00fcz\u00fcn\u00fc des\u0259m, m\u0259n bir h\u0259rb\u00e7i kimi Ukraynada rus ordusu \u00fc\u00e7\u00fcn he\u00e7 bir se\u00e7im g\u00f6rm\u00fcr\u0259m.<\/p>\n<p>&nbsp;<\/p>\n<p>Onlar h\u0259l\u0259 d\u0259 \u0259mrl\u0259rin \u0259tal\u0259ti il\u0259 h\u0259r\u0259k\u0259t edirl\u0259r, lakin yaln\u0131z tam axmaqlar 500 km m\u0259saf\u0259d\u0259 yerl\u0259\u015f\u0259n \u00a0d\u00f6rd b\u00f6y\u00fck \u015f\u0259h\u0259r aqlomerasiyas\u0131n\u0131 (Kiyev, Xarkov, Mariupol, Nikolaev)\u00a0 200 min qo\u015funla eyni vaxtda m\u00fchasir\u0259y\u0259 alma\u011fa c\u0259hd ed\u0259 bil\u0259rl\u0259r.<\/p>\n<p>&nbsp;<\/p>\n<p>Onlar h\u0259l\u0259 d\u0259 ehtiyatda olan \u0259sg\u0259rl\u0259ri \u00e7a\u011f\u0131rma\u011fa v\u0259 onlar\u0131 d\u00f6y\u00fc\u015f t\u0259limi ke\u00e7m\u0259d\u0259n (vaxt yoxdur) k\u00f6hn\u0259 texnika il\u0259 bura atma\u011fa \u00e7al\u0131\u015facaqlar &#8211; bu is\u0259 bizim s\u00fcng\u00fcl\u0259r \u00fc\u00e7\u00fcn s\u00fcrtk\u00fc ya\u011f\u0131 olacaq.<\/p>\n<p>&nbsp;<\/p>\n<p>Bundan ba\u015fqa\u00a0 \u201cKiyev\u0259 h\u00fccum\u201d, Xarkov v\u0259 Sum\u0131n\u0131 ay\u0131rmaq, Nikolayevi m\u00fchasir\u0259y\u0259 almaq c\u0259hdi d\u0259 olacaq, amma b\u00fct\u00fcn bunlar \u0259tal\u0259tdir.<\/p>\n<p>&nbsp;<\/p>\n<p>Onlar qorxaq &#8211; s\u00f6z\u00fcn \u0259n pis m\u0259nas\u0131nda qorxaq olmasayd\u0131lar, indi Rusiya Federasiyas\u0131nda bir general tap\u0131lard\u0131 ki, aya\u011fa qalx\u0131b h\u0259qiq\u0259ti Putin\u0259\u00a0 s\u00f6yl\u0259sin.<\/p>\n<p>&nbsp;<\/p>\n<p>Desin ki:<\/p>\n<p>&nbsp;<\/p>\n<p>&#8211; Tarlalarda dem\u0259k olar ki, tamamil\u0259 yoxa \u00e7\u0131xm\u0131\u015f Napoleon ordusuna \u00e7evrilm\u0259m\u0259k \u00fc\u00e7\u00fcn yegan\u0259 \u015fans\u0131m\u0131z Nikolaevd\u0259n d\u0259rhal geri \u00e7\u0259kilm\u0259k,\u00a0 Dneprin bu tay\u0131nda Enerqodara q\u0259d\u0259r m\u00f6vqe tutma\u011fa \u00e7al\u0131\u015fmaqd\u0131r.<\/p>\n<p>&nbsp;<\/p>\n<p>&#8211; Qo\u015funlar\u0131 Kiyev yax\u0131nl\u0131\u011f\u0131ndan \u00c7erniqov v\u0259 Sum\u0131 istiqam\u0259tin\u0259 aparmaq, Xarkovun a\u015fa\u011f\u0131s\u0131ndan &#8211; geriy\u0259, s\u0259rh\u0259d\u0259 do\u011fru\u00a0 \u00e7\u0259kilm\u0259kdir.<\/p>\n<p>&nbsp;<\/p>\n<p>&#8211; &#8220;OOS&#8221; zonas\u0131nda m\u00fcdafi\u0259y\u0259 ke\u00e7m\u0259kdir.<\/p>\n<p>&nbsp;<\/p>\n<p>&#8211; Tutulan \u0259razil\u0259rl\u0259 bazarl\u0131q etm\u0259k, Ukraynadan \u0259n az\u0131 sif\u0259ti itirm\u0259d\u0259n \u00e7\u0131xmaq \u00fc\u00e7\u00fcn bir yol axtarmaqd\u0131r.<\/p>\n<p>&nbsp;<\/p>\n<p>\u2014\u2014<\/p>\n<p>&nbsp;<\/p>\n<p>Amma problem ondad\u0131r ki, bu se\u00e7im d\u0259 onlara k\u00f6m\u0259k etm\u0259y\u0259c\u0259k.<\/p>\n<p>&nbsp;<\/p>\n<p>Birincisi, bel\u0259 bir general yoxdur. Bunun \u00fc\u00e7\u00fcn ki\u015filik t\u0259l\u0259b olunur, hans\u0131n\u0131 ki,\u00a0 Rusiya h\u0259rb\u00e7il\u0259ri \u00e7oxdan itiribl\u0259r.<\/p>\n<p>&nbsp;<\/p>\n<p>\u0130kincisi, o botokslu x\u0259st\u0259 qoca, \u00f6z\u00fcn\u00fc bunker\u0259 ba\u011flay\u0131b v\u0259 daha he\u00e7 kim\u0259 qulaq asm\u0131r. O, ilk n\u00f6vb\u0259d\u0259, rus xalq\u0131 \u00fc\u00e7\u00fcn z\u0259rb\u0259 olan \u0259m\u0259linin a\u011f\u0131rl\u0131\u011f\u0131 alt\u0131nda getdikc\u0259 daha \u00e7ox \u0259yilm\u0259kd\u0259dir.<\/p>\n<p>&nbsp;<\/p>\n<p>\u00dc\u00e7\u00fcnc\u00fcs\u00fc, bizim torpa\u011f\u0131m\u0131z\u0131n \u00f6z\u00fc bel\u0259 onlar\u0131 \u00e7ilik-\u00e7ilik ed\u0259c\u0259k, udacaq v\u0259 \u0259rid\u0259c\u0259k. Partizanlar v\u0259 k\u00f6n\u00fcll\u00fcl\u0259r, x\u00fcsusi t\u0259yinatl\u0131lar v\u0259 piyadalar, aviasiya v\u0259 desant, artilleriya v\u0259 raket qo\u015funlar\u0131 m\u00fcdafi\u0259y\u0259 ke\u00e7\u0259nl\u0259rin v\u0259 \u00e7\u0131xma\u011fa \u00e7al\u0131\u015fanlar\u0131n da ax\u0131r\u0131na \u00e7\u0131xacaq.<\/p>\n<p>&nbsp;<\/p>\n<p>Rus qo\u015funlar\u0131 art\u0131q \u0259tal\u0259tl\u0259 h\u0259r\u0259k\u0259t edir, onlar art\u0131q \u00f6ld\u00fckl\u0259rini\u00a0 h\u0259l\u0259 d\u0259rk etm\u0259yibl\u0259r.<\/p>\n<p>&nbsp;<\/p>\n<p>Anlamay\u0131blar ki, onlar\u0131 burul\u011fanlara sal\u0131b v\u0259\u00a0 azd\u0131r\u0131blar&#8230;<\/p>\n<p>&nbsp;<\/p>\n<p>Torpa\u011f\u0131n \u00f6z\u00fc bel\u0259 onlara qar\u015f\u0131 \u00fcsyan edib v\u0259 b\u00fct\u00fcn ehtimal n\u0259z\u0259riyy\u0259l\u0259ri d\u0259 onlardan \u00fcz d\u00f6nd\u0259rib.<\/p>\n<p>&nbsp;<\/p>\n<p>Ukraynadak\u0131 rus ordusunun sonu \u00e7at\u0131b.<\/p>\n<p>&nbsp;<\/p>\n<p>\u00d6vladlar\u0131n\u0131 qoyub d\u00f6y\u00fc\u015f\u0259 ged\u0259n v\u0259\u00a0 qay\u0131danda onlar\u0131 sa\u011f tap\u0131b-tapmayaca\u011f\u0131na \u0259min olmayan atalar onlar\u0131 ba\u011f\u0131\u015flamayacaqlar.<\/p>\n<p>&nbsp;<\/p>\n<p>Ba\u011f\u0131\u015flamayacaqlar v\u0259 buraxmayacaqlar.<\/p>\n<p>&nbsp;<\/p>\n<p>Burada \u00f6l\u00fcl\u0259r ordusunu \u015f\u0259r\u0259fli he\u00e7-he\u00e7\u0259 yox, xal \u00fcst\u00fcnl\u00fcy\u00fc il\u0259 bir raund d\u0259 yox, natural bir h\u0259rbi m\u0259\u011flubiyy\u0259t g\u00f6zl\u0259yir.<\/p>\n<p>&nbsp;<\/p>\n<p>Bu axmaqlar g\u00fcc g\u00f6st\u0259rib, m\u00fcmk\u00fcn q\u0259d\u0259r \u00e7ox \u015fey qamarlama\u011fa \u00e7al\u0131\u015f\u0131rd\u0131lar.<\/p>\n<p>&nbsp;<\/p>\n<p>N\u0259tic\u0259d\u0259 &#8211; n\u0259 \u0259lind\u0259 olan\u0131 saxlaya bilirl\u0259r, n\u0259 d\u0259 ir\u0259li ged\u0259.<\/p>\n<p>&nbsp;<\/p>\n<p>Kr\u0131mda q\u0259fild\u0259n m\u0259nzill\u0259rin sat\u0131\u015f\u0131na start verildiyind\u0259n x\u0259b\u0259riniz varm\u0131?<\/p>\n<p>&nbsp;<\/p>\n<p>Bilirsizmi ki, FSB zabitl\u0259rinin ail\u0259l\u0259rini t\u0259cili olaraq Kr\u0131mdan \u00e7\u0131xar\u0131blar?..<\/p>\n<p>&nbsp;<\/p>\n<p>Bu, onlar\u0131n sonudur. Qorxulu,\u00a0 d\u0259h\u015f\u0259tli, r\u00fcsvay\u00e7\u0131 bir sonluq. Tarixin \u00f6z\u00fcn\u00fc titr\u0259d\u0259c\u0259k bir sonluq.<\/p>\n<p>&nbsp;<\/p>\n<p>V\u0259 bu, imans\u0131z, qanl\u0131, qeyri-insani rejimin t\u0259bii final\u0131 olacaq.<\/p>\n<p>&nbsp;<\/p>\n<p>Xeyr, biz h\u0259l\u0259 bir m\u00fcdd\u0259t d\u0259 d\u00f6y\u00fc\u015fm\u0259li olacay\u0131q. V\u0259 h\u0259l\u0259 bir m\u00fcdd\u0259t d\u0259 qorxu ya\u015fanacaq, h\u0259l\u0259\u00a0 onlar bur az da ir\u0259lil\u0259y\u0259c\u0259kl\u0259r,\u00a0 Kiyev \u00fc\u00e7\u00fcn t\u0259hl\u00fck\u0259 yaradacaqlar, daha \u00e7ox hava v\u0259 raket z\u0259rb\u0259l\u0259ri endir\u0259c\u0259kl\u0259r v\u0259 bizim itkil\u0259rimiz d\u0259 h\u0259l\u0259 olacaq.<\/p>\n<p>&nbsp;<\/p>\n<p>Ancaq b\u00fct\u00fcn bu zombi h\u00fccumu, \u00f6l\u00fcl\u0259r ordusunun \u0259yal\u0259tind\u0259n ba\u015fqa bir \u015fey deyil.<\/p>\n<p>&nbsp;<\/p>\n<p>Biz sa\u011f\u0131q. V\u0259 diril\u0259r u\u011frunda\u00a0 m\u00fcbariz\u0259 apar\u0131r\u0131q. H\u0259yat u\u011frunda m\u00fcbariz\u0259.<\/p>\n<p>&nbsp;<\/p>\n<p>\u00d6l\u00fcl\u0259r ordusunun v\u0259 Ko\u015feyin sonuna az qal\u0131b.<\/p>\n<p>&nbsp;<\/p>\n<p>Onlar\u0131n m\u0259\u011flubiyy\u0259tinin tumurcuqlar\u0131 art\u0131q c\u00fcc\u0259rib.<\/p>\n<p>&nbsp;<\/p>\n<p>Bu tumurcuqlar bizim quraca\u011f\u0131m\u0131z yeni d\u00fcnyan\u0131n g\u00fcn\u0259\u015fi il\u0259 b\u00f6y\u00fcy\u0259c\u0259k. \u00d6z\u00fcn\u00fc imperiya kimi t\u0259s\u0259vv\u00fcr ed\u0259n q\u0259ddar, qeyri-insani bataql\u0131\u011f\u0131n minillik \u00fcfun\u0259tin\u0259 \u0259b\u0259di olaraq son qoyulacaq.<\/p>\n<p>&nbsp;<\/p>\n<p>&#8211; H\u0259r \u015fey Ukrayna olacaq.<\/p>\n<p>&nbsp;<\/p>\n<p><span style=\"color: #0000ff; font-size: 14pt;\">Yaz\u0131 Aleksey Arestovi\u00e7in feysbuk s\u0259hif\u0259sind\u0259n g\u00f6t\u00fcr\u00fcl\u00fcb.<\/span><\/p>\n<p>&nbsp;<\/p>\n<p><span style=\"color: #0000ff; font-size: 14pt;\">T\u0259rc\u00fcm\u0259: Mustafa Hac\u0131b\u0259yli\u00a0<\/span><\/p>\n<p>&nbsp;<\/p>\n<p>Basta<\/p>\n<p>&nbsp;<\/p>\n<p>&nbsp;<\/p>\n","protected":false},"excerpt":{"rendered":"<p>Aleksey Arestovi\u00e7, Ukraynan\u0131n Prezident Ofisi r\u0259hb\u0259rinin m\u00fc\u015faviri &nbsp; D\u00fcz\u00fcn\u00fc des\u0259m, m\u0259n bir h\u0259rb\u00e7i kimi Ukraynada rus ordusu \u00fc\u00e7\u00fcn he\u00e7 bir<\/p>\n","protected":false},"author":1,"featured_media":12415,"comment_status":"closed","ping_status":"closed","sticky":false,"template":"","format":"standard","meta":{"_jetpack_memberships_contains_paid_content":false,"footnotes":""},"categories":[29,36],"tags":[],"class_list":["post-12414","post","type-post","status-publish","format-standard","has-post-thumbnail","hentry","category-manset","category-siyast"],"aioseo_notices":[],"jetpack_featured_media_url":"https:\/\/basta2.com\/wp-content\/uploads\/2022\/03\/IMG_20220309_072036.jpg","jetpack_sharing_enabled":true,"_links":{"self":[{"href":"https:\/\/basta2.com\/index.php?rest_route=\/wp\/v2\/posts\/12414","targetHints":{"allow":["GET"]}}],"collection":[{"href":"https:\/\/basta2.com\/index.php?rest_route=\/wp\/v2\/posts"}],"about":[{"href":"https:\/\/basta2.com\/index.php?rest_route=\/wp\/v2\/types\/post"}],"author":[{"embeddable":true,"href":"https:\/\/basta2.com\/index.php?rest_route=\/wp\/v2\/users\/1"}],"replies":[{"embeddable":true,"href":"https:\/\/basta2.com\/index.php?rest_route=%2Fwp%2Fv2%2Fcomments&post=12414"}],"version-history":[{"count":2,"href":"https:\/\/basta2.com\/index.php?rest_route=\/wp\/v2\/posts\/12414\/revisions"}],"predecessor-version":[{"id":12417,"href":"https:\/\/basta2.com\/index.php?rest_route=\/wp\/v2\/posts\/12414\/revisions\/12417"}],"wp:featuredmedia":[{"embeddable":true,"href":"https:\/\/basta2.com\/index.php?rest_route=\/wp\/v2\/media\/12415"}],"wp:attachment":[{"href":"https:\/\/basta2.com\/index.php?rest_route=%2Fwp%2Fv2%2Fmedia&parent=12414"}],"wp:term":[{"taxonomy":"category","embeddable":true,"href":"https:\/\/basta2.com\/index.php?rest_route=%2Fwp%2Fv2%2Fcategories&post=12414"},{"taxonomy":"post_tag","embeddable":true,"href":"https:\/\/basta2.com\/index.php?rest_route=%2Fwp%2Fv2%2Ftags&post=12414"}],"curies":[{"name":"wp","href":"https:\/\/api.w.org\/{rel}","templated":true}]}}