{"id":1247,"date":"2020-08-07T17:02:36","date_gmt":"2020-08-07T14:02:36","guid":{"rendered":"http:\/\/basta2.com\/?p=1247"},"modified":"2020-08-07T17:02:40","modified_gmt":"2020-08-07T14:02:40","slug":"iki-axcp-f%c9%99ali-saxlanilib","status":"publish","type":"post","link":"https:\/\/basta2.com\/?p=1247","title":{"rendered":"\u0130ki AXCP f\u0259al\u0131 saxlan\u0131l\u0131b"},"content":{"rendered":"\n<p>Avqustun 7-d\u0259 Xalq C\u0259bh\u0259si Partiyas\u0131n\u0131n daha iki f\u0259al\u0131 saxlan\u0131l\u0131b \u2013 X\u0259tai rayon t\u0259\u015fkilat\u0131n\u0131n \u00fczv\u00fc Tural Ataki\u015fiyev Bak\u0131da, \u018flis\u0259fa \u0130sayev is\u0259 Q\u0259b\u0259l\u0259d\u0259 saxlan\u0131l\u0131b.<\/p>\n\n\n\n<p>AXCP-d\u0259 onlar\u0131n 14-15 iyul n\u00fcmayi\u015fl\u0259rind\u0259 i\u015ftirak etdikl\u0259rin\u0259 g\u00f6r\u0259 saxlan\u0131ld\u0131qlar\u0131n\u0131 hesab edirl\u0259r. Bu hadis\u0259l\u0259rl\u0259 ba\u011fl\u0131 buna q\u0259d\u0259r 45 partiya f\u0259al\u0131 saxlan\u0131l\u0131b. Onlar\u0131n 17-si cinay\u0259t m\u0259suliyy\u0259tin\u0259 c\u0259lb edilib, 15 n\u0259f\u0259r inzibati qaydada h\u0259bs edilib. 13 n\u0259f\u0259r dindirildikd\u0259n sonra s\u0259rb\u0259st burax\u0131l\u0131b.<\/p>\n\n\n\n<p>Bundan ba\u015fqa, iyulun 15-d\u0259n \u0259vv\u0259l h\u0259bs edilmi\u015f 10 AXCP \u00fczv\u00fc d\u0259 h\u0259l\u0259 h\u0259bsxanalardad\u0131r, onlar siyasi m\u0259hbus kimi tan\u0131n\u0131b.<\/p>\n\n\n\n<p><\/p>\n","protected":false},"excerpt":{"rendered":"<p>Avqustun 7-d\u0259 Xalq C\u0259bh\u0259si Partiyas\u0131n\u0131n daha iki f\u0259al\u0131 saxlan\u0131l\u0131b \u2013 X\u0259tai rayon t\u0259\u015fkilat\u0131n\u0131n \u00fczv\u00fc Tural Ataki\u015fiyev Bak\u0131da, \u018flis\u0259fa \u0130sayev is\u0259<\/p>\n","protected":false},"author":1,"featured_media":1248,"comment_status":"open","ping_status":"open","sticky":false,"template":"","format":"standard","meta":{"_jetpack_memberships_contains_paid_content":false,"footnotes":""},"categories":[29],"tags":[],"class_list":["post-1247","post","type-post","status-publish","format-standard","has-post-thumbnail","hentry","category-manset"],"aioseo_notices":[],"jetpack_featured_media_url":"https:\/\/basta2.com\/wp-content\/uploads\/2020\/08\/axcp-feallar.jpg","jetpack_sharing_enabled":true,"_links":{"self":[{"href":"https:\/\/basta2.com\/index.php?rest_route=\/wp\/v2\/posts\/1247","targetHints":{"allow":["GET"]}}],"collection":[{"href":"https:\/\/basta2.com\/index.php?rest_route=\/wp\/v2\/posts"}],"about":[{"href":"https:\/\/basta2.com\/index.php?rest_route=\/wp\/v2\/types\/post"}],"author":[{"embeddable":true,"href":"https:\/\/basta2.com\/index.php?rest_route=\/wp\/v2\/users\/1"}],"replies":[{"embeddable":true,"href":"https:\/\/basta2.com\/index.php?rest_route=%2Fwp%2Fv2%2Fcomments&post=1247"}],"version-history":[{"count":1,"href":"https:\/\/basta2.com\/index.php?rest_route=\/wp\/v2\/posts\/1247\/revisions"}],"predecessor-version":[{"id":1249,"href":"https:\/\/basta2.com\/index.php?rest_route=\/wp\/v2\/posts\/1247\/revisions\/1249"}],"wp:featuredmedia":[{"embeddable":true,"href":"https:\/\/basta2.com\/index.php?rest_route=\/wp\/v2\/media\/1248"}],"wp:attachment":[{"href":"https:\/\/basta2.com\/index.php?rest_route=%2Fwp%2Fv2%2Fmedia&parent=1247"}],"wp:term":[{"taxonomy":"category","embeddable":true,"href":"https:\/\/basta2.com\/index.php?rest_route=%2Fwp%2Fv2%2Fcategories&post=1247"},{"taxonomy":"post_tag","embeddable":true,"href":"https:\/\/basta2.com\/index.php?rest_route=%2Fwp%2Fv2%2Ftags&post=1247"}],"curies":[{"name":"wp","href":"https:\/\/api.w.org\/{rel}","templated":true}]}}