{"id":12523,"date":"2022-03-16T20:43:08","date_gmt":"2022-03-16T17:43:08","guid":{"rendered":"http:\/\/basta2.com\/?p=12523"},"modified":"2022-03-16T20:43:08","modified_gmt":"2022-03-16T17:43:08","slug":"bayden-ukraynanin-hava-m%c9%99kaninin-qorunmasi-ucun-800-milyon-dollar-ayirdi","status":"publish","type":"post","link":"https:\/\/basta2.com\/?p=12523","title":{"rendered":"Bayden Ukraynan\u0131n hava m\u0259kan\u0131n\u0131n qorunmas\u0131 \u00fc\u00e7\u00fcn 800 milyon dollar ay\u0131rd\u0131"},"content":{"rendered":"<p>Rusiya iqtisadiyyat\u0131na t\u0259zyiql\u0259ri davam etdir\u0259c\u0259kl\u0259rini ifad\u0259 ed\u0259n AB\u015e prezidenti Co Bayden deyib ki, Rusiya prezidenti Vladimir Putinin \u00f6z \u0259m\u0259ll\u0259rinin b\u0259d\u0259lini \u00f6d\u0259yib m\u00f6vqeyini itirm\u0259si \u00fc\u00e7\u00fcn \u0259lind\u0259n g\u0259l\u0259ni ed\u0259c\u0259k.<\/p>\n<p>&nbsp;<\/p>\n<p>Baydenin a\u00e7\u0131qlamalar\u0131 bel\u0259dir:<\/p>\n<p>&nbsp;<\/p>\n<p>&#8220;Biz q\u0259tiyy\u0259tliyik, Putin bunun \u0259v\u0259zini \u00e7ox a\u011f\u0131r \u00f6d\u0259y\u0259c\u0259k. Qar\u015f\u0131dak\u0131 g\u00fcnl\u0259rd\u0259 daha da \u00e7ox i\u015fl\u0259r g\u00f6r\u0259c\u0259yik. Biz Rusiya iqtisadiyyat\u0131n\u0131n belini q\u0131r\u0131r\u0131q. Biz t\u0259min ed\u0259c\u0259yik ki, Putin he\u00e7 vaxt Ukraynada q\u0259l\u0259b\u0259 qazanmayacaq. Biz Putinin i\u015f\u011fal t\u0259hdidini \u00e7ox ciddi q\u0259bul etdik. M\u0259n Ukraynan\u0131n t\u0259hl\u00fck\u0259sizliyini t\u0259min etm\u0259k \u00fc\u00e7\u00fcn yeni \u0259mr verdim, s\u0259lahiyy\u0259timd\u0259n istifad\u0259 ed\u0259r\u0259k 800 milyon dollarl\u0131q yeni d\u0259st\u0259k paketi ay\u0131rd\u0131m. Bu yard\u0131mla Ukrayna \u00f6z hava m\u0259kan\u0131n\u0131 qoruya bil\u0259c\u0259k&#8221;.<\/p>\n<p>&nbsp;<\/p>\n<p>Basta<\/p>\n","protected":false},"excerpt":{"rendered":"<p>Rusiya iqtisadiyyat\u0131na t\u0259zyiql\u0259ri davam etdir\u0259c\u0259kl\u0259rini ifad\u0259 ed\u0259n AB\u015e prezidenti Co Bayden deyib ki, Rusiya prezidenti Vladimir Putinin \u00f6z \u0259m\u0259ll\u0259rinin b\u0259d\u0259lini<\/p>\n","protected":false},"author":1,"featured_media":12524,"comment_status":"closed","ping_status":"closed","sticky":false,"template":"","format":"standard","meta":{"_jetpack_memberships_contains_paid_content":false,"footnotes":""},"categories":[30,29],"tags":[],"class_list":["post-12523","post","type-post","status-publish","format-standard","has-post-thumbnail","hentry","category-gundm","category-manset"],"aioseo_notices":[],"jetpack_featured_media_url":"https:\/\/basta2.com\/wp-content\/uploads\/2022\/03\/bayden-4.jpg","jetpack_sharing_enabled":true,"_links":{"self":[{"href":"https:\/\/basta2.com\/index.php?rest_route=\/wp\/v2\/posts\/12523","targetHints":{"allow":["GET"]}}],"collection":[{"href":"https:\/\/basta2.com\/index.php?rest_route=\/wp\/v2\/posts"}],"about":[{"href":"https:\/\/basta2.com\/index.php?rest_route=\/wp\/v2\/types\/post"}],"author":[{"embeddable":true,"href":"https:\/\/basta2.com\/index.php?rest_route=\/wp\/v2\/users\/1"}],"replies":[{"embeddable":true,"href":"https:\/\/basta2.com\/index.php?rest_route=%2Fwp%2Fv2%2Fcomments&post=12523"}],"version-history":[{"count":1,"href":"https:\/\/basta2.com\/index.php?rest_route=\/wp\/v2\/posts\/12523\/revisions"}],"predecessor-version":[{"id":12525,"href":"https:\/\/basta2.com\/index.php?rest_route=\/wp\/v2\/posts\/12523\/revisions\/12525"}],"wp:featuredmedia":[{"embeddable":true,"href":"https:\/\/basta2.com\/index.php?rest_route=\/wp\/v2\/media\/12524"}],"wp:attachment":[{"href":"https:\/\/basta2.com\/index.php?rest_route=%2Fwp%2Fv2%2Fmedia&parent=12523"}],"wp:term":[{"taxonomy":"category","embeddable":true,"href":"https:\/\/basta2.com\/index.php?rest_route=%2Fwp%2Fv2%2Fcategories&post=12523"},{"taxonomy":"post_tag","embeddable":true,"href":"https:\/\/basta2.com\/index.php?rest_route=%2Fwp%2Fv2%2Ftags&post=12523"}],"curies":[{"name":"wp","href":"https:\/\/api.w.org\/{rel}","templated":true}]}}