{"id":13046,"date":"2022-04-26T14:10:31","date_gmt":"2022-04-26T11:10:31","guid":{"rendered":"http:\/\/basta2.com\/?p=13046"},"modified":"2022-04-26T15:55:32","modified_gmt":"2022-04-26T12:55:32","slug":"motosikletcini-doy%c9%99n-m%c9%99mur-h%c9%99bs-edildi-yenil%c9%99nib-video","status":"publish","type":"post","link":"https:\/\/basta2.com\/?p=13046","title":{"rendered":"Motosiklet\u00e7ini d\u00f6y\u0259n m\u0259mur h\u0259bs edilm\u0259yib &#8211; YEN\u0130L\u018fN\u0130B + V\u0130DEO"},"content":{"rendered":"<h1 class=\"small-only\"><\/h1>\n<p>&nbsp;<\/p>\n<p>\u201cBak\u0131da yol verm\u0259diyi \u00fc\u00e7\u00fcn motosiklet s\u00fcr\u00fcc\u00fcs\u00fcn\u0259 g\u00fcc t\u0259tbiq ed\u0259n Sultan Dada\u015fovun saxlan\u0131lmas\u0131 bar\u0259d\u0259 he\u00e7 bir m\u0259lumat yoxdur\u201d.<\/p>\n<p>&nbsp;<\/p>\n<p>Bunu\u00a0<strong>Oxu.Az<\/strong>-a a\u00e7\u0131qlamas\u0131nda Daxili \u0130\u015fl\u0259r Nazirliyinin M\u0259tbuat Xidm\u0259tinin r\u0259isi Ehsan Zahidov bildirib.<\/p>\n<div class=\"AdviadNativeVideo\"><\/div>\n<p>O qeyd edib ki, haz\u0131rda hadis\u0259 il\u0259 ba\u011fl\u0131 ara\u015fd\u0131rma apar\u0131l\u0131r.<\/p>\n<p>&nbsp;<\/p>\n<p>***<\/p>\n<p>&nbsp;<\/p>\n<p>Bak\u0131da yol verm\u0259diyi \u00fc\u00e7\u00fcn moped s\u00fcr\u00fcc\u00fcn\u0259 g\u00fcc t\u0259tbiq ed\u0259n Sultan Dada\u015fov m\u0259hk\u0259m\u0259 qar\u015f\u0131s\u0131na \u00e7\u0131xar\u0131l\u0131b.<\/p>\n<p>&nbsp;<\/p>\n<p>APA-n\u0131n \u0259ld\u0259 etdiyi x\u0259b\u0259r\u0259 g\u00f6r\u0259, m\u0259hk\u0259m\u0259nin q\u0259rar\u0131 il\u0259 Sultan Dada\u015fov inzibati qaydada 25 sutka m\u00fcdd\u0259tin\u0259 h\u0259bs edilib.<\/p>\n<p>&nbsp;<\/p>\n<p><strong>14:12<\/strong><\/p>\n<p>&nbsp;<\/p>\n<p>\u00d6t\u0259n g\u00fcn Bak\u0131da motosiklet\u00e7iy\u0259 qar\u015f\u0131 xuliqanl\u0131q ed\u0259n Sultan Dada\u015fov saxlan\u0131l\u0131b.<\/p>\n<p>&nbsp;<\/p>\n<p>\u201cQafqazinfo\u201dnun \u0259ld\u0259 etdiyi m\u0259lumata g\u00f6r\u0259, onun bar\u0259sind\u0259 inzibati protokol t\u0259rtib edilib v\u0259 bax\u0131lmas\u0131 \u00fc\u00e7\u00fcn Yasamal Rayon M\u0259hk\u0259m\u0259sin\u0259 g\u00f6nd\u0259rilib.<\/p>\n<p>&nbsp;<\/p>\n<p>M\u0259hk\u0259m\u0259 g\u00fcn \u0259rzind\u0259 S.Dada\u015fov bar\u0259sind\u0259 q\u0259rar \u00e7\u0131xaracaq.<\/p>\n<p>&nbsp;<\/p>\n<p><strong>09:52<\/strong><\/p>\n<p>&nbsp;<\/p>\n<p>\u00d6t\u0259n g\u00fcn paytaxt \u0259razisind\u0259 motosiklet\u00e7iy\u0259 qar\u015f\u0131 xuliqanl\u0131q \u0259m\u0259li t\u00f6r\u0259d\u0259n \u201cLexus\u201d markal\u0131 avtomobilin s\u00fcr\u00fcc\u00fcs\u00fc il\u0259 ba\u011fl\u0131 b\u0259zi m\u0259qamlar \u00fcz\u0259 \u00e7\u0131x\u0131b.<\/p>\n<p>&nbsp;<\/p>\n<p>\u201cQafqazinfo\u201dnun \u0259ld\u0259 etdiyi m\u0259lumata g\u00f6r\u0259, aprelin 25-d\u0259 motoroller s\u00fcr\u00fcc\u00fcs\u00fcn\u00fc d\u00f6ym\u0259kl\u0259 h\u00fcquq pozuntusu t\u00f6r\u0259tmi\u015f Sultan Dada\u015fov \u0259vv\u0259ll\u0259r Prezident Saray\u0131n\u0131n t\u0259minat \u015f\u00f6b\u0259sinin m\u00fcdiri olub. O, 2022-ci ilin \u0259vv\u0259lind\u0259 v\u0259zif\u0259sind\u0259n azad olunaraq Prezidentin \u0130\u015fl\u0259r \u0130dar\u0259sind\u0259 inzibati xarakterli s\u0131ravi i\u015f\u0259 ke\u00e7irilib.<\/p>\n<p>&nbsp;<\/p>\n<p>Ehtimala g\u00f6r\u0259, ba\u015f vermi\u015f hadis\u0259d\u0259n sonra onun h\u0259tta inzibati i\u015fd\u0259 qalmas\u0131 bel\u0259 m\u00fcmk\u00fcn g\u00f6r\u00fcnm\u00fcr v\u0259 o, bu v\u0259zif\u0259d\u0259n d\u0259 azad olunacaq.<\/p>\n<p>Qeyd ed\u0259k ki, Sultan Dada\u015fovun t\u00f6r\u0259tdiyi hadis\u0259nin g\u00f6r\u00fcnt\u00fcl\u0259ri \u00f6t\u0259n g\u00fcn yay\u0131l\u0131b.<\/p>\n<p>&nbsp;<\/p>\n<article class=\"news\">\n<div class=\"news-inner\">\n<p>&nbsp;<\/p>\n<div><iframe loading=\"lazy\" src=\"https:\/\/player.baku.tv\/embed\/53354\" width=\"560\" height=\"315\" frameborder=\"0\" allowfullscreen=\"allowfullscreen\" data-mce-fragment=\"1\"><\/iframe><\/div>\n<\/div>\n<\/article>\n<h2 class=\"news-share-title\"><\/h2>\n<p>&nbsp;<\/p>\n","protected":false},"excerpt":{"rendered":"<p>&nbsp; \u201cBak\u0131da yol verm\u0259diyi \u00fc\u00e7\u00fcn motosiklet s\u00fcr\u00fcc\u00fcs\u00fcn\u0259 g\u00fcc t\u0259tbiq ed\u0259n Sultan Dada\u015fovun saxlan\u0131lmas\u0131 bar\u0259d\u0259 he\u00e7 bir m\u0259lumat yoxdur\u201d. &nbsp; Bunu\u00a0Oxu.Az-a<\/p>\n","protected":false},"author":1,"featured_media":13047,"comment_status":"closed","ping_status":"closed","sticky":false,"template":"","format":"standard","meta":{"_jetpack_memberships_contains_paid_content":false,"footnotes":""},"categories":[29,35],"tags":[],"class_list":["post-13046","post","type-post","status-publish","format-standard","has-post-thumbnail","hentry","category-manset","category-olk"],"aioseo_notices":[],"jetpack_featured_media_url":"https:\/\/basta2.com\/wp-content\/uploads\/2022\/04\/f4383f55-e964-4a3d-b48b-9e1eb8927259.jpg","jetpack_sharing_enabled":true,"_links":{"self":[{"href":"https:\/\/basta2.com\/index.php?rest_route=\/wp\/v2\/posts\/13046","targetHints":{"allow":["GET"]}}],"collection":[{"href":"https:\/\/basta2.com\/index.php?rest_route=\/wp\/v2\/posts"}],"about":[{"href":"https:\/\/basta2.com\/index.php?rest_route=\/wp\/v2\/types\/post"}],"author":[{"embeddable":true,"href":"https:\/\/basta2.com\/index.php?rest_route=\/wp\/v2\/users\/1"}],"replies":[{"embeddable":true,"href":"https:\/\/basta2.com\/index.php?rest_route=%2Fwp%2Fv2%2Fcomments&post=13046"}],"version-history":[{"count":2,"href":"https:\/\/basta2.com\/index.php?rest_route=\/wp\/v2\/posts\/13046\/revisions"}],"predecessor-version":[{"id":13052,"href":"https:\/\/basta2.com\/index.php?rest_route=\/wp\/v2\/posts\/13046\/revisions\/13052"}],"wp:featuredmedia":[{"embeddable":true,"href":"https:\/\/basta2.com\/index.php?rest_route=\/wp\/v2\/media\/13047"}],"wp:attachment":[{"href":"https:\/\/basta2.com\/index.php?rest_route=%2Fwp%2Fv2%2Fmedia&parent=13046"}],"wp:term":[{"taxonomy":"category","embeddable":true,"href":"https:\/\/basta2.com\/index.php?rest_route=%2Fwp%2Fv2%2Fcategories&post=13046"},{"taxonomy":"post_tag","embeddable":true,"href":"https:\/\/basta2.com\/index.php?rest_route=%2Fwp%2Fv2%2Ftags&post=13046"}],"curies":[{"name":"wp","href":"https:\/\/api.w.org\/{rel}","templated":true}]}}