{"id":13064,"date":"2022-04-27T14:18:05","date_gmt":"2022-04-27T11:18:05","guid":{"rendered":"http:\/\/basta2.com\/?p=13064"},"modified":"2022-04-27T14:18:05","modified_gmt":"2022-04-27T11:18:05","slug":"zaqatalada-b%c9%99l%c9%99diyy%c9%99-mulkiyy%c9%99tind%c9%99-olan-torpaqlari-satanlarin-m%c9%99hk%c9%99m%c9%99si-basladi","status":"publish","type":"post","link":"https:\/\/basta2.com\/?p=13064","title":{"rendered":"Zaqatalada b\u0259l\u0259diyy\u0259 m\u00fclkiyy\u0259tind\u0259 olan torpaqlar\u0131 satanlar\u0131n m\u0259hk\u0259m\u0259si ba\u015flad\u0131"},"content":{"rendered":"<h3><\/h3>\n<p>Zaqatala rayon B\u0259hm\u0259tli k\u0259nd b\u0259l\u0259diyy\u0259 s\u0259drinin qanunsuz \u0259m\u0259ll\u0259rin\u0259 dair rayon prokurorlu\u011funda Cinay\u0259t M\u0259c\u0259ll\u0259sinin m\u00fcvafiq madd\u0259l\u0259ri il\u0259 ba\u015flanm\u0131\u015f cinay\u0259t i\u015finin ibtidai istintaq\u0131 tamamlan\u0131b.<\/p>\n<p>&nbsp;<\/p>\n<p>Belediyye.net yaz\u0131r ki, Zaqatala rayon prokurorlu\u011fundan Trend-\u0259 veril\u0259n m\u0259lumata g\u00f6r\u0259, istintaqla b\u0259l\u0259diyy\u0259nin s\u0259dri H\u0259sr\u0259t Musayevin xidm\u0259ti v\u0259zif\u0259l\u0259rinin icras\u0131 il\u0259 \u0259laq\u0259dar \u00f6z qulluq s\u0259lahiyy\u0259tl\u0259rind\u0259n istifad\u0259 ed\u0259r\u0259k b\u0259l\u0259diyy\u0259 \u00fczvl\u0259rinin ad\u0131ndan saxta protokollar t\u0259rtib edilm\u0259sini t\u0259min ed\u0259r\u0259k, imzalay\u0131b t\u0259sdiql\u0259m\u0259kl\u0259 ayr\u0131-ayr\u0131 \u015f\u0259xsl\u0259r\u0259 b\u0259l\u0259diyy\u0259 m\u00fclkiyy\u0259tind\u0259 olan torpaqlar\u0131 satmas\u0131na v\u0259 ya icar\u0259y\u0259 verm\u0259sin\u0259 \u0259sasl\u0131 \u015f\u00fcbh\u0259l\u0259r m\u00fc\u0259yy\u0259n edilib.<\/p>\n<p>&nbsp;<\/p>\n<p>Bundan ba\u015fqa, B\u0259hm\u0259tli b\u0259l\u0259diyy\u0259sinin m\u00fchasibi P\u0259rinaz M\u0259mm\u0259dlinin H\u0259sr\u0259t Musayevin qanunsuz \u0259m\u0259ll\u0259rinin if\u015fa olunmas\u0131n\u0131n qar\u015f\u0131s\u0131n\u0131 almaq m\u0259qs\u0259di il\u0259 r\u0259smi s\u0259n\u0259d hesab olunan m\u0259xaric x\u0259zin\u0259 orderini t\u0259rtib ed\u0259r\u0259k imza etm\u0259kl\u0259 s\u0259n\u0259dl\u0259r\u0259 bil\u0259-bil\u0259 yalan m\u0259lumatlar\u0131 daxil edib v\u0259zif\u0259 saxtakarl\u0131\u011f\u0131 etm\u0259sin\u0259 \u015f\u00fcbh\u0259l\u0259r \u00fc\u00e7\u00fcn \u0259saslar m\u00fc\u0259yy\u0259n edilib.<\/p>\n<p>&nbsp;<\/p>\n<p>Toplanm\u0131\u015f s\u00fcbutlar \u0259sas\u0131nda H\u0259sr\u0259t Musayev Cinay\u0259t M\u0259c\u0259ll\u0259sinin 308.1 (v\u0259zif\u0259 s\u0259lahiyy\u0259tl\u0259rind\u0259n sui-istifad\u0259) v\u0259 313-c\u00fc (v\u0259zif\u0259 saxtakarl\u0131\u011f\u0131) madd\u0259l\u0259ri il\u0259, P\u0259rinaz M\u0259mm\u0259dli is\u0259 313-c\u00fc madd\u0259si il\u0259 t\u0259qsirl\u0259ndilir\u0259n \u015f\u0259xs qismind\u0259 c\u0259lb edilib.<\/p>\n<p>&nbsp;<\/p>\n<p>Haz\u0131rda cinay\u0259t i\u015fi bax\u0131lmas\u0131 \u00fc\u00e7\u00fcn aidiyy\u0259ti \u00fczr\u0259 rayon m\u0259hk\u0259m\u0259sin\u0259 g\u00f6nd\u0259rilib.<\/p>\n<p>&nbsp;<\/p>\n<p>&nbsp;<\/p>\n<p><strong>Belediyye.net<\/strong><\/p>\n","protected":false},"excerpt":{"rendered":"<p>Zaqatala rayon B\u0259hm\u0259tli k\u0259nd b\u0259l\u0259diyy\u0259 s\u0259drinin qanunsuz \u0259m\u0259ll\u0259rin\u0259 dair rayon prokurorlu\u011funda Cinay\u0259t M\u0259c\u0259ll\u0259sinin m\u00fcvafiq madd\u0259l\u0259ri il\u0259 ba\u015flanm\u0131\u015f cinay\u0259t i\u015finin ibtidai<\/p>\n","protected":false},"author":1,"featured_media":13065,"comment_status":"closed","ping_status":"closed","sticky":false,"template":"","format":"standard","meta":{"_jetpack_memberships_contains_paid_content":false,"footnotes":""},"categories":[29,35],"tags":[],"class_list":["post-13064","post","type-post","status-publish","format-standard","has-post-thumbnail","hentry","category-manset","category-olk"],"aioseo_notices":[],"jetpack_featured_media_url":"https:\/\/basta2.com\/wp-content\/uploads\/2022\/04\/ERA_CMS_IMG_98_1651052651.jpg","jetpack_sharing_enabled":true,"_links":{"self":[{"href":"https:\/\/basta2.com\/index.php?rest_route=\/wp\/v2\/posts\/13064","targetHints":{"allow":["GET"]}}],"collection":[{"href":"https:\/\/basta2.com\/index.php?rest_route=\/wp\/v2\/posts"}],"about":[{"href":"https:\/\/basta2.com\/index.php?rest_route=\/wp\/v2\/types\/post"}],"author":[{"embeddable":true,"href":"https:\/\/basta2.com\/index.php?rest_route=\/wp\/v2\/users\/1"}],"replies":[{"embeddable":true,"href":"https:\/\/basta2.com\/index.php?rest_route=%2Fwp%2Fv2%2Fcomments&post=13064"}],"version-history":[{"count":1,"href":"https:\/\/basta2.com\/index.php?rest_route=\/wp\/v2\/posts\/13064\/revisions"}],"predecessor-version":[{"id":13066,"href":"https:\/\/basta2.com\/index.php?rest_route=\/wp\/v2\/posts\/13064\/revisions\/13066"}],"wp:featuredmedia":[{"embeddable":true,"href":"https:\/\/basta2.com\/index.php?rest_route=\/wp\/v2\/media\/13065"}],"wp:attachment":[{"href":"https:\/\/basta2.com\/index.php?rest_route=%2Fwp%2Fv2%2Fmedia&parent=13064"}],"wp:term":[{"taxonomy":"category","embeddable":true,"href":"https:\/\/basta2.com\/index.php?rest_route=%2Fwp%2Fv2%2Fcategories&post=13064"},{"taxonomy":"post_tag","embeddable":true,"href":"https:\/\/basta2.com\/index.php?rest_route=%2Fwp%2Fv2%2Ftags&post=13064"}],"curies":[{"name":"wp","href":"https:\/\/api.w.org\/{rel}","templated":true}]}}