{"id":13096,"date":"2022-05-01T13:37:38","date_gmt":"2022-05-01T10:37:38","guid":{"rendered":"http:\/\/basta2.com\/?p=13096"},"modified":"2022-05-01T13:55:48","modified_gmt":"2022-05-01T10:55:48","slug":"astaranin-icra-bascisi-m%c9%99kt%c9%99bin-idman-meydancasini-%c9%99l%c9%99-kecirib","status":"publish","type":"post","link":"https:\/\/basta2.com\/?p=13096","title":{"rendered":"Astaran\u0131n \u0130cra ba\u015f\u00e7\u0131s\u0131 m\u0259kt\u0259bin idman meydan\u00e7as\u0131n\u0131 \u0259l\u0259 ke\u00e7irib?"},"content":{"rendered":"<p>Astara rayonunda\u00a0 Z.Bunyadov ad\u0131na 2 sayl\u0131 m\u0259kt\u0259b 2016-c\u0131 ild\u0259 \u0259sasl\u0131 t\u0259mir edils\u0259 d\u0259, t\u0259hsil m\u00fc\u0259ssis\u0259sinin idman meydancas\u0131 daha da yarars\u0131z hala sal\u0131n\u0131b.<\/p>\n<p>&nbsp;<\/p>\n<p>Bu haqda redaksiyam\u0131za rayon sakini, M\u00fcsavat Partiyas\u0131 Astara rayon t\u0259\u015fkilat\u0131n\u0131n s\u0259dri Tarif \u018fliyev yaz\u0131b.<\/p>\n<p>&nbsp;<\/p>\n<p>Tarif \u018fliyev qeyd edir ki, m\u0259kt\u0259b t\u0259z\u0259 sal\u0131nan bulvar\u0131n v\u0259 d\u0259nizin bir add\u0131ml\u0131\u011f\u0131nda yerl\u0259\u015fir. Bu s\u0259b\u0259bd\u0259n \u0259razinin yax\u0131nl\u0131\u011f\u0131nda villalar tikilm\u0259y\u0259 baslay\u0131b: &#8220;\u0130cra ba\u015f\u00e7\u0131s\u0131 Q\u0259z\u0259nf\u0259r Agayev \u00fc\u00e7un d\u0259 idman meydancas\u0131n\u0131n qurtaracaq hiss\u0259sind\u0259 villa tikildi. Ehtimal var ki, meydancan\u0131n \u0259razisin\u0259 d\u0259 giribl\u0259r. Pandemiya d\u00f6vr\u00fcnd\u0259 meydancada \u00e7oxlu agac \u0259kib park d\u00fcz\u0259ltm\u0259k ist\u0259dil\u0259r. \u0130dman meydan\u00e7as\u0131nda niy\u0259 park sal\u0131nmal\u0131d\u0131r? Bizim t\u0259kidimizl\u0259 M\u0259nzil \u0130stismar Sah\u0259sinin i\u015fcil\u0259ri agaclar\u0131 \u00e7\u0131xar\u0131b k\u0259narda \u0259kdil\u0259r&#8221;.<\/p>\n<p>&nbsp;<\/p>\n<p>Hal haz\u0131rda h\u0259min m\u0259kt\u0259bin usaqlar\u0131 asfalt\u0131n uz\u0259rind\u0259 futbol oynay\u0131rlar.<\/p>\n<p>&nbsp;<\/p>\n<p><img loading=\"lazy\" decoding=\"async\" class=\"alignnone size-full wp-image-13106\" src=\"https:\/\/basta2.com\/wp-content\/uploads\/2022\/05\/278543462_1078599816200203_6991746105295743094_n.jpg\" alt=\"\" width=\"1156\" height=\"534\" srcset=\"https:\/\/basta2.com\/wp-content\/uploads\/2022\/05\/278543462_1078599816200203_6991746105295743094_n.jpg 1156w, https:\/\/basta2.com\/wp-content\/uploads\/2022\/05\/278543462_1078599816200203_6991746105295743094_n-300x139.jpg 300w, https:\/\/basta2.com\/wp-content\/uploads\/2022\/05\/278543462_1078599816200203_6991746105295743094_n-1024x473.jpg 1024w, https:\/\/basta2.com\/wp-content\/uploads\/2022\/05\/278543462_1078599816200203_6991746105295743094_n-768x355.jpg 768w\" sizes=\"auto, (max-width: 1156px) 100vw, 1156px\" \/><\/p>\n<p>&nbsp;<\/p>\n<p>Tarif \u018fliyev bununla ba\u011fl\u0131 bir suallar suallar \u00fcnv\u00fcnlay\u0131b: &#8220;Niy\u0259 m\u0259kt\u0259b t\u0259mir edil\u0259nd\u0259n sonra idman meydancas\u0131 daha da yarars\u0131z v\u0259ziyy\u0259t\u0259 sal\u0131n\u0131b? \u0130kincisi, t\u0259mird\u0259n sonra idman meydancas\u0131 bu v\u0259ziyy\u0259td\u0259 oldu\u011fu halda, m\u0259kt\u0259b nec\u0259 t\u0259hvil verilib? \u00dc\u00e7\u00fcnc\u00fcs\u00fc, meydancada park sal\u0131nmas\u0131na kim g\u00f6st\u0259ri\u015f verib? D\u00f6rd\u00fcnc\u00fcs\u00fc, \u0130cra basc\u0131s\u0131n\u0131 villas\u0131n\u0131n p\u0259nc\u0259r\u0259sinin alt\u0131nda yerl\u0259\u015f\u0259n meydan\u00e7a niy\u0259 bu v\u0259ziyy\u0259td\u0259 olmal\u0131d\u0131? Bilavasit\u0259 onun maraqland\u0131\u011f\u0131, h\u0259ll etm\u0259li oldu\u011fu m\u0259s\u0259l\u0259 deyilmi?&#8221;<\/p>\n<p>&nbsp;<\/p>\n<p>Tarif \u018fliyev bildirib ki, Musavat\u0131n Astara rayon t\u0259skilat\u0131 bu bar\u0259d\u0259 icra ba\u015f\u00e7\u0131s\u0131na r\u0259smi m\u0259ktub g\u00f6nd\u0259rib. O, h\u0259min m\u0259ktubu v\u0259 icra hakimiyy\u0259tinin cavab\u0131n\u0131 redaksiyam\u0131za g\u00f6nd\u0259rib.<\/p>\n<p>&nbsp;<\/p>\n<p><img loading=\"lazy\" decoding=\"async\" class=\"alignnone size-full wp-image-13105\" src=\"https:\/\/basta2.com\/wp-content\/uploads\/2022\/05\/278306869_1328897277522329_507592071128540666_n.jpg\" alt=\"\" width=\"1156\" height=\"534\" srcset=\"https:\/\/basta2.com\/wp-content\/uploads\/2022\/05\/278306869_1328897277522329_507592071128540666_n.jpg 1156w, https:\/\/basta2.com\/wp-content\/uploads\/2022\/05\/278306869_1328897277522329_507592071128540666_n-300x139.jpg 300w, https:\/\/basta2.com\/wp-content\/uploads\/2022\/05\/278306869_1328897277522329_507592071128540666_n-1024x473.jpg 1024w, https:\/\/basta2.com\/wp-content\/uploads\/2022\/05\/278306869_1328897277522329_507592071128540666_n-768x355.jpg 768w\" sizes=\"auto, (max-width: 1156px) 100vw, 1156px\" \/><\/p>\n<p>&nbsp;<\/p>\n<p>M\u00fcsavat funksionerinin s\u00f6zl\u0259rin\u0259 g\u00f6r\u0259, \u0130cra Hakimiyy\u0259tinin m\u0259ktubunda bir s\u0131ra m\u0259s\u0259l\u0259l\u0259r\u0259 cavab verilib, amma m\u0259kt\u0259bin idman meydan\u00e7as\u0131 haqq\u0131nda yaz\u0131lanlar\u0131n \u00fcst\u00fcnd\u0259n s\u00fckutla ke\u00e7ibl\u0259r.<\/p>\n<p>&nbsp;<\/p>\n<p>Q\u0259z\u0259nf\u0259r A\u011fayev\u00a0 1961-ci ild\u0259 Nax\u00e7\u0131vanda anadan olub. Bundan \u0259vv\u0259l\u00a0 Yard\u0131ml\u0131 v\u0259 Masall\u0131 rayonlar\u0131nda \u0130cra ba\u015f\u00e7\u0131s\u0131 olub.\u00a0 2012-ci ild\u0259n\u00a0 Astara rayonunun \u0130cra ba\u015f\u00e7\u0131s\u0131d\u0131r.<\/p>\n<p>&nbsp;<\/p>\n<p>Basta<\/p>\n","protected":false},"excerpt":{"rendered":"<p>Astara rayonunda\u00a0 Z.Bunyadov ad\u0131na 2 sayl\u0131 m\u0259kt\u0259b 2016-c\u0131 ild\u0259 \u0259sasl\u0131 t\u0259mir edils\u0259 d\u0259, t\u0259hsil m\u00fc\u0259ssis\u0259sinin idman meydancas\u0131 daha da yarars\u0131z<\/p>\n","protected":false},"author":1,"featured_media":13107,"comment_status":"closed","ping_status":"closed","sticky":false,"template":"","format":"standard","meta":{"_jetpack_memberships_contains_paid_content":false,"footnotes":""},"categories":[29,35],"tags":[],"class_list":["post-13096","post","type-post","status-publish","format-standard","has-post-thumbnail","hentry","category-manset","category-olk"],"aioseo_notices":[],"jetpack_featured_media_url":"https:\/\/basta2.com\/wp-content\/uploads\/2022\/05\/qezenfer-agayev-astara.png","jetpack_sharing_enabled":true,"_links":{"self":[{"href":"https:\/\/basta2.com\/index.php?rest_route=\/wp\/v2\/posts\/13096","targetHints":{"allow":["GET"]}}],"collection":[{"href":"https:\/\/basta2.com\/index.php?rest_route=\/wp\/v2\/posts"}],"about":[{"href":"https:\/\/basta2.com\/index.php?rest_route=\/wp\/v2\/types\/post"}],"author":[{"embeddable":true,"href":"https:\/\/basta2.com\/index.php?rest_route=\/wp\/v2\/users\/1"}],"replies":[{"embeddable":true,"href":"https:\/\/basta2.com\/index.php?rest_route=%2Fwp%2Fv2%2Fcomments&post=13096"}],"version-history":[{"count":5,"href":"https:\/\/basta2.com\/index.php?rest_route=\/wp\/v2\/posts\/13096\/revisions"}],"predecessor-version":[{"id":13110,"href":"https:\/\/basta2.com\/index.php?rest_route=\/wp\/v2\/posts\/13096\/revisions\/13110"}],"wp:featuredmedia":[{"embeddable":true,"href":"https:\/\/basta2.com\/index.php?rest_route=\/wp\/v2\/media\/13107"}],"wp:attachment":[{"href":"https:\/\/basta2.com\/index.php?rest_route=%2Fwp%2Fv2%2Fmedia&parent=13096"}],"wp:term":[{"taxonomy":"category","embeddable":true,"href":"https:\/\/basta2.com\/index.php?rest_route=%2Fwp%2Fv2%2Fcategories&post=13096"},{"taxonomy":"post_tag","embeddable":true,"href":"https:\/\/basta2.com\/index.php?rest_route=%2Fwp%2Fv2%2Ftags&post=13096"}],"curies":[{"name":"wp","href":"https:\/\/api.w.org\/{rel}","templated":true}]}}