{"id":13392,"date":"2022-05-23T14:37:46","date_gmt":"2022-05-23T11:37:46","guid":{"rendered":"http:\/\/basta2.com\/?p=13392"},"modified":"2022-05-23T14:37:46","modified_gmt":"2022-05-23T11:37:46","slug":"musavat-mayin-28-d%c9%99-bayram-mitinqi-kecir%c9%99c%c9%99k","status":"publish","type":"post","link":"https:\/\/basta2.com\/?p=13392","title":{"rendered":"M\u00fcsavat may\u0131n 28-d\u0259 bayram mitinqi ke\u00e7ir\u0259c\u0259k"},"content":{"rendered":"<p>May\u0131n 23-d\u0259 M\u00fcsavat Partiyas\u0131 Divan\u0131n\u0131n n\u00f6vb\u0259ti iclas\u0131 ke\u00e7irilib. Partiyan\u0131n m\u0259tbuat xidm\u0259tind\u0259n veril\u0259n m\u0259lumata g\u00f6r\u0259, iclasda \u0259vv\u0259lc\u0259 t\u0259\u015fkilati m\u0259s\u0259l\u0259l\u0259r m\u00fczakir\u0259 olunub,\u00a0 S\u0259bail, \u015e\u0259ki, Zaqatala, Qax, Q\u0259b\u0259l\u0259 v\u0259 Ab\u015feron rayon t\u0259\u015fkilatlar\u0131nda ke\u00e7iril\u0259n hesabat se\u00e7ki y\u0131\u011f\u0131ncaqlar\u0131 bar\u0259d\u0259 m\u0259lumat dinl\u0259nilib.<\/p>\n<p>Br\u00fcsseld\u0259 Avropa \u0130ttifaq\u0131n\u0131n vasit\u0259\u00e7iliyi il\u0259 Az\u0259rbaycan v\u0259 Erm\u0259nistan d\u00f6vl\u0259t ba\u015f\u00e7\u0131lar\u0131 aras\u0131nda may\u0131n 22-d\u0259 apar\u0131lan s\u00fclh dan\u0131\u015f\u0131qlar\u0131 bar\u0259d\u0259 m\u0259lumat verilib. M\u00fcsavat dan\u0131\u015f\u0131qlar\u0131n Rusiyan\u0131n i\u015ftirak\u0131 olmadan davam etdirilm\u0259sini v\u0259 \u0259ld\u0259 olunan raz\u0131la\u015fmalar bar\u0259d\u0259 \u0259haliy\u0259 m\u0259lumat verilm\u0259sini t\u0259l\u0259b edir.<\/p>\n<p>Hakimiyy\u0259t n\u00fcmay\u0259nd\u0259l\u0259rinin M\u00fcsavat ba\u015fqan\u0131n\u0131n m\u00fcavini F\u0259r\u0259c K\u0259rimliy\u0259 qar\u015f\u0131 \u0259sass\u0131z\u00a0 ittihamlar\u0131 pisl\u0259nilib.<\/p>\n<p>Az\u0259rbaycan hakimiyy\u0259tinin raz\u0131l\u0131\u011f\u0131 olmadan Xank\u0259ndind\u0259 daha bir heyk\u0259lin qoyulmas\u0131 Qaraba\u011fda s\u00fcni sur\u0259td\u0259 Rusiya &#8220;izl\u0259rinin&#8221; art\u0131r\u0131lmas\u0131na\u00a0 xidm\u0259t ed\u0259n add\u0131m kimi qiym\u0259tl\u0259ndirilib, r\u0259smi Bak\u0131dan bu m\u0259s\u0259l\u0259d\u0259 prinsipial m\u00f6vqe t\u0259l\u0259b edilib.<\/p>\n<p>May\u0131n 28-d\u0259 saat 12:00-da Novxan\u0131da\u00a0 M\u0259h\u0259mm\u0259d \u018fmin\u00a0 R\u0259sulzad\u0259nin heyk\u0259li qar\u015f\u0131s\u0131nda bayram mitinqinin ke\u00e7irilm\u0259si bar\u0259d\u0259 q\u0259rar q\u0259bul edilib.<\/p>\n<p>Rusiyan\u0131n Ukraynaya qar\u015f\u0131 h\u0259rbi t\u0259cav\u00fcz\u00fc v\u0259 Donbasdak\u0131 son durum bar\u0259d\u0259 fikir m\u00fcbadil\u0259si apar\u0131l\u0131b.<\/p>\n<p>Sonda cari m\u0259s\u0259l\u0259l\u0259r m\u00fczakir\u0259 olunub.<\/p>\n<p>&nbsp;<\/p>\n<p>Basta<\/p>\n<p>&nbsp;<\/p>\n","protected":false},"excerpt":{"rendered":"<p>May\u0131n 23-d\u0259 M\u00fcsavat Partiyas\u0131 Divan\u0131n\u0131n n\u00f6vb\u0259ti iclas\u0131 ke\u00e7irilib. Partiyan\u0131n m\u0259tbuat xidm\u0259tind\u0259n veril\u0259n m\u0259lumata g\u00f6r\u0259, iclasda \u0259vv\u0259lc\u0259 t\u0259\u015fkilati m\u0259s\u0259l\u0259l\u0259r m\u00fczakir\u0259 olunub,\u00a0<\/p>\n","protected":false},"author":1,"featured_media":6857,"comment_status":"closed","ping_status":"closed","sticky":false,"template":"","format":"standard","meta":{"_jetpack_memberships_contains_paid_content":false,"footnotes":""},"categories":[29,36],"tags":[],"class_list":["post-13392","post","type-post","status-publish","format-standard","has-post-thumbnail","hentry","category-manset","category-siyast"],"aioseo_notices":[],"jetpack_featured_media_url":"https:\/\/basta2.com\/wp-content\/uploads\/2021\/04\/Musavat-loqo-1.jpg","jetpack_sharing_enabled":true,"_links":{"self":[{"href":"https:\/\/basta2.com\/index.php?rest_route=\/wp\/v2\/posts\/13392","targetHints":{"allow":["GET"]}}],"collection":[{"href":"https:\/\/basta2.com\/index.php?rest_route=\/wp\/v2\/posts"}],"about":[{"href":"https:\/\/basta2.com\/index.php?rest_route=\/wp\/v2\/types\/post"}],"author":[{"embeddable":true,"href":"https:\/\/basta2.com\/index.php?rest_route=\/wp\/v2\/users\/1"}],"replies":[{"embeddable":true,"href":"https:\/\/basta2.com\/index.php?rest_route=%2Fwp%2Fv2%2Fcomments&post=13392"}],"version-history":[{"count":1,"href":"https:\/\/basta2.com\/index.php?rest_route=\/wp\/v2\/posts\/13392\/revisions"}],"predecessor-version":[{"id":13393,"href":"https:\/\/basta2.com\/index.php?rest_route=\/wp\/v2\/posts\/13392\/revisions\/13393"}],"wp:featuredmedia":[{"embeddable":true,"href":"https:\/\/basta2.com\/index.php?rest_route=\/wp\/v2\/media\/6857"}],"wp:attachment":[{"href":"https:\/\/basta2.com\/index.php?rest_route=%2Fwp%2Fv2%2Fmedia&parent=13392"}],"wp:term":[{"taxonomy":"category","embeddable":true,"href":"https:\/\/basta2.com\/index.php?rest_route=%2Fwp%2Fv2%2Fcategories&post=13392"},{"taxonomy":"post_tag","embeddable":true,"href":"https:\/\/basta2.com\/index.php?rest_route=%2Fwp%2Fv2%2Ftags&post=13392"}],"curies":[{"name":"wp","href":"https:\/\/api.w.org\/{rel}","templated":true}]}}