{"id":13470,"date":"2022-06-02T11:59:52","date_gmt":"2022-06-02T08:59:52","guid":{"rendered":"http:\/\/basta2.com\/?p=13470"},"modified":"2022-06-02T12:04:32","modified_gmt":"2022-06-02T09:04:32","slug":"agsuda-musavat-f%c9%99ali-h%c9%99bs-edilib","status":"publish","type":"post","link":"https:\/\/basta2.com\/?p=13470","title":{"rendered":"A\u011fsuda M\u00fcsavat f\u0259al\u0131 h\u0259bs edilib"},"content":{"rendered":"<div dir=\"auto\"><\/div>\n<div dir=\"auto\"><\/div>\n<div dir=\"auto\"><span style=\"font-family: 'times new roman', times, serif;\">M\u00fcsavat Partiyas\u0131 A\u011fsu rayon t\u0259\u015fkilat\u0131n\u0131n \u00fczv\u00fc, son se\u00e7kil\u0259rd\u0259 Agsudan deputatl\u0131\u011fa namiz\u0259d olmu\u015f Zabit B\u0259d\u0259lov A\u011fsu Rayon M\u0259hk\u0259m\u0259sinin q\u0259rar\u0131 il\u0259\u00a08 sutka h\u0259bs c\u0259zas\u0131na\u00a0 m\u0259hkum edib.<\/span><\/div>\n<div dir=\"auto\"><\/div>\n<div dir=\"auto\"><\/div>\n<div dir=\"auto\"><span style=\"font-family: 'times new roman', times, serif;\">H\u0259bs olunmazdan \u0259vv\u0259l Zabit B\u0259d\u0259lov \u00f6z\u00fcn\u00fcn feysbuk s\u0259hif\u0259sind\u0259 M\u00fcsavat partiyas\u0131n\u0131n \u00fczv\u00fc oldu\u011funa g\u00f6r\u0259 t\u0259zyiql\u0259rl\u0259 \u00fczl\u0259\u015fdiyini <a href=\"https:\/\/www.facebook.com\/zabit.bedelov.16\/posts\/568895934843122\">yaz\u0131b<\/a>:<\/span><\/div>\n<div dir=\"auto\"><\/div>\n<div dir=\"auto\"><\/div>\n<div dir=\"auto\"><span style=\"font-family: 'times new roman', times, serif;\">&#8220;M\u0259nim b\u0259zi banklara kredit borcum oldu\u011funa g\u00f6r\u0259 A\u011fsu rayon M\u0259hk\u0259m\u0259sinin Q\u0259rar\u0131na \u0259sas\u0259n m\u0259cburi qaydada A\u011fsu rayon \u0130cra v\u0259 Probasiya \u015f\u00f6b\u0259sin\u0259 aparmaq m\u0259qs\u0259di il\u0259 A\u011fsu rayon polis \u015f\u00f6b\u0259sinin \u0259m\u0259kda\u015flar\u0131 qap\u0131ya g\u0259lmi\u015fdil\u0259r. M\u0259n d\u0259 onlarla polis \u015f\u00f6b\u0259sin\u0259 getdim. 15-20 d\u0259qiq\u0259d\u0259n sonra m\u0259ni \u015f\u00f6b\u0259d\u0259n buraxd\u0131lar. Amma s\u0259h\u0259r saat 10-00 da A\u011fsu rayon \u0130cra v\u0259 Probasiya \u015f\u00f6b\u0259sind\u0259 olma\u011f\u0131m\u0131 bildirdil\u0259r. M\u0259hk\u0259m\u0259nin hakimi Anar \u018fsg\u0259rov icra m\u0259murunun t\u0259qdimat\u0131na \u0259sas\u0259n 18\/03-2022-ci ild\u0259 m\u0259hk\u0259m\u0259 iclas\u0131 ke\u00e7irilm\u0259si bar\u0259d\u0259 m\u0259n\u0259 bildiri\u015f g\u00f6nd\u0259rm\u0259yib. Q\u0259rardadda yaz\u0131b ki, m\u0259hm\u0259hk\u0259m\u0259y\u0259 \u00e7a\u011fr\u0131lma\u011f\u0131ma baxmayaraq, guya m\u0259hk\u0259m\u0259y\u0259 g\u0259lm\u0259mi\u015f\u0259m. Halbu ki, m\u0259n\u0259 m\u0259hk\u0259m\u0259d\u0259 n\u0259 vaxt olma\u011f\u0131m bar\u0259d\u0259 m\u0259lumat verm\u0259yib. H\u0259tta icra m\u0259muru m\u0259n\u0259 bildiri\u015f \u00fcnvanlamay\u0131b. Amma m\u0259hk\u0259m\u0259y\u0259 t\u0259qdimat verib ki,m\u0259n guya icra m\u0259murunun \u00e7a\u011fr\u0131\u015f\u0131na getm\u0259mi\u015f\u0259m. M\u0259n 30 mart 2022-ci ild\u0259 m\u0259hk\u0259m\u0259 q\u0259rar\u0131n al\u0131b m\u0259hk\u0259m\u0259y\u0259 yaz\u0131l\u0131 etraz m\u0259ktubu g\u00f6nd\u0259rmi\u015f\u0259m. M\u0259nd\u0259n M\u00fcsavat\u00e7\u0131 oldu\u011fumu soru\u015furlar. M\u0259n \u015e\u0259ki \u0130nzibati M\u0259hk\u0259m\u0259sinin 27 iyun 2018-ci il tarixd\u0259 M\u00fcdaf\u0259 Nazirliyin\u0259 qar\u015f\u0131 qald\u0131rd\u0131\u011f\u0131m iddian\u0131 t\u0259min etm\u0259si n\u0259tic\u0259sind\u0259 4 ildir ki, nazirlikd\u0259n kompensasiyan\u0131 ala bilmir\u0259m. Bu bar\u0259d\u0259 sonuncu d\u0259f\u0259 c\u0259nab Fuad \u018fl\u0259sg\u0259rova m\u00fcraci\u0259t etmi\u015f\u0259m. Bildirmi\u015f\u0259m ki, Bak\u0131 \u015f\u0259h\u0259r S\u0259bail rayon \u0130cra v\u0259 Probasiya \u015f\u00f6b\u0259sinin icra m\u0259muru Vasif H\u0259s\u0259nov q\u0259rar\u0131n icras\u0131n M\u00fcdafi\u0259 Nazirliyind\u0259n t\u0259l\u0259b etmir. M\u0259n 2020-ci ilin saxta deputat se\u00e7kil\u0259rind\u0259 i\u015ftrak etdiyim v\u0259 M\u00fcsavat Partiyas\u0131n\u0131n \u00fczv\u00fc oldu\u011fum \u00fc\u00e7\u00fcn m\u0259ni s\u0131x\u0131rlar. S\u0259h\u0259r y\u0259qin inzibati qaydada h\u0259bsim\u0259d\u0259 haz\u0131rl\u0131q gedir. Amma m\u0259ni kims\u0259 bu yoldan d\u00f6nd\u0259r\u0259 bilm\u0259z&#8221;.<\/span><\/div>\n<div dir=\"auto\"><\/div>\n<div dir=\"auto\"><\/div>\n<div dir=\"auto\"><span style=\"font-family: 'times new roman', times, serif;\">M\u00fcsavat Partiyas\u0131n\u0131n m\u0259tbuat xidm\u0259ti Zabit B\u0259d\u0259lovun h\u0259bsini qanunsuz say\u0131r v\u0259 onun d\u0259rhal azadl\u0131\u011fa burax\u0131lmas\u0131n\u0131 t\u0259l\u0259b edir.<\/span><\/div>\n<div dir=\"auto\"><\/div>\n<div dir=\"auto\"><\/div>\n<div dir=\"auto\"><span style=\"font-family: 'times new roman', times, serif;\">Basta<\/span><\/div>\n","protected":false},"excerpt":{"rendered":"<p>M\u00fcsavat Partiyas\u0131 A\u011fsu rayon t\u0259\u015fkilat\u0131n\u0131n \u00fczv\u00fc, son se\u00e7kil\u0259rd\u0259 Agsudan deputatl\u0131\u011fa namiz\u0259d olmu\u015f Zabit B\u0259d\u0259lov A\u011fsu Rayon M\u0259hk\u0259m\u0259sinin q\u0259rar\u0131 il\u0259\u00a08 sutka<\/p>\n","protected":false},"author":1,"featured_media":13472,"comment_status":"closed","ping_status":"closed","sticky":false,"template":"","format":"standard","meta":{"_jetpack_memberships_contains_paid_content":false,"footnotes":""},"categories":[30,29],"tags":[],"class_list":["post-13470","post","type-post","status-publish","format-standard","has-post-thumbnail","hentry","category-gundm","category-manset"],"aioseo_notices":[],"jetpack_featured_media_url":"https:\/\/basta2.com\/wp-content\/uploads\/2022\/06\/zabit-bedelov-1.jpg","jetpack_sharing_enabled":true,"_links":{"self":[{"href":"https:\/\/basta2.com\/index.php?rest_route=\/wp\/v2\/posts\/13470","targetHints":{"allow":["GET"]}}],"collection":[{"href":"https:\/\/basta2.com\/index.php?rest_route=\/wp\/v2\/posts"}],"about":[{"href":"https:\/\/basta2.com\/index.php?rest_route=\/wp\/v2\/types\/post"}],"author":[{"embeddable":true,"href":"https:\/\/basta2.com\/index.php?rest_route=\/wp\/v2\/users\/1"}],"replies":[{"embeddable":true,"href":"https:\/\/basta2.com\/index.php?rest_route=%2Fwp%2Fv2%2Fcomments&post=13470"}],"version-history":[{"count":3,"href":"https:\/\/basta2.com\/index.php?rest_route=\/wp\/v2\/posts\/13470\/revisions"}],"predecessor-version":[{"id":13475,"href":"https:\/\/basta2.com\/index.php?rest_route=\/wp\/v2\/posts\/13470\/revisions\/13475"}],"wp:featuredmedia":[{"embeddable":true,"href":"https:\/\/basta2.com\/index.php?rest_route=\/wp\/v2\/media\/13472"}],"wp:attachment":[{"href":"https:\/\/basta2.com\/index.php?rest_route=%2Fwp%2Fv2%2Fmedia&parent=13470"}],"wp:term":[{"taxonomy":"category","embeddable":true,"href":"https:\/\/basta2.com\/index.php?rest_route=%2Fwp%2Fv2%2Fcategories&post=13470"},{"taxonomy":"post_tag","embeddable":true,"href":"https:\/\/basta2.com\/index.php?rest_route=%2Fwp%2Fv2%2Ftags&post=13470"}],"curies":[{"name":"wp","href":"https:\/\/api.w.org\/{rel}","templated":true}]}}