{"id":13814,"date":"2022-07-04T15:47:22","date_gmt":"2022-07-04T12:47:22","guid":{"rendered":"http:\/\/basta2.com\/?p=13814"},"modified":"2022-07-04T15:47:22","modified_gmt":"2022-07-04T12:47:22","slug":"musavat-operativ-q%c9%99rargahdan-cavab-gozl%c9%99yir","status":"publish","type":"post","link":"https:\/\/basta2.com\/?p=13814","title":{"rendered":"M\u00fcsavat Operativ Q\u0259rargahdan cavab g\u00f6zl\u0259yir"},"content":{"rendered":"<p>\u0130yulun 4-d\u0259 M\u00fcsavat Partiyas\u0131 Divan\u0131n\u0131n n\u00f6vb\u0259ti iclas\u0131 ke\u00e7irilib. Partiyan\u0131n m\u0259tbuat xidm\u0259tind\u0259n veril\u0259n m\u0259lumata g\u00f6r\u0259, toplant\u0131da g\u00f6r\u00fcl\u0259n i\u015fl\u0259r bar\u0259d\u0259 m\u0259lumat verilib. M\u00fcsavat\u0131n X\u0131z\u0131 rayon t\u0259\u015fkilatlar\u0131nda ke\u00e7iril\u0259n hesabat-se\u00e7ki iclas\u0131 bar\u0259d\u0259 m\u0259lumat dinl\u0259nilib.<\/p>\n<p>Az\u0259rbaycan\u0131n quru s\u0259rh\u0259dl\u0259rinin a\u00e7\u0131lmas\u0131 t\u0259l\u0259bl\u0259rinin artmas\u0131na baxmayaraq, hakimiyy\u0259tin T\u00fcrkiy\u0259 il\u0259 d\u0259 quru s\u0259rh\u0259dl\u0259ri ba\u011flamas\u0131 pisl\u0259nilib. Bunun s\u0259b\u0259bi il\u0259 ba\u011fl\u0131 ictimaiyy\u0259t\u0259 m\u0259lumat verilm\u0259si t\u0259l\u0259b olunub. Qeyd edilib ki, h\u0259min m\u0259s\u0259l\u0259 il\u0259 ba\u011fl\u0131 M\u00fcsavat Partiyas\u0131n\u0131n Az\u0259rbaycan Respublikas\u0131 Nazirl\u0259r Kabineti yan\u0131nda Operativ Q\u0259rargaha g\u00f6nd\u0259rdiyi r\u0259smi sor\u011fuya bu g\u00fcn\u0259d\u0259k cavab verilm\u0259yib.<\/p>\n<p>La\u00e7\u0131n \u015f\u0259h\u0259rinin Az\u0259rbaycana t\u0259hvil verilm\u0259si \u0259r\u0259f\u0259sind\u0259 burada evl\u0259rin yand\u0131r\u0131lmas\u0131 bar\u0259d\u0259 m\u0259lumatlardan narahatl\u0131q ifad\u0259 edilib.<\/p>\n<p>Rusiyan\u0131n Ukraynaya qar\u015f\u0131 h\u0259rbi t\u0259cav\u00fcz\u00fc, \u00d6zb\u0259kistan\u0131n Qaraqalpak vilay\u0259tind\u0259 hakimiyy\u0259tin konstitusiya d\u0259yi\u015fiklikl\u0259ri t\u0259klifl\u0259rin\u0259 \u0259halinin etirazlar\u0131 v\u0259 toqqu\u015fmalardan sonra yaranan durum bar\u0259d\u0259 fikir m\u00fcbadil\u0259si apar\u0131l\u0131b.<\/p>\n<p>Sonda cari m\u0259s\u0259l\u0259l\u0259r m\u00fczakir\u0259 olunub.<\/p>\n<p>Basta<\/p>\n","protected":false},"excerpt":{"rendered":"<p>\u0130yulun 4-d\u0259 M\u00fcsavat Partiyas\u0131 Divan\u0131n\u0131n n\u00f6vb\u0259ti iclas\u0131 ke\u00e7irilib. Partiyan\u0131n m\u0259tbuat xidm\u0259tind\u0259n veril\u0259n m\u0259lumata g\u00f6r\u0259, toplant\u0131da g\u00f6r\u00fcl\u0259n i\u015fl\u0259r bar\u0259d\u0259 m\u0259lumat verilib.<\/p>\n","protected":false},"author":1,"featured_media":13766,"comment_status":"closed","ping_status":"closed","sticky":false,"template":"","format":"standard","meta":{"_jetpack_memberships_contains_paid_content":false,"footnotes":""},"categories":[29],"tags":[],"class_list":["post-13814","post","type-post","status-publish","format-standard","has-post-thumbnail","hentry","category-manset"],"aioseo_notices":[],"jetpack_featured_media_url":"https:\/\/basta2.com\/wp-content\/uploads\/2022\/06\/Musavat-loqo-1-3.jpg","jetpack_sharing_enabled":true,"_links":{"self":[{"href":"https:\/\/basta2.com\/index.php?rest_route=\/wp\/v2\/posts\/13814","targetHints":{"allow":["GET"]}}],"collection":[{"href":"https:\/\/basta2.com\/index.php?rest_route=\/wp\/v2\/posts"}],"about":[{"href":"https:\/\/basta2.com\/index.php?rest_route=\/wp\/v2\/types\/post"}],"author":[{"embeddable":true,"href":"https:\/\/basta2.com\/index.php?rest_route=\/wp\/v2\/users\/1"}],"replies":[{"embeddable":true,"href":"https:\/\/basta2.com\/index.php?rest_route=%2Fwp%2Fv2%2Fcomments&post=13814"}],"version-history":[{"count":1,"href":"https:\/\/basta2.com\/index.php?rest_route=\/wp\/v2\/posts\/13814\/revisions"}],"predecessor-version":[{"id":13815,"href":"https:\/\/basta2.com\/index.php?rest_route=\/wp\/v2\/posts\/13814\/revisions\/13815"}],"wp:featuredmedia":[{"embeddable":true,"href":"https:\/\/basta2.com\/index.php?rest_route=\/wp\/v2\/media\/13766"}],"wp:attachment":[{"href":"https:\/\/basta2.com\/index.php?rest_route=%2Fwp%2Fv2%2Fmedia&parent=13814"}],"wp:term":[{"taxonomy":"category","embeddable":true,"href":"https:\/\/basta2.com\/index.php?rest_route=%2Fwp%2Fv2%2Fcategories&post=13814"},{"taxonomy":"post_tag","embeddable":true,"href":"https:\/\/basta2.com\/index.php?rest_route=%2Fwp%2Fv2%2Ftags&post=13814"}],"curies":[{"name":"wp","href":"https:\/\/api.w.org\/{rel}","templated":true}]}}