{"id":14129,"date":"2022-07-28T14:46:37","date_gmt":"2022-07-28T11:46:37","guid":{"rendered":"http:\/\/basta2.com\/?p=14129"},"modified":"2022-07-28T14:55:44","modified_gmt":"2022-07-28T11:55:44","slug":"ruslarin-erm%c9%99nistana-axini-naraziliq-yaratdi-aksiya","status":"publish","type":"post","link":"https:\/\/basta2.com\/?p=14129","title":{"rendered":"Ruslar\u0131n Erm\u0259nistana ax\u0131n\u0131 naraz\u0131l\u0131q yaratd\u0131 &#8211; Yerevanda aksiya"},"content":{"rendered":"<p>&nbsp;<\/p>\n<p><strong>Bu g\u00fcn Yerevan \u015f\u0259h\u0259rind\u0259 bir qrup yerli sakin h\u00f6kum\u0259t binas\u0131 qar\u015f\u0131s\u0131nda etiraz aksiyas\u0131 ke\u00e7irib.\u00a0<\/strong><\/p>\n<p>Erm\u0259nistan m\u0259tbuat\u0131 x\u0259b\u0259r verir ki, etiraz\u00e7\u0131lar kiray\u0259 m\u0259nzill\u0259rin qiym\u0259tinin bahala\u015fmas\u0131ndan naraz\u0131l\u0131qlar\u0131n\u0131 bildirib, h\u00f6kum\u0259tin m\u0259s\u0259l\u0259y\u0259 m\u00fcdaxil\u0259sini t\u0259l\u0259b edibl\u0259r. Onlar\u0131n s\u00f6zl\u0259rin\u0259 g\u00f6r\u0259, Ukraynada m\u00fcharib\u0259 ba\u015flad\u0131qdan sonra ruslar\u0131n Erm\u0259nistana ax\u0131n\u0131 g\u00fccl\u0259nib. N\u0259tic\u0259d\u0259 kiray\u0259 m\u0259nzill\u0259rin qiym\u0259tl\u0259ri k\u0259skin art\u0131b. Kiray\u0259d\u0259 ya\u015fayanlar deyirl\u0259r ki, ald\u0131qlar\u0131 maa\u015f m\u0259nzilin kiray\u0259 haqq\u0131n\u0131 bel\u0259 \u00f6d\u0259m\u0259y\u0259 \u00e7atm\u0131r.<\/p>\n<p>&#8220;Bir otaql\u0131 m\u0259nzil \u0259n az\u0131 150 min dramd\u0131r (370 dollar). Bel\u0259 qiym\u0259t olar? Bu h\u0259l\u0259 \u0259n pis v\u0259ziyy\u0259td\u0259 olan evl\u0259rin qiym\u0259tidir. Normal m\u0259nzill\u0259rin qiym\u0259ti 1000 dollardan yuxar\u0131d\u0131r. Ev sahibl\u0259ri erm\u0259nil\u0259ri m\u0259nzill\u0259rd\u0259n \u00e7\u0131xar\u0131r, ruslara verirl\u0259r\u201d, &#8211; dey\u0259 aksiya i\u015ftirak\u00e7\u0131lar\u0131 naraz\u0131l\u0131\u011f\u0131n\u0131 bildiribl\u0259r.<\/p>\n<p>&nbsp;<\/p>\n<p><strong>Basta<\/strong><\/p>\n<p>&nbsp;<\/p>\n","protected":false},"excerpt":{"rendered":"<p>&nbsp; Bu g\u00fcn Yerevan \u015f\u0259h\u0259rind\u0259 bir qrup yerli sakin h\u00f6kum\u0259t binas\u0131 qar\u015f\u0131s\u0131nda etiraz aksiyas\u0131 ke\u00e7irib.\u00a0 Erm\u0259nistan m\u0259tbuat\u0131 x\u0259b\u0259r verir ki,<\/p>\n","protected":false},"author":1,"featured_media":14130,"comment_status":"closed","ping_status":"closed","sticky":false,"template":"","format":"standard","meta":{"_jetpack_memberships_contains_paid_content":false,"footnotes":""},"categories":[32,29],"tags":[],"class_list":["post-14129","post","type-post","status-publish","format-standard","has-post-thumbnail","hentry","category-dunya","category-manset"],"aioseo_notices":[],"jetpack_featured_media_url":"https:\/\/basta2.com\/wp-content\/uploads\/2022\/07\/image_750x_62e2408657a65.jpg","jetpack_sharing_enabled":true,"_links":{"self":[{"href":"https:\/\/basta2.com\/index.php?rest_route=\/wp\/v2\/posts\/14129","targetHints":{"allow":["GET"]}}],"collection":[{"href":"https:\/\/basta2.com\/index.php?rest_route=\/wp\/v2\/posts"}],"about":[{"href":"https:\/\/basta2.com\/index.php?rest_route=\/wp\/v2\/types\/post"}],"author":[{"embeddable":true,"href":"https:\/\/basta2.com\/index.php?rest_route=\/wp\/v2\/users\/1"}],"replies":[{"embeddable":true,"href":"https:\/\/basta2.com\/index.php?rest_route=%2Fwp%2Fv2%2Fcomments&post=14129"}],"version-history":[{"count":2,"href":"https:\/\/basta2.com\/index.php?rest_route=\/wp\/v2\/posts\/14129\/revisions"}],"predecessor-version":[{"id":14132,"href":"https:\/\/basta2.com\/index.php?rest_route=\/wp\/v2\/posts\/14129\/revisions\/14132"}],"wp:featuredmedia":[{"embeddable":true,"href":"https:\/\/basta2.com\/index.php?rest_route=\/wp\/v2\/media\/14130"}],"wp:attachment":[{"href":"https:\/\/basta2.com\/index.php?rest_route=%2Fwp%2Fv2%2Fmedia&parent=14129"}],"wp:term":[{"taxonomy":"category","embeddable":true,"href":"https:\/\/basta2.com\/index.php?rest_route=%2Fwp%2Fv2%2Fcategories&post=14129"},{"taxonomy":"post_tag","embeddable":true,"href":"https:\/\/basta2.com\/index.php?rest_route=%2Fwp%2Fv2%2Ftags&post=14129"}],"curies":[{"name":"wp","href":"https:\/\/api.w.org\/{rel}","templated":true}]}}