{"id":14175,"date":"2022-08-03T15:32:39","date_gmt":"2022-08-03T12:32:39","guid":{"rendered":"http:\/\/basta2.com\/?p=14175"},"modified":"2022-08-03T15:49:57","modified_gmt":"2022-08-03T12:49:57","slug":"lacinda-doyusl%c9%99r-gedir","status":"publish","type":"post","link":"https:\/\/basta2.com\/?p=14175","title":{"rendered":"La\u00e7\u0131nda d\u00f6y\u00fc\u015fl\u0259r gedir"},"content":{"rendered":"<p>Avqustun 3-d\u0259 saat 09:00-dan ba\u015flayaraq La\u00e7\u0131n rayonu istiqam\u0259tind\u0259 at\u0259\u015fk\u0259s rejimi pozulub. Az\u0259rbaycan M\u00fcdafi\u0259 Nazirliyinin yayd\u0131\u011f\u0131 m\u0259lumata g\u00f6r\u0259, Erm\u0259ni silahl\u0131 d\u0259st\u0259l\u0259rinin a\u00e7\u0131d\u0131\u011f\u0131 intensiv at\u0259\u015f n\u0259tic\u0259sind\u0259 m\u00fcdd\u0259tli h\u0259qiqi h\u0259rbi xidm\u0259t h\u0259rbi qulluq\u00e7usu \u0259sg\u0259r Kaz\u0131mov Anar R\u00fcst\u0259m o\u011flu ald\u0131\u011f\u0131 g\u00fcll\u0259 yaras\u0131ndan \u015f\u0259hid olub.<\/p>\n<p>Erm\u0259nistan t\u0259r\u0259fi is\u0259 7 h\u0259rb\u00e7isinin yaraland\u0131\u011f\u0131, onlardan 6-n\u0131n a\u011f\u0131r v\u0259ziyy\u0259td\u0259 oldu\u011funu bildirir. M\u0259lumata g\u00f6r\u0259, d\u00f6y\u00fc\u015fd\u0259 minaatanlar v\u0259 artilleriyadan istifad\u0259 edilir. Daha sonra bir n\u0259f\u0259rin \u00f6ld\u00fcy\u00fc, yaralananlar\u0131n say\u0131n\u0131n 15 n\u0259f\u0259r\u0259 \u00e7atd\u0131\u011f\u0131 bildirilib.<\/p>\n<p>Erm\u0259nistan K\u0130V-inin x\u0259b\u0259rin\u0259 g\u00f6r\u0259, La\u00e7\u0131nda b\u0259zi erm\u0259ni sakinl\u0259r \u0259razini t\u0259rk etm\u0259y\u0259 \u00e7al\u0131\u015fsa da,\u00a0 Rusiya s\u00fclhm\u0259raml\u0131lar\u0131 buna imkan verm\u0259yibl\u0259r.<\/p>\n<p>Qaraba\u011fda son iki g\u00fcnd\u0259 ya\u015fanan g\u0259rginlik n\u0259d\u0259n qaynaqlan\u0131r? Turan\u0131n m\u0259lumat\u0131na g\u00f6r\u0259, Az\u0259rbaycan erm\u0259nil\u0259rin istifad\u0259 ed\u0259c\u0259yi alternativ yolun tikintisini ba\u015fa \u00e7atd\u0131r\u0131r. Ona g\u00f6r\u0259 d\u0259 erm\u0259nil\u0259r n\u0259hay\u0259t ki, La\u00e7\u0131n \u015f\u0259h\u0259rini v\u0259 Zabux k\u0259ndini azad etm\u0259li, La\u00e7\u0131n d\u0259hlizi il\u0259 h\u0259r\u0259k\u0259ti dayand\u0131rmal\u0131 v\u0259 yeni mar\u015frutdan istifad\u0259 etm\u0259lidirl\u0259r.<\/p>\n<p>Az\u0259rbaycan art\u0131q \u00f6z \u0259razisin\u0259 asfalt yol \u00e7\u0259kib, Erm\u0259nistan is\u0259 \u00f6z \u0259razisind\u0259 yeni yolun (Tex-Kornidzor) hiss\u0259sinin layih\u0259l\u0259ndirilm\u0259sin\u0259 yenic\u0259 ba\u015flay\u0131r.<\/p>\n<p>Qeyd ed\u0259k ki, Erm\u0259nistan\u0131n X\u0130N r\u0259hb\u0259ri il\u0259 ba\u015f nazirinin Rusiya X\u0130N r\u0259hb\u0259ri v\u0259 prezidenti il\u0259 d\u00fcn\u0259nki dan\u0131\u015f\u0131qlar\u0131 zaman\u0131 \u00fc\u00e7t\u0259r\u0259fli raz\u0131la\u015fmalar\u0131n \u201cciddi\u201d yerin\u0259 yetirilm\u0259si m\u0259s\u0259l\u0259si qald\u0131r\u0131l\u0131b.<\/p>\n<p>Turan\u0131n yazd\u0131\u011f\u0131na g\u00f6r\u0259, \u0130r\u0259van Moskvadan d\u0259st\u0259k ala bilm\u0259yib v\u0259 erm\u0259nil\u0259r raz\u0131la\u015fmalar\u0131n icras\u0131n\u0131 gecikdirm\u0259kd\u0259 davam ed\u0259rl\u0259rs\u0259, o zaman Qaraba\u011fda v\u0259ziyy\u0259t ciddi \u015f\u0259kild\u0259 g\u0259rginl\u0259\u015f\u0259 bil\u0259r.<\/p>\n","protected":false},"excerpt":{"rendered":"<p>Avqustun 3-d\u0259 saat 09:00-dan ba\u015flayaraq La\u00e7\u0131n rayonu istiqam\u0259tind\u0259 at\u0259\u015fk\u0259s rejimi pozulub. Az\u0259rbaycan M\u00fcdafi\u0259 Nazirliyinin yayd\u0131\u011f\u0131 m\u0259lumata g\u00f6r\u0259, Erm\u0259ni silahl\u0131 d\u0259st\u0259l\u0259rinin<\/p>\n","protected":false},"author":1,"featured_media":14177,"comment_status":"closed","ping_status":"closed","sticky":false,"template":"","format":"standard","meta":{"_jetpack_memberships_contains_paid_content":false,"footnotes":""},"categories":[30,29],"tags":[],"class_list":["post-14175","post","type-post","status-publish","format-standard","has-post-thumbnail","hentry","category-gundm","category-manset"],"aioseo_notices":[],"jetpack_featured_media_url":"https:\/\/basta2.com\/wp-content\/uploads\/2022\/08\/lacin-4.jpg","jetpack_sharing_enabled":true,"_links":{"self":[{"href":"https:\/\/basta2.com\/index.php?rest_route=\/wp\/v2\/posts\/14175","targetHints":{"allow":["GET"]}}],"collection":[{"href":"https:\/\/basta2.com\/index.php?rest_route=\/wp\/v2\/posts"}],"about":[{"href":"https:\/\/basta2.com\/index.php?rest_route=\/wp\/v2\/types\/post"}],"author":[{"embeddable":true,"href":"https:\/\/basta2.com\/index.php?rest_route=\/wp\/v2\/users\/1"}],"replies":[{"embeddable":true,"href":"https:\/\/basta2.com\/index.php?rest_route=%2Fwp%2Fv2%2Fcomments&post=14175"}],"version-history":[{"count":3,"href":"https:\/\/basta2.com\/index.php?rest_route=\/wp\/v2\/posts\/14175\/revisions"}],"predecessor-version":[{"id":14179,"href":"https:\/\/basta2.com\/index.php?rest_route=\/wp\/v2\/posts\/14175\/revisions\/14179"}],"wp:featuredmedia":[{"embeddable":true,"href":"https:\/\/basta2.com\/index.php?rest_route=\/wp\/v2\/media\/14177"}],"wp:attachment":[{"href":"https:\/\/basta2.com\/index.php?rest_route=%2Fwp%2Fv2%2Fmedia&parent=14175"}],"wp:term":[{"taxonomy":"category","embeddable":true,"href":"https:\/\/basta2.com\/index.php?rest_route=%2Fwp%2Fv2%2Fcategories&post=14175"},{"taxonomy":"post_tag","embeddable":true,"href":"https:\/\/basta2.com\/index.php?rest_route=%2Fwp%2Fv2%2Ftags&post=14175"}],"curies":[{"name":"wp","href":"https:\/\/api.w.org\/{rel}","templated":true}]}}