{"id":1478,"date":"2020-08-20T08:40:07","date_gmt":"2020-08-20T05:40:07","guid":{"rendered":"http:\/\/basta2.com\/?p=1478"},"modified":"2020-08-20T08:40:14","modified_gmt":"2020-08-20T05:40:14","slug":"m%c9%99hk%c9%99m%c9%99nin-ev-dustaqligina-buraxdigi-g%c9%99nc-ev%c9%99-yox-karantin%c9%99-aparilib","status":"publish","type":"post","link":"https:\/\/basta2.com\/?p=1478","title":{"rendered":"M\u0259hk\u0259m\u0259nin ev dustaql\u0131\u011f\u0131na buraxd\u0131\u011f\u0131 g\u0259nc ev\u0259 yox, karantin\u0259 apar\u0131l\u0131b"},"content":{"rendered":"\n<p>M\u0259hk\u0259m\u0259 q\u0259rar\u0131na baxmayaraq Mehdi \u0130brahimov ev\u0259 burax\u0131lmay\u0131b<\/p>\n\n\n\n<p>Bu g\u00fcn, avqustun 19-da X\u0259tai Rayon M\u0259hk\u0259m\u0259sinin q\u0259rar\u0131 il\u0259 ev dustaql\u0131\u011f\u0131na burax\u0131ld\u0131\u011f\u0131 a\u00e7\u0131qlanan Az\u0259rbaycan Xalq C\u0259bh\u0259si Partiyas\u0131n\u0131n (AXCP) \u00fczv\u00fc M\u0259mm\u0259d \u0130brahimin o\u011flu Mehdi \u0130brahimov evl\u0259rin\u0259 burax\u0131lmay\u0131b. O, saxland\u0131\u011f\u0131 Penitensiar Xidm\u0259tinin n\u0259zdind\u0259 X\u00fcsusi \u0130xtisasla\u015fm\u0131\u015f 3 sayl\u0131 M\u00fcalic\u0259 M\u00fc\u0259ssis\u0259sind\u0259n Atletl\u0259r K\u0259ndind\u0259 koronavirus x\u0259st\u0259l\u0259ri \u00fc\u00e7\u00fcn ayr\u0131lan karantin m\u0259nt\u0259q\u0259sin\u0259 apar\u0131l\u0131b. Bu bar\u0259d\u0259 Azadl\u0131q Radiosuna Mehdi \u0130brahimovun qarda\u015f\u0131 Turan \u0130brahim m\u0259lumat verib. &#8220;T\u0259cili Tibbi Yard\u0131m ma\u015f\u0131n\u0131 g\u0259lib Mehdini Atletl\u0259r K\u0259ndin\u0259 apard\u0131. Art\u0131q oradad\u0131r. V\u0259kilinin m\u0259hk\u0259m\u0259 q\u0259rar\u0131n\u0131 t\u0259qdim etm\u0259sin\u0259 baxmay\u0131blar, deyibl\u0259r tap\u015f\u0131r\u0131q bel\u0259dir. Amma kimin tap\u015f\u0131r\u0131\u011f\u0131 oldu\u011funu demirl\u0259r. M\u0259hk\u0259m\u0259 q\u0259rar\u0131nda Mehdininin ev\u0259 burax\u0131lmal\u0131 oldu\u011fu yaz\u0131l\u0131b&#8221;.<\/p>\n\n\n\n<p>V\u0259kil Aqil Lay\u0131c is\u0259 Mehdi \u0130brahimovun ev\u0259 yox Atletl\u0259r K\u0259ndind\u0259 karantin\u0259 al\u0131nmas\u0131n\u0131 qanunazid say\u0131b:<\/p>\n\n\n\n<p>\u201cLap m\u0259hk\u0259m\u0259 q\u0259rar\u0131n\u0131 k\u0259nara qoyaq, buna tibbi z\u0259ruriyy\u0259t d\u0259 yox idi. Onsuz da o, m\u00fcalic\u0259 m\u00fc\u0259ssis\u0259sind\u0259 idi. Zat\u0259n o karantin m\u00fcdd\u0259tini d\u0259 ke\u00e7ib. Ehtimal ets\u0259k ki, onda bu x\u0259st\u0259lik var, amma bizd\u0259 olan m\u0259lumata v\u0259 subutlara g\u00f6r\u0259 onda bu x\u0259st\u0259lik olmay\u0131b, lap x\u0259st\u0259lik olsa da o m\u00fcalic\u0259sini al\u0131b.\u201d<\/p>\n\n\n\n<p>Bu deyil\u0259nl\u0259r\u0259, h\u0259l\u0259lik, Penitensiar Xidm\u0259t v\u0259 ba\u015fqa r\u0259smi qurumlardan m\u00fcnasib\u0259t \u00f6yr\u0259nm\u0259k m\u00fcmk\u00fcn olmay\u0131b.<\/p>\n\n\n\n<p>*&nbsp;&nbsp;&nbsp;*&nbsp;&nbsp;&nbsp;*<\/p>\n\n\n\n<p>2020 Avqust 20 (C\u00fcm\u0259&nbsp;ax\u015fam\u0131) 09:03:11<\/p>\n\n\n\n<p><strong>M\u0259hk\u0259m\u0259 Mehdi \u0130brahimovun ev dustaql\u0131\u011f\u0131na ke\u00e7irilm\u0259si bar\u0259d\u0259 q\u0259rar q\u0259bul edib<\/strong><\/p>\n\n\n\n<p>Bak\u0131\/19.08.20\/Turan: Bu g\u00fcn Bak\u0131n\u0131n X\u0259tai rayon m\u0259hk\u0259m\u0259si m\u00fcdafi\u0259 t\u0259r\u0259fin AXCP-nin R\u0259yas\u0259t Hey\u0259tinin \u00fczv\u00fc M\u0259mm\u0259d \u0130brahimin o\u011flu Mehdi \u0130brahimovun ev dustaql\u0131\u011f\u0131na ke\u00e7irilm\u0259si bar\u0259d\u0259 v\u0259sat\u0259ti t\u0259min edib. Bu bar\u0259d\u0259 Turan-a v\u0259kil Aqil Lay\u0131c bildirib.<\/p>\n\n\n\n<p>Onun s\u00f6zl\u0259rin\u0259 g\u00f6r\u0259, Mehdi \u0130brahimov m\u0259hk\u0259m\u0259y\u0259 apar\u0131lmay\u0131b.<\/p>\n\n\n\n<p>Amma m\u0259hk\u0259m\u0259nin q\u0259rar\u0131 il\u0259 o, el\u0259 bu g\u00fcn Penitensiar Xidm\u0259tin ixtisasla\u015fm\u0131\u015f tibb m\u00fc\u0259ssis\u0259sind\u0259n azad edilib v\u0259 elektron bil\u0259klik taxmaqla ev dustaql\u0131\u011f\u0131na g\u00f6nd\u0259rilib.<\/p>\n\n\n\n<p>Qeyd ed\u0259k ki, Mehdi \u0130brahimov avqustun 10-dan azad edilm\u0259si t\u0259l\u0259bi il\u0259 acl\u0131q edirdi.<\/p>\n\n\n\n<p>Mehdi \u0130brahimov 14-15 iyul orduya d\u0259st\u0259k aksiyas\u0131ndan sonra saxlan\u0131l\u0131b v\u0259 karantin rejimini v\u0259 koronavirus x\u0259st\u0259si oldu\u011fu \u00fc\u00e7\u00fcn t\u0259tbiq olunan \u00f6z\u00fcn\u00fct\u0259crid rejimini pozmaqda ittiham olunub. O, CM-in 139-1.1-ci madd\u0259si il\u0259 3 il\u0259 q\u0259d\u0259r azadl\u0131qdan m\u0259hrum edil\u0259 bil\u0259r. Amma Mehdi \u0130brahimovun evd\u0259 qalmaq m\u0259cburiyy\u0259tind\u0259 oldu\u011funu s\u00fcbut ed\u0259n he\u00e7 bir tibbi s\u0259n\u0259d yox idi. Eyni zamanda, o, aksiyada he\u00e7 bir qanunsuz \u0259m\u0259l t\u00f6r\u0259tm\u0259yib.<\/p>\n\n\n\n<p>Yax\u0131nlar\u0131 hesab edirl\u0259r ki, h\u0259bsin s\u0259b\u0259bi onun atas\u0131 &#8211; m\u0259\u015fhur m\u00fcxalif\u0259t\u00e7i v\u0259 ke\u00e7mi\u015f siyasi m\u0259hbus M\u0259mm\u0259d \u0130brahimdir. O, iyulun 26-da saxlan\u0131l\u0131b v\u0259 ona qar\u015f\u0131 CM-in 186.2.1-ci (z\u0259r\u0259r \u00e7\u0259kmi\u015f \u015f\u0259xs\u0259 b\u00f6y\u00fck ziyan vurmaqla \u0259mlak\u0131n q\u0259sd\u0259n m\u0259hv edilm\u0259si v\u0259 ya z\u0259d\u0259l\u0259nm\u0259si), 233-c\u00fc (ictimai qaydan\u0131n pozulmas\u0131na s\u0259b\u0259b olan h\u0259r\u0259k\u0259tl\u0259rin t\u0259\u015fkili v\u0259 ya bel\u0259 h\u0259r\u0259k\u0259tl\u0259rd\u0259 f\u0259al i\u015ftirak), 315.1-ci (hakimiyy\u0259t n\u00fcmay\u0259nd\u0259sin\u0259 qar\u015f\u0131 m\u00fcqavim\u0259t v\u0259 ya zorak\u0131l\u0131q t\u0259tbiq etm\u0259k) v\u0259 278.1-ci (hakimiyy\u0259tin zorla \u0259l\u0259 ke\u00e7irilm\u0259sin\u0259 y\u00f6n\u0259l\u0259n h\u0259r\u0259k\u0259tl\u0259r) madd\u0259l\u0259ri \u00fczr\u0259 ittiham ir\u0259li s\u00fcr\u00fcl\u00fcb. M\u0259mm\u0259d \u0130brahim 4 ay m\u00fcdd\u0259tin\u0259 azadl\u0131qdan m\u0259hrum edilib.<\/p>\n\n\n\n<p>Mehdi \u0130brahimov v\u0259 M\u0259mm\u0259d \u0130brahim h\u00fcquq m\u00fcdafi\u0259\u00e7il\u0259ri t\u0259r\u0259find\u0259n siyasi m\u0259hbus kimi tan\u0131n\u0131b. -16B06-<\/p>\n\n\n\n<figure class=\"wp-block-table\"><table><tbody><tr><td><\/td><\/tr><\/tbody><\/table><\/figure>\n\n\n\n<figure class=\"wp-block-table\"><table><tbody><tr><td><\/td><\/tr><\/tbody><\/table><\/figure>\n","protected":false},"excerpt":{"rendered":"<p>M\u0259hk\u0259m\u0259 q\u0259rar\u0131na baxmayaraq Mehdi \u0130brahimov ev\u0259 burax\u0131lmay\u0131b Bu g\u00fcn, avqustun 19-da X\u0259tai Rayon M\u0259hk\u0259m\u0259sinin q\u0259rar\u0131 il\u0259 ev dustaql\u0131\u011f\u0131na burax\u0131ld\u0131\u011f\u0131 a\u00e7\u0131qlanan<\/p>\n","protected":false},"author":1,"featured_media":1416,"comment_status":"open","ping_status":"open","sticky":false,"template":"","format":"standard","meta":{"_jetpack_memberships_contains_paid_content":false,"footnotes":""},"categories":[30,29],"tags":[],"class_list":["post-1478","post","type-post","status-publish","format-standard","has-post-thumbnail","hentry","category-gundm","category-manset"],"aioseo_notices":[],"jetpack_featured_media_url":"https:\/\/basta2.com\/wp-content\/uploads\/2020\/08\/mehdi-ibrahimov.jpg","jetpack_sharing_enabled":true,"_links":{"self":[{"href":"https:\/\/basta2.com\/index.php?rest_route=\/wp\/v2\/posts\/1478","targetHints":{"allow":["GET"]}}],"collection":[{"href":"https:\/\/basta2.com\/index.php?rest_route=\/wp\/v2\/posts"}],"about":[{"href":"https:\/\/basta2.com\/index.php?rest_route=\/wp\/v2\/types\/post"}],"author":[{"embeddable":true,"href":"https:\/\/basta2.com\/index.php?rest_route=\/wp\/v2\/users\/1"}],"replies":[{"embeddable":true,"href":"https:\/\/basta2.com\/index.php?rest_route=%2Fwp%2Fv2%2Fcomments&post=1478"}],"version-history":[{"count":1,"href":"https:\/\/basta2.com\/index.php?rest_route=\/wp\/v2\/posts\/1478\/revisions"}],"predecessor-version":[{"id":1479,"href":"https:\/\/basta2.com\/index.php?rest_route=\/wp\/v2\/posts\/1478\/revisions\/1479"}],"wp:featuredmedia":[{"embeddable":true,"href":"https:\/\/basta2.com\/index.php?rest_route=\/wp\/v2\/media\/1416"}],"wp:attachment":[{"href":"https:\/\/basta2.com\/index.php?rest_route=%2Fwp%2Fv2%2Fmedia&parent=1478"}],"wp:term":[{"taxonomy":"category","embeddable":true,"href":"https:\/\/basta2.com\/index.php?rest_route=%2Fwp%2Fv2%2Fcategories&post=1478"},{"taxonomy":"post_tag","embeddable":true,"href":"https:\/\/basta2.com\/index.php?rest_route=%2Fwp%2Fv2%2Ftags&post=1478"}],"curies":[{"name":"wp","href":"https:\/\/api.w.org\/{rel}","templated":true}]}}