{"id":14797,"date":"2022-09-29T15:55:24","date_gmt":"2022-09-29T12:55:24","guid":{"rendered":"https:\/\/basta2.com\/?p=14797"},"modified":"2022-09-29T15:55:24","modified_gmt":"2022-09-29T12:55:24","slug":"subartezian-quyusu-var-su-yoxdur-sikay%c9%99t","status":"publish","type":"post","link":"https:\/\/basta2.com\/?p=14797","title":{"rendered":"Subartezian quyusu var, su yoxdur: \u015e\u0130KAY\u018fT"},"content":{"rendered":"<p><span style=\"font-size: 14pt; font-family: 'times new roman', times, serif;\">\u015e\u0259mkir rayon Yeni Yol k\u0259ndinin sakinl\u0259ri \u00e7\u0131x\u0131lmaz v\u0259ziyy\u0259td\u0259dir. K\u0259ndd\u0259 subarezian quyusu qaz\u0131l\u0131b, ancaq suyu yoxdur.<\/span><\/p>\n<p><span style=\"font-size: 14pt; font-family: 'times new roman', times, serif;\">Bel\u0259 ki, d\u00f6vl\u0259t hesab\u0131na qaz\u0131lan subartezian quyusunu istifad\u0259y\u0259 ver\u0259n qurum tap\u0131lm\u0131r.<\/span><\/p>\n<p><span style=\"font-size: 14pt; font-family: 'times new roman', times, serif;\">3 min\u0259 yax\u0131n sakini olan Yeni Yol k\u0259ndi su \u00fcz\u00fcn\u0259 h\u0259sr\u0259t qal\u0131b. K\u0259ndin \u0259n b\u00f6y\u00fck problemi susuzluqdur. \u00c7\u00f6r\u0259yi \u0259kin\u00e7ilikd\u0259n, x\u00fcsus\u0259n t\u0259r\u0259v\u0259z\u00e7ilikd\u0259n \u00e7\u0131xan yeniyollular su \u00fcz\u00fcn\u0259 h\u0259sr\u0259t qalma\u011f\u0131n \u00e7\u0259tinliyi il\u0259 \u00fcz-\u00fcz\u0259dirl\u0259r.<\/span><\/p>\n<p><span style=\"font-size: 14pt; font-family: 'times new roman', times, serif;\">R\u0259smi qurumlar\u0131n onlar\u0131 su il\u0259 imtahan etm\u0259sind\u0259n naraz\u0131 olan k\u0259ndlil\u0259r yeni qaz\u0131lm\u0131\u015f subartezian quyusunun sanki onlara g\u00f6z da\u011f\u0131 verm\u0259k \u00fc\u00e7\u00fcn qaz\u0131ld\u0131\u011f\u0131n\u0131 hesab edirl\u0259r.<\/span><\/p>\n<p><span style=\"font-size: 14pt; font-family: 'times new roman', times, serif;\">Yeni Yol k\u0259ndinin sakinl\u0259ri \u0259sas\u0259n g\u00f6y\u0259rti \u0259kin\u00e7iliyi il\u0259 m\u0259\u015f\u011fuldurlar. Subartezian quyusunun istifad\u0259y\u0259 verilm\u0259m\u0259si i\u015fl\u0259rin\u0259 mane olub. Bu s\u0259b\u0259bd\u0259n g\u00f6y\u0259ti \u0259k\u0259 bilm\u0259yibl\u0259r. M\u0259hsul g\u00f6t\u00fcr\u0259 bilm\u0259y\u0259n sakinl\u0259r hara \u00fcz tutacaqlar\u0131n\u0131 bilmirl\u0259r.<\/span><\/p>\n<p><span style=\"font-size: 14pt; font-family: 'times new roman', times, serif;\">Qeyd ed\u0259k ki, Yeni Yol k\u0259ndind\u0259 subartezian quyusunun qaz\u0131lmas\u0131 prosesi \u00f6lk\u0259 prezidentinin s\u0259rancam\u0131 il\u0259 h\u0259yata ke\u00e7irilib. \u00dcmumilikd\u0259 \u015e\u0259mkir rayonunda 9 subartezian quyusu qaz\u0131lmal\u0131d\u0131r. Onlardan biri d\u0259 Yeni Yol k\u0259ndind\u0259ki s\u00f6z\u00fcged\u0259n quyudur.<\/span><\/p>\n<p><span style=\"font-size: 14pt; font-family: 'times new roman', times, serif;\">\u018fld\u0259 etdiyimiz m\u0259lumata g\u00f6r\u0259, tikintini Norve\u00e7 \u015firk\u0259ti apar\u0131b. \u015eirk\u0259tin r\u0259smisi Kamran H\u00fcseynov Belediyye.net\u0259 bildirib ki, i\u015fl\u0259r m\u0259rh\u0259l\u0259li \u015f\u0259kild\u0259 h\u0259yata ke\u00e7irilir. Yeni Yol k\u0259ndind\u0259 qaz\u0131lm\u0131\u015f subartezian quyusu da yax\u0131n zamanlarda istifad\u0259y\u0259 veril\u0259c\u0259k.<\/span><\/p>\n<p><span style=\"font-size: 14pt; font-family: 'times new roman', times, serif;\">M\u0259sl\u0259l\u0259y\u0259 ayd\u0131nl\u0131q g\u0259tirm\u0259k \u00fc\u00e7\u00fcn \u015e\u0259mkir Suvarma Sisteml\u0259ri \u0130dar\u0259sin\u0259 \u00fcz tutduq. R\u0259smi qurumdan bildirildi ki, subartezian quyusu yax\u0131n zamanlarda istifad\u0259y\u0259 veril\u0259c\u0259k.<\/span><\/p>\n<p><span style=\"font-size: 14pt; font-family: 'times new roman', times, serif;\">Quyunun istifad\u0259y\u0259 verilm\u0259sinin niy\u0259 gecikm\u0259si, n\u0259 zaman istifad\u0259y\u0259 veril\u0259c\u0259yi bar\u0259d\u0259 konkret m\u0259lumat almaq m\u00fcmk\u00fcn olmad\u0131. G\u00f6r\u00fcn\u00fc\u015f\u0259 g\u00f6r\u0259 Yeni Yol k\u0259ndind\u0259 qaz\u0131lm\u0131\u015f subartezian quyusu qeyri-m\u00fc\u0259yy\u0259n zaman k\u0259siyind\u0259 istifad\u0259y\u0259 veril\u0259c\u0259k.<\/span><\/p>\n<p><span style=\"font-size: 14pt; font-family: 'times new roman', times, serif;\">M\u0259lumat \u00fc\u00e7\u00fcn bildir\u0259k ki, 7 iyul 2021-ci il tarixind\u0259 prezident \u0130lham \u018fliyev &#8220;\u015e\u0259mkir v\u0259 Tovuz rayonlar\u0131nda \u0259kin sah\u0259l\u0259rinin suvarma suyu il\u0259 t\u0259minat\u0131n\u0131n yax\u015f\u0131la\u015fd\u0131r\u0131lmas\u0131na v\u0259 \u0259halinin i\u00e7m\u0259li suya t\u0259l\u0259bat\u0131n\u0131n \u00f6d\u0259nilm\u0259sin\u0259 dair \u0259lav\u0259 t\u0259dbirl\u0259r haqq\u0131nda&#8221; s\u0259r\u0259ncam imzalay\u0131b.<\/span><\/p>\n<p><span style=\"font-size: 14pt; font-family: 'times new roman', times, serif;\">S\u0259r\u0259ncamla \u015e\u0259mkir v\u0259 Tovuz rayonlar\u0131n\u0131n \u0259halisi 105153 n\u0259f\u0259r olan 17 ya\u015fay\u0131\u015f m\u0259nt\u0259q\u0259sind\u0259 \u0259kin sah\u0259l\u0259rinin v\u0259 \u0259kin \u00fc\u00e7\u00fcn istifad\u0259 olunan h\u0259y\u0259tyan\u0131 torpaq sah\u0259l\u0259rinin suvarma suyu il\u0259 t\u0259minat\u0131n\u0131n yax\u015f\u0131la\u015fd\u0131r\u0131lmas\u0131, habel\u0259 \u0259halinin i\u00e7m\u0259li suya t\u0259l\u0259bat\u0131n\u0131n \u00f6d\u0259nilm\u0259si \u00fc\u00e7\u00fcn 20 \u0259d\u0259d subartezian quyusunun layih\u0259l\u0259ndirilm\u0259si v\u0259 qaz\u0131lmas\u0131 m\u0259qs\u0259dil\u0259 \u201cAz\u0259rbaycan Respublikas\u0131n\u0131n 2021-ci il d\u00f6vl\u0259t b\u00fcdc\u0259sind\u0259 d\u00f6vl\u0259t \u0259sasl\u0131 v\u0259sait qoyulu\u015fu (investisiya x\u0259rcl\u0259ri) \u00fc\u00e7\u00fcn n\u0259z\u0259rd\u0259 tutulan v\u0259saitin b\u00f6lg\u00fcs\u00fc\u201dn\u00fcn 1.8.8-ci yar\u0131mb\u0259ndind\u0259 g\u00f6st\u0259rilmi\u015f m\u0259bl\u0259\u011fin\u00a0<strong>1,4 milyon manat\u0131\u00a0<\/strong>Az\u0259rbaycan Meliorasiya v\u0259 Su T\u0259s\u0259rr\u00fcfat\u0131 A\u00e7\u0131q S\u0259hmdar C\u0259miyy\u0259tin\u0259 ayr\u0131l\u0131b.<\/span><\/p>\n<p><span style=\"font-size: 14pt; font-family: 'times new roman', times, serif;\">Yeni Yol k\u0259ndi d\u0259, subartezian quyusu qaz\u0131lmas\u0131 n\u0259z\u0259rd\u0259 tutulan 17 ya\u015fay\u0131\u015f m\u0259nt\u0259q\u0259sind\u0259n biridir.<\/span><\/p>\n<p>&nbsp;<\/p>\n<p><span style=\"font-size: 14pt; font-family: 'times new roman', times, serif;\"><strong>Basta2.com<\/strong><\/span><\/p>\n","protected":false},"excerpt":{"rendered":"<p>\u015e\u0259mkir rayon Yeni Yol k\u0259ndinin sakinl\u0259ri \u00e7\u0131x\u0131lmaz v\u0259ziyy\u0259td\u0259dir. K\u0259ndd\u0259 subarezian quyusu qaz\u0131l\u0131b, ancaq suyu yoxdur. Bel\u0259 ki, d\u00f6vl\u0259t hesab\u0131na qaz\u0131lan<\/p>\n","protected":false},"author":1,"featured_media":14798,"comment_status":"closed","ping_status":"closed","sticky":false,"template":"","format":"standard","meta":{"_jetpack_memberships_contains_paid_content":false,"footnotes":""},"categories":[29,35],"tags":[],"class_list":["post-14797","post","type-post","status-publish","format-standard","has-post-thumbnail","hentry","category-manset","category-olk"],"aioseo_notices":[],"jetpack_featured_media_url":"https:\/\/basta2.com\/wp-content\/uploads\/2022\/09\/ERA_CMS_IMG_31_1664454395.jpg","jetpack_sharing_enabled":true,"_links":{"self":[{"href":"https:\/\/basta2.com\/index.php?rest_route=\/wp\/v2\/posts\/14797","targetHints":{"allow":["GET"]}}],"collection":[{"href":"https:\/\/basta2.com\/index.php?rest_route=\/wp\/v2\/posts"}],"about":[{"href":"https:\/\/basta2.com\/index.php?rest_route=\/wp\/v2\/types\/post"}],"author":[{"embeddable":true,"href":"https:\/\/basta2.com\/index.php?rest_route=\/wp\/v2\/users\/1"}],"replies":[{"embeddable":true,"href":"https:\/\/basta2.com\/index.php?rest_route=%2Fwp%2Fv2%2Fcomments&post=14797"}],"version-history":[{"count":1,"href":"https:\/\/basta2.com\/index.php?rest_route=\/wp\/v2\/posts\/14797\/revisions"}],"predecessor-version":[{"id":14799,"href":"https:\/\/basta2.com\/index.php?rest_route=\/wp\/v2\/posts\/14797\/revisions\/14799"}],"wp:featuredmedia":[{"embeddable":true,"href":"https:\/\/basta2.com\/index.php?rest_route=\/wp\/v2\/media\/14798"}],"wp:attachment":[{"href":"https:\/\/basta2.com\/index.php?rest_route=%2Fwp%2Fv2%2Fmedia&parent=14797"}],"wp:term":[{"taxonomy":"category","embeddable":true,"href":"https:\/\/basta2.com\/index.php?rest_route=%2Fwp%2Fv2%2Fcategories&post=14797"},{"taxonomy":"post_tag","embeddable":true,"href":"https:\/\/basta2.com\/index.php?rest_route=%2Fwp%2Fv2%2Ftags&post=14797"}],"curies":[{"name":"wp","href":"https:\/\/api.w.org\/{rel}","templated":true}]}}