{"id":15528,"date":"2022-11-28T15:47:18","date_gmt":"2022-11-28T12:47:18","guid":{"rendered":"http:\/\/basta2.com\/?p=15528"},"modified":"2022-11-28T15:47:18","modified_gmt":"2022-11-28T12:47:18","slug":"musavat-basqani-yenid%c9%99n-avropaya-d%c9%99v%c9%99t-olundu-divanin-gund%c9%99liyi","status":"publish","type":"post","link":"https:\/\/basta2.com\/?p=15528","title":{"rendered":"M\u00fcsavat ba\u015fqan\u0131 yenid\u0259n Avropaya d\u0259v\u0259t olundu &#8211; Divan\u0131n g\u00fcnd\u0259liyi"},"content":{"rendered":"<p><strong>Noyabr\u0131n 28-d\u0259 M\u00fcsavat Partiyas\u0131 Divan\u0131n\u0131n iclas\u0131 ke\u00e7irilib. Partiyadan veril\u0259n m\u0259lumata g\u00f6r\u0259, iclasda \u0259vv\u0259lc\u0259 g\u00f6r\u00fcl\u0259n i\u015fl\u0259r v\u0259 ke\u00e7iril\u0259n t\u0259dbirl\u0259r bar\u0259d\u0259 m\u0259lumat dinl\u0259nilib.<\/strong><\/p>\n<p>M\u0259clisin son sessiyas\u0131nda ke\u00e7iril\u0259n se\u00e7kil\u0259rin n\u0259tic\u0259l\u0259ri m\u00fczakir\u0259 olunub, M\u00fcsavat\u0131n demokratik prosedurlara \u0259m\u0259l etm\u0259sinin c\u0259miyy\u0259td\u0259 r\u0259\u011fb\u0259tl\u0259 qar\u015f\u0131land\u0131\u011f\u0131 bildirilib.<\/p>\n<p>Rayon t\u0259\u015fkilatlar\u0131nda hesabat-se\u00e7ki y\u0131\u011f\u0131ncaqlar\u0131n\u0131n ke\u00e7irilm\u0259si il\u0259 ba\u011fl\u0131 tap\u015f\u0131r\u0131qlar verilib.<\/p>\n<p>M\u00fcsavat\u0131n M\u0259rk\u0259zi Q\u0259rargah\u0131nda \u015e\u0259hidl\u0259r gu\u015f\u0259sinin yarad\u0131lmas\u0131 haqq\u0131nda q\u0259rar q\u0259bul olunub.<\/p>\n<p>Partiya ba\u015fqan\u0131 <strong>Arif Hac\u0131l\u0131<\/strong> beyn\u0259lxalq t\u0259dbirl\u0259r\u0259 d\u0259v\u0259t olundu\u011funu, bununla \u0259laq\u0259dar yax\u0131n g\u00fcnl\u0259rd\u0259 Avropan\u0131n bir ne\u00e7\u0259 \u00f6lk\u0259sin\u0259 s\u0259f\u0259r ed\u0259c\u0259yini bildirib.<\/p>\n<p>Nax\u00e7\u0131vanda y\u00fcz milyonlarla manat b\u00fcdc\u0259 v\u0259saitinin m\u0259nims\u0259nilm\u0259si \u00f6lk\u0259d\u0259 korrupsiyan\u0131n t\u00fc\u011fyan etm\u0259sinin n\u00f6vb\u0259ti s\u00fcbutu kimi qiym\u0259tl\u0259ndirilib.<\/p>\n<p>Az\u0259rbaycanla Erm\u0259nistan aras\u0131nda ged\u0259n s\u00fclh dan\u0131\u015f\u0131qlar\u0131 prosesinin gedi\u015fat\u0131 t\u0259hlil edib. Qeyd edilib ki, Rusiya v\u0259 Fransan\u0131n m\u00fcdaxil\u0259si n\u0259tic\u0259sind\u0259 dan\u0131\u015f\u0131qlar dalana dir\u0259nib.<\/p>\n<p>\u0130clasda Rusiya ordusunun Ukraynada t\u00f6r\u0259tdiyi h\u0259rbi cinay\u0259tl\u0259r, \u0130randa dini rejim\u0259 qar\u015f\u0131 etirazlar v\u0259 dig\u0259r m\u0259s\u0259l\u0259l\u0259rl\u0259 ba\u011fl\u0131 fikir m\u00fcbadil\u0259si apar\u0131l\u0131b.<\/p>\n<p>Sonda cari m\u0259s\u0259l\u0259l\u0259r m\u00fczakir\u0259 edilib.<\/p>\n<p>&nbsp;<\/p>\n","protected":false},"excerpt":{"rendered":"<p>Noyabr\u0131n 28-d\u0259 M\u00fcsavat Partiyas\u0131 Divan\u0131n\u0131n iclas\u0131 ke\u00e7irilib. Partiyadan veril\u0259n m\u0259lumata g\u00f6r\u0259, iclasda \u0259vv\u0259lc\u0259 g\u00f6r\u00fcl\u0259n i\u015fl\u0259r v\u0259 ke\u00e7iril\u0259n t\u0259dbirl\u0259r bar\u0259d\u0259 m\u0259lumat<\/p>\n","protected":false},"author":1,"featured_media":13766,"comment_status":"closed","ping_status":"closed","sticky":false,"template":"","format":"standard","meta":{"_jetpack_memberships_contains_paid_content":false,"footnotes":""},"categories":[29,36],"tags":[],"class_list":["post-15528","post","type-post","status-publish","format-standard","has-post-thumbnail","hentry","category-manset","category-siyast"],"aioseo_notices":[],"jetpack_featured_media_url":"https:\/\/basta2.com\/wp-content\/uploads\/2022\/06\/Musavat-loqo-1-3.jpg","jetpack_sharing_enabled":true,"_links":{"self":[{"href":"https:\/\/basta2.com\/index.php?rest_route=\/wp\/v2\/posts\/15528","targetHints":{"allow":["GET"]}}],"collection":[{"href":"https:\/\/basta2.com\/index.php?rest_route=\/wp\/v2\/posts"}],"about":[{"href":"https:\/\/basta2.com\/index.php?rest_route=\/wp\/v2\/types\/post"}],"author":[{"embeddable":true,"href":"https:\/\/basta2.com\/index.php?rest_route=\/wp\/v2\/users\/1"}],"replies":[{"embeddable":true,"href":"https:\/\/basta2.com\/index.php?rest_route=%2Fwp%2Fv2%2Fcomments&post=15528"}],"version-history":[{"count":1,"href":"https:\/\/basta2.com\/index.php?rest_route=\/wp\/v2\/posts\/15528\/revisions"}],"predecessor-version":[{"id":15529,"href":"https:\/\/basta2.com\/index.php?rest_route=\/wp\/v2\/posts\/15528\/revisions\/15529"}],"wp:featuredmedia":[{"embeddable":true,"href":"https:\/\/basta2.com\/index.php?rest_route=\/wp\/v2\/media\/13766"}],"wp:attachment":[{"href":"https:\/\/basta2.com\/index.php?rest_route=%2Fwp%2Fv2%2Fmedia&parent=15528"}],"wp:term":[{"taxonomy":"category","embeddable":true,"href":"https:\/\/basta2.com\/index.php?rest_route=%2Fwp%2Fv2%2Fcategories&post=15528"},{"taxonomy":"post_tag","embeddable":true,"href":"https:\/\/basta2.com\/index.php?rest_route=%2Fwp%2Fv2%2Ftags&post=15528"}],"curies":[{"name":"wp","href":"https:\/\/api.w.org\/{rel}","templated":true}]}}