{"id":15559,"date":"2022-11-30T09:37:00","date_gmt":"2022-11-30T06:37:00","guid":{"rendered":"http:\/\/basta2.com\/?p=15559"},"modified":"2022-11-30T09:41:24","modified_gmt":"2022-11-30T06:41:24","slug":"gult%c9%99kin-hacib%c9%99yli-s%c9%99rb%c9%99st-buraxilib","status":"publish","type":"post","link":"https:\/\/basta2.com\/?p=15559","title":{"rendered":"G\u00fclt\u0259kin Hac\u0131b\u0259yli s\u0259rb\u0259st burax\u0131l\u0131b"},"content":{"rendered":"<h1 class=\"small-only\"><\/h1>\n<p>Bak\u0131 hava liman\u0131nda D\u00f6vl\u0259t S\u0259rh\u0259d Xidm\u0259tinin \u0259m\u0259kda\u015flar\u0131 t\u0259r\u0259find\u0259n saxlan\u0131laraq\u00a0polis\u0259 t\u0259hvil veril\u0259n\u00a0G\u00fclt\u0259kin Hac\u0131b\u0259yli N\u0259simi Rayon M\u0259hk\u0259m\u0259sin\u0259 g\u0259tirilib. Onun ifad\u0259si al\u0131naraq s\u0259rb\u0259st burax\u0131l\u0131b.<\/p>\n<p>Bu bar\u0259d\u0259 APA m\u0259lumat yay\u0131b.<\/p>\n<p>Daha \u0259vv\u0259l yay\u0131lan m\u0259lumata g\u00f6r\u0259, sabiq deputat, Milli \u015euran\u0131n \u00fczv\u00fc G\u00fclt\u0259kin Hac\u0131b\u0259yli saxlan\u0131l\u0131b.<\/p>\n<p>Sosial \u015f\u0259b\u0259k\u0259d\u0259 yay\u0131lan m\u0259lumata g\u00f6r\u0259 , o, xaricd\u0259n \u00f6lk\u0259y\u0259 qay\u0131dark\u0259n Bak\u0131da hava liman\u0131nda tutulub.<\/p>\n<p>Bildirilir ki, \u00f6t\u0259n ay G.Hac\u0131b\u0259ylid\u0259n Cinay\u0259t M\u0259c\u0259ll\u0259sinin 147.2 (A\u011f\u0131r v\u0259 ya x\u00fcsusil\u0259 a\u011f\u0131r cinay\u0259td\u0259 ittiham etm\u0259kl\u0259 b\u00f6htan atma) madd\u0259si il\u0259 \u015fikay\u0259t olunub. Onun bar\u0259sind\u0259 x\u00fcsusi ittiham qaydas\u0131nda cinay\u0259t i\u015fi a\u00e7\u0131l\u0131b.<\/p>\n<p>\u015eikay\u0259t\u00e7inin kimliyi a\u00e7\u0131qlanm\u0131r.<\/p>\n<p>Milli \u015euran\u0131n v\u0259 M\u00fcsavat partiyas\u0131n\u0131n \u00fczv\u00fc Tofiq Yaqublu G\u00fclt\u0259kin Hac\u0131b\u0259ylinin saxlan\u0131lmas\u0131n\u0131n siyasi motivli oldu\u011funu bildirib.<\/p>\n<p>Basta<\/p>\n<p>&nbsp;<\/p>\n","protected":false},"excerpt":{"rendered":"<p>Bak\u0131 hava liman\u0131nda D\u00f6vl\u0259t S\u0259rh\u0259d Xidm\u0259tinin \u0259m\u0259kda\u015flar\u0131 t\u0259r\u0259find\u0259n saxlan\u0131laraq\u00a0polis\u0259 t\u0259hvil veril\u0259n\u00a0G\u00fclt\u0259kin Hac\u0131b\u0259yli N\u0259simi Rayon M\u0259hk\u0259m\u0259sin\u0259 g\u0259tirilib. Onun ifad\u0259si al\u0131naraq s\u0259rb\u0259st<\/p>\n","protected":false},"author":1,"featured_media":15560,"comment_status":"closed","ping_status":"closed","sticky":false,"template":"","format":"standard","meta":{"_jetpack_memberships_contains_paid_content":false,"footnotes":""},"categories":[30,29],"tags":[],"class_list":["post-15559","post","type-post","status-publish","format-standard","has-post-thumbnail","hentry","category-gundm","category-manset"],"aioseo_notices":[],"jetpack_featured_media_url":"https:\/\/basta2.com\/wp-content\/uploads\/2022\/11\/2020-06-07-01-11-44VGa2l9359VBpZydA8Gd0_file.jpg","jetpack_sharing_enabled":true,"_links":{"self":[{"href":"https:\/\/basta2.com\/index.php?rest_route=\/wp\/v2\/posts\/15559","targetHints":{"allow":["GET"]}}],"collection":[{"href":"https:\/\/basta2.com\/index.php?rest_route=\/wp\/v2\/posts"}],"about":[{"href":"https:\/\/basta2.com\/index.php?rest_route=\/wp\/v2\/types\/post"}],"author":[{"embeddable":true,"href":"https:\/\/basta2.com\/index.php?rest_route=\/wp\/v2\/users\/1"}],"replies":[{"embeddable":true,"href":"https:\/\/basta2.com\/index.php?rest_route=%2Fwp%2Fv2%2Fcomments&post=15559"}],"version-history":[{"count":2,"href":"https:\/\/basta2.com\/index.php?rest_route=\/wp\/v2\/posts\/15559\/revisions"}],"predecessor-version":[{"id":15562,"href":"https:\/\/basta2.com\/index.php?rest_route=\/wp\/v2\/posts\/15559\/revisions\/15562"}],"wp:featuredmedia":[{"embeddable":true,"href":"https:\/\/basta2.com\/index.php?rest_route=\/wp\/v2\/media\/15560"}],"wp:attachment":[{"href":"https:\/\/basta2.com\/index.php?rest_route=%2Fwp%2Fv2%2Fmedia&parent=15559"}],"wp:term":[{"taxonomy":"category","embeddable":true,"href":"https:\/\/basta2.com\/index.php?rest_route=%2Fwp%2Fv2%2Fcategories&post=15559"},{"taxonomy":"post_tag","embeddable":true,"href":"https:\/\/basta2.com\/index.php?rest_route=%2Fwp%2Fv2%2Ftags&post=15559"}],"curies":[{"name":"wp","href":"https:\/\/api.w.org\/{rel}","templated":true}]}}