{"id":15563,"date":"2022-11-30T11:42:30","date_gmt":"2022-11-30T08:42:30","guid":{"rendered":"http:\/\/basta2.com\/?p=15563"},"modified":"2022-11-30T11:42:30","modified_gmt":"2022-11-30T08:42:30","slug":"vasif-talibovun-oglu-v%c9%99zif%c9%99sind%c9%99n-azad-edilib","status":"publish","type":"post","link":"https:\/\/basta2.com\/?p=15563","title":{"rendered":"Vasif Tal\u0131bovun o\u011flu v\u0259zif\u0259sind\u0259n azad edilib?"},"content":{"rendered":"<p class=\"small-only\">\n<p>&nbsp;<\/p>\n<p>Nax\u00e7\u0131van Muxtar Respublikas\u0131 Ali M\u0259clisinin s\u0259dri Vasif Tal\u0131bovun ki\u00e7ik o\u011flu Seymur Tal\u0131bovun Nax\u00e7\u0131van D\u00f6vl\u0259t Universitetinin prorektoru v\u0259zif\u0259sind\u0259n azad edildiyi bildirilir.<\/p>\n<p>Bu bar\u0259d\u0259 Tns.az m\u0259lumat yay\u0131b.<\/p>\n<p>Qeyd ed\u0259k ki, Seymur Tal\u0131bov Nax\u00e7\u0131van D\u00f6vl\u0259t Universitetinin beyn\u0259lxalq m\u0259s\u0259l\u0259l\u0259r \u00fczr\u0259 prorektoru v\u0259zif\u0259sind\u0259 \u00e7al\u0131\u015f\u0131rd\u0131.<\/p>\n<p>M\u0259lumatlara g\u00f6r\u0259, Vasif Tal\u0131bovun o\u011flu \u00f6z\u00fcn\u00fc Nax\u00e7\u0131van D\u00f6vl\u0259t Universitetinin rektoru kimi apar\u0131b, universitetd\u0259 b\u00fct\u00fcn m\u0259s\u0259l\u0259l\u0259r\u0259 \u015f\u0259xs\u0259n n\u0259zar\u0259t edib. Universitetd\u0259 \u0259lav\u0259 t\u0259hsil\u0259 q\u0259bul, qabiliyy\u0259t imtahanlar\u0131 zaman\u0131 al\u0131nan r\u00fc\u015fv\u0259t birba\u015fa Seymur Tal\u0131bova \u00e7atd\u0131r\u0131l\u0131b.\u00a0G\u00fcman edilir ki, universitetd\u0259 apar\u0131lacaq yoxlamalar zaman\u0131 onu k\u0259narda saxlamaq m\u0259qs\u0259dil\u0259 Vasif Tal\u0131bov bel\u0259 bir q\u0259rar q\u0259bul edib.<\/p>\n<p>Seymur Tal\u0131bov 2011-ci ilin yanvar ay\u0131ndan Nax\u00e7\u0131van D\u00f6vl\u0259t Universitetinin Beyn\u0259lxalq m\u00fcnasib\u0259tl\u0259r kafedras\u0131nda m\u00fc\u0259llim, 2013-c\u00fc ild\u0259n is\u0259 ba\u015f m\u00fc\u0259llim i\u015fl\u0259yir. 2012-ci ild\u0259n Nax\u00e7\u0131van D\u00f6vl\u0259t Universitetind\u0259 beyn\u0259lxalq h\u00fcquq \u00fczr\u0259 qiyabi doktorant olub. 2017-ci ild\u0259n is\u0259 NDU-nun dosentidir.<\/p>\n<p>Xat\u0131rladaq ki, Seymur Tal\u0131bov 2015-ci ild\u0259n Nax\u00e7\u0131van Muxtar Respublikas\u0131 Ali M\u0259clisinin deputat\u0131d\u0131r.<\/p>\n<p>Oxu.az<\/p>\n","protected":false},"excerpt":{"rendered":"<p>&nbsp; Nax\u00e7\u0131van Muxtar Respublikas\u0131 Ali M\u0259clisinin s\u0259dri Vasif Tal\u0131bovun ki\u00e7ik o\u011flu Seymur Tal\u0131bovun Nax\u00e7\u0131van D\u00f6vl\u0259t Universitetinin prorektoru v\u0259zif\u0259sind\u0259n azad edildiyi<\/p>\n","protected":false},"author":1,"featured_media":15565,"comment_status":"closed","ping_status":"closed","sticky":false,"template":"","format":"standard","meta":{"_jetpack_memberships_contains_paid_content":false,"footnotes":""},"categories":[30,29],"tags":[],"class_list":["post-15563","post","type-post","status-publish","format-standard","has-post-thumbnail","hentry","category-gundm","category-manset"],"aioseo_notices":[],"jetpack_featured_media_url":"https:\/\/basta2.com\/wp-content\/uploads\/2022\/11\/FotoJet-2022-11-30T113005.065.jpg","jetpack_sharing_enabled":true,"_links":{"self":[{"href":"https:\/\/basta2.com\/index.php?rest_route=\/wp\/v2\/posts\/15563","targetHints":{"allow":["GET"]}}],"collection":[{"href":"https:\/\/basta2.com\/index.php?rest_route=\/wp\/v2\/posts"}],"about":[{"href":"https:\/\/basta2.com\/index.php?rest_route=\/wp\/v2\/types\/post"}],"author":[{"embeddable":true,"href":"https:\/\/basta2.com\/index.php?rest_route=\/wp\/v2\/users\/1"}],"replies":[{"embeddable":true,"href":"https:\/\/basta2.com\/index.php?rest_route=%2Fwp%2Fv2%2Fcomments&post=15563"}],"version-history":[{"count":1,"href":"https:\/\/basta2.com\/index.php?rest_route=\/wp\/v2\/posts\/15563\/revisions"}],"predecessor-version":[{"id":15566,"href":"https:\/\/basta2.com\/index.php?rest_route=\/wp\/v2\/posts\/15563\/revisions\/15566"}],"wp:featuredmedia":[{"embeddable":true,"href":"https:\/\/basta2.com\/index.php?rest_route=\/wp\/v2\/media\/15565"}],"wp:attachment":[{"href":"https:\/\/basta2.com\/index.php?rest_route=%2Fwp%2Fv2%2Fmedia&parent=15563"}],"wp:term":[{"taxonomy":"category","embeddable":true,"href":"https:\/\/basta2.com\/index.php?rest_route=%2Fwp%2Fv2%2Fcategories&post=15563"},{"taxonomy":"post_tag","embeddable":true,"href":"https:\/\/basta2.com\/index.php?rest_route=%2Fwp%2Fv2%2Ftags&post=15563"}],"curies":[{"name":"wp","href":"https:\/\/api.w.org\/{rel}","templated":true}]}}