{"id":15670,"date":"2022-12-12T12:27:28","date_gmt":"2022-12-12T09:27:28","guid":{"rendered":"http:\/\/basta2.com\/?p=15670"},"modified":"2022-12-12T12:27:28","modified_gmt":"2022-12-12T09:27:28","slug":"az%c9%99rbaycanli-ekoaktivistl%c9%99r-lacin-d%c9%99hlizini-baglayib","status":"publish","type":"post","link":"https:\/\/basta2.com\/?p=15670","title":{"rendered":"Az\u0259rbaycanl\u0131 ekoaktivistl\u0259r La\u00e7\u0131n d\u0259hlizini ba\u011flay\u0131b"},"content":{"rendered":"<div class=\"maincontent\">\n<p>Dekabr\u0131n 12-d\u0259 s\u0259h\u0259r tezd\u0259n onlarla az\u0259rbaycanl\u0131 f\u0259al \u015eu\u015fa \u015f\u0259h\u0259ri yax\u0131nl\u0131\u011f\u0131ndak\u0131 s\u00fclhm\u0259raml\u0131lar\u0131n postunun \u00a0qar\u015f\u0131s\u0131nda \u00a0La\u00e7\u0131n d\u0259hlizinin ba\u011flay\u0131b.<\/p>\n<p>Erm\u0259nistanla Qaraba\u011f aras\u0131nda n\u0259qliyyat\u0131n h\u0259r\u0259k\u0259ti dayand\u0131r\u0131l\u0131b.<\/p>\n<p>Aksiya\u00a0 qeyri-h\u00f6kum\u0259t t\u0259\u015fkilatlar\u0131n\u0131n \u00fczvl\u0259ri t\u0259r\u0259find\u0259n h\u0259yata ke\u00e7irilir, onlar\u00a0 s\u00fclhm\u0259raml\u0131 q\u00fcvv\u0259l\u0259rin komandan\u0131 general Volkovun onlar\u0131n yan\u0131na g\u0259lm\u0259sini t\u0259l\u0259b.<\/p>\n<p>F\u0259allar \u0259ll\u0259rind\u0259 s\u00fclhm\u0259raml\u0131lar\u0131n h\u0259r\u0259k\u0259tsizliyini pisl\u0259y\u0259n plakatlar tutublar. \u00c7\u00fcnki dekabr\u0131n 10-da onlar Agd\u0259r\u0259d\u0259 az\u0259rbaycanl\u0131 ekoloqlar\u0131n\u0131n m\u0259d\u0259nl\u0259rd\u0259 monitorinq ke\u00e7irm\u0259l\u0259rini \u00a0t\u0259min etm\u0259yibl\u0259r. Etiraz\u00e7\u0131lar \u201cVolkova ar olsun!\u201d \u015f\u00fcarlar\u0131 s\u0259sl\u0259ndirirl\u0259r.<\/p>\n<p>Son m\u0259lumata g\u00f6r\u0259, f\u0259allar La\u00e7\u0131n yolunda \u00e7ad\u0131rlar qurublar.<\/p>\n<p>Bu, dekabr\u0131n 3-d\u0259n sonra az\u0259rbaycanl\u0131lar\u0131n yolu ba\u011flamas\u0131 il\u0259 ba\u011fl\u0131 ikinci hald\u0131r.<\/p>\n<p>Ke\u00e7\u0259n d\u0259f\u0259 s\u00fclhm\u0259raml\u0131 q\u00fcvv\u0259l\u0259rin komandan\u0131 general Volkovun Az\u0259rbaycan\u0131n d\u00f6vl\u0259t orqanlar\u0131n\u0131n n\u00fcmay\u0259nd\u0259l\u0259rin\u0259 m\u0259d\u0259nl\u0259rin \u00a0monitorinqini t\u0259min ed\u0259c\u0259yi bar\u0259d\u0259 v\u0259d verm\u0259sind\u0259n \u00a0sonra yol a\u00e7\u0131lm\u0131\u015fd\u0131r. Lakin dekabr\u0131n 10-da\u00a0 erm\u0259nil\u0259r az\u0259rbaycanl\u0131 m\u00fct\u0259x\u0259ssisl\u0259ri Agd\u0259r\u0259d\u0259ki m\u0259d\u0259nl\u0259r\u0259 butaxmay\u0131b v\u0259 s\u00fclhm\u0259raml\u0131lar buna m\u00fcdaxil\u0259 etm\u0259yib.<\/p>\n<p>Monitorinqin apar\u0131lmas\u0131 z\u0259rur\u0259ti Erm\u0259nistan t\u0259r\u0259finin Az\u0259rbaycan\u0131n t\u0259bii s\u0259rv\u0259tl\u0259rini qeyri-qanuni istismar etm\u0259si v\u0259 \u00f6lk\u0259 qanunlar\u0131na m\u0259h\u0259l qoymamas\u0131 il\u0259 ba\u011fl\u0131d\u0131r.<\/p>\n<p><iframe loading=\"lazy\" id=\"videoclip\" class=\"youtube-player\" title=\"SON D\u018fQ\u0130Q\u018f | Canl\u0131 | La\u00e7\u0131n yolunda etiraz aksiyas\u0131\" src=\"https:\/\/www.youtube.com\/embed\/tRaCbCxr0KM?enablejsapi=1\" width=\"650\" height=\"400\" frameborder=\"0\" allowfullscreen=\"allowfullscreen\" data-gtm-yt-inspected-5=\"true\" data-mce-fragment=\"1\"><\/iframe><\/div>\n<p>&nbsp;<\/p>\n<div id=\"bxcnt\"><\/div>\n","protected":false},"excerpt":{"rendered":"<p>Dekabr\u0131n 12-d\u0259 s\u0259h\u0259r tezd\u0259n onlarla az\u0259rbaycanl\u0131 f\u0259al \u015eu\u015fa \u015f\u0259h\u0259ri yax\u0131nl\u0131\u011f\u0131ndak\u0131 s\u00fclhm\u0259raml\u0131lar\u0131n postunun \u00a0qar\u015f\u0131s\u0131nda \u00a0La\u00e7\u0131n d\u0259hlizinin ba\u011flay\u0131b. Erm\u0259nistanla Qaraba\u011f aras\u0131nda n\u0259qliyyat\u0131n<\/p>\n","protected":false},"author":1,"featured_media":15672,"comment_status":"closed","ping_status":"closed","sticky":false,"template":"","format":"standard","meta":{"_jetpack_memberships_contains_paid_content":false,"footnotes":""},"categories":[30,29],"tags":[],"class_list":["post-15670","post","type-post","status-publish","format-standard","has-post-thumbnail","hentry","category-gundm","category-manset"],"aioseo_notices":[],"jetpack_featured_media_url":"https:\/\/basta2.com\/wp-content\/uploads\/2022\/12\/1670832052_16708291895573426893_1000x669.jpg","jetpack_sharing_enabled":true,"_links":{"self":[{"href":"https:\/\/basta2.com\/index.php?rest_route=\/wp\/v2\/posts\/15670","targetHints":{"allow":["GET"]}}],"collection":[{"href":"https:\/\/basta2.com\/index.php?rest_route=\/wp\/v2\/posts"}],"about":[{"href":"https:\/\/basta2.com\/index.php?rest_route=\/wp\/v2\/types\/post"}],"author":[{"embeddable":true,"href":"https:\/\/basta2.com\/index.php?rest_route=\/wp\/v2\/users\/1"}],"replies":[{"embeddable":true,"href":"https:\/\/basta2.com\/index.php?rest_route=%2Fwp%2Fv2%2Fcomments&post=15670"}],"version-history":[{"count":1,"href":"https:\/\/basta2.com\/index.php?rest_route=\/wp\/v2\/posts\/15670\/revisions"}],"predecessor-version":[{"id":15673,"href":"https:\/\/basta2.com\/index.php?rest_route=\/wp\/v2\/posts\/15670\/revisions\/15673"}],"wp:featuredmedia":[{"embeddable":true,"href":"https:\/\/basta2.com\/index.php?rest_route=\/wp\/v2\/media\/15672"}],"wp:attachment":[{"href":"https:\/\/basta2.com\/index.php?rest_route=%2Fwp%2Fv2%2Fmedia&parent=15670"}],"wp:term":[{"taxonomy":"category","embeddable":true,"href":"https:\/\/basta2.com\/index.php?rest_route=%2Fwp%2Fv2%2Fcategories&post=15670"},{"taxonomy":"post_tag","embeddable":true,"href":"https:\/\/basta2.com\/index.php?rest_route=%2Fwp%2Fv2%2Ftags&post=15670"}],"curies":[{"name":"wp","href":"https:\/\/api.w.org\/{rel}","templated":true}]}}