{"id":15810,"date":"2022-12-23T14:27:19","date_gmt":"2022-12-23T11:27:19","guid":{"rendered":"http:\/\/basta2.com\/?p=15810"},"modified":"2022-12-23T16:18:47","modified_gmt":"2022-12-23T13:18:47","slug":"b%c9%99xtiyar-haciyev%c9%99-azadliq-t%c9%99l%c9%99bil%c9%99-aksiya-saxlanilanlar-var","status":"publish","type":"post","link":"https:\/\/basta2.com\/?p=15810","title":{"rendered":"&#8220;B\u0259xtiyar Hac\u0131yev\u0259 azadl\u0131q&#8221; t\u0259l\u0259bil\u0259 aksiya &#8211; saxlan\u0131lanlar var"},"content":{"rendered":"<p>Siyasi f\u0259al B\u0259xtiyar Hac\u0131yev\u0259 azadl\u0131q t\u0259l\u0259bil\u0259 bu g\u00fcn Bak\u0131n\u0131n F\u0259vvar\u0259l\u0259r Meydan\u0131nda ke\u00e7iril\u0259n aksiyada onlarla f\u0259al, o c\u00fcml\u0259d\u0259n Milli \u015euran\u0131n v\u0259 M\u00fcsavat Partiyas\u0131n\u0131n \u00fczv\u00fc <strong>Tofiq Yaqublu,<\/strong> siyasi f\u0259al <strong>\u0130lkin R\u00fcst\u0259mzad\u0259, <\/strong>M\u00fcsavat\u0131n M\u0259clis \u00fczv\u00fc <strong>Ayxan Hac\u0131b\u0259yli,<\/strong> AXCP f\u0259al\u0131 <strong>Tofiq M\u0259mm\u0259dov<\/strong>\u00a0 v\u0259 dig\u0259rl\u0259ri polis t\u0259r\u0259find\u0259n saxlan\u0131l\u0131b.<\/p>\n<p>Aksiyan\u0131n t\u0259\u015fkilat\u00e7\u0131lar\u0131ndan &#8220;M\u00fcdafi\u0259 X\u0259tti&#8221; h\u00fcquq m\u00fcdafi\u0259 t\u0259\u015fkilat\u0131n\u0131n t\u0259msil\u00e7il\u0259ri <strong>R\u00fcf\u0259t S\u0259f\u0259rov<\/strong>,\u00a0<strong>Zaur \u018fkb\u0259r\u00a0<\/strong>v\u0259\u00a0<strong>Z\u0259f\u0259r \u018fhm\u0259dov<\/strong>un da saxland\u0131\u011f\u0131 bildirilir.<\/p>\n<div dir=\"auto\">***<\/div>\n<div dir=\"auto\">Musavat\u0131n M\u0259clis \u00fczv\u00fc <strong>Arzulla Bulud<\/strong>, MNTK \u00fczv\u00fc <strong>\u018fli H\u0259s\u0259nov<\/strong>, AXCP r\u0259yas\u0259t hey\u0259tinin \u00fczvl\u0259ri<strong> Asif Yusifli<\/strong> v\u0259<strong> Safiq Qurbanov<\/strong> da daxil olmaqla 40-dan \u00e7ox f\u0259al\u0131n saxlan\u0131ld\u0131\u011f\u0131 bildirilir.<\/div>\n<p>Azadl\u0131qRadiosu v\u0259 Meydan TV-nin aksiyadan canl\u0131 yay\u0131mlar\u0131n\u0131 t\u0259qdim edirik:<\/p>\n<p><iframe loading=\"lazy\" style=\"border: none; overflow: hidden;\" src=\"https:\/\/www.facebook.com\/plugins\/video.php?href=https%3A%2F%2Fwww.facebook.com%2FAzadliqLive%2Fvideos%2F857888622191663%2F&amp;show_text=0&amp;width=560\" width=\"560\" height=\"315\" frameborder=\"0\" scrolling=\"no\" allowfullscreen=\"allowfullscreen\"><\/iframe><\/p>\n<p>&nbsp;<\/p>\n<p><iframe loading=\"lazy\" style=\"border: none; overflow: hidden;\" src=\"https:\/\/www.facebook.com\/plugins\/video.php?height=314&amp;href=https%3A%2F%2Fwww.facebook.com%2FMeydanTelevision%2Fvideos%2F495394869366152%2F&amp;show_text=false&amp;width=560&amp;t=0\" width=\"560\" height=\"314\" frameborder=\"0\" scrolling=\"no\" allowfullscreen=\"allowfullscreen\"><\/iframe><\/p>\n","protected":false},"excerpt":{"rendered":"<p>Siyasi f\u0259al B\u0259xtiyar Hac\u0131yev\u0259 azadl\u0131q t\u0259l\u0259bil\u0259 bu g\u00fcn Bak\u0131n\u0131n F\u0259vvar\u0259l\u0259r Meydan\u0131nda ke\u00e7iril\u0259n aksiyada onlarla f\u0259al, o c\u00fcml\u0259d\u0259n Milli \u015euran\u0131n v\u0259<\/p>\n","protected":false},"author":1,"featured_media":15811,"comment_status":"closed","ping_status":"closed","sticky":false,"template":"","format":"standard","meta":{"_jetpack_memberships_contains_paid_content":false,"footnotes":""},"categories":[30,29],"tags":[],"class_list":["post-15810","post","type-post","status-publish","format-standard","has-post-thumbnail","hentry","category-gundm","category-manset"],"aioseo_notices":[],"jetpack_featured_media_url":"https:\/\/basta2.com\/wp-content\/uploads\/2022\/12\/aksiya-bh.jpg","jetpack_sharing_enabled":true,"_links":{"self":[{"href":"https:\/\/basta2.com\/index.php?rest_route=\/wp\/v2\/posts\/15810","targetHints":{"allow":["GET"]}}],"collection":[{"href":"https:\/\/basta2.com\/index.php?rest_route=\/wp\/v2\/posts"}],"about":[{"href":"https:\/\/basta2.com\/index.php?rest_route=\/wp\/v2\/types\/post"}],"author":[{"embeddable":true,"href":"https:\/\/basta2.com\/index.php?rest_route=\/wp\/v2\/users\/1"}],"replies":[{"embeddable":true,"href":"https:\/\/basta2.com\/index.php?rest_route=%2Fwp%2Fv2%2Fcomments&post=15810"}],"version-history":[{"count":5,"href":"https:\/\/basta2.com\/index.php?rest_route=\/wp\/v2\/posts\/15810\/revisions"}],"predecessor-version":[{"id":15820,"href":"https:\/\/basta2.com\/index.php?rest_route=\/wp\/v2\/posts\/15810\/revisions\/15820"}],"wp:featuredmedia":[{"embeddable":true,"href":"https:\/\/basta2.com\/index.php?rest_route=\/wp\/v2\/media\/15811"}],"wp:attachment":[{"href":"https:\/\/basta2.com\/index.php?rest_route=%2Fwp%2Fv2%2Fmedia&parent=15810"}],"wp:term":[{"taxonomy":"category","embeddable":true,"href":"https:\/\/basta2.com\/index.php?rest_route=%2Fwp%2Fv2%2Fcategories&post=15810"},{"taxonomy":"post_tag","embeddable":true,"href":"https:\/\/basta2.com\/index.php?rest_route=%2Fwp%2Fv2%2Ftags&post=15810"}],"curies":[{"name":"wp","href":"https:\/\/api.w.org\/{rel}","templated":true}]}}