{"id":16140,"date":"2023-01-20T11:17:04","date_gmt":"2023-01-20T08:17:04","guid":{"rendered":"http:\/\/basta2.com\/?p=16140"},"modified":"2023-01-20T11:17:38","modified_gmt":"2023-01-20T08:17:38","slug":"erm%c9%99ni-deputat-danisiqlar-hazirda-abs-in-vasit%c9%99ciliyi-il%c9%99-aparilir","status":"publish","type":"post","link":"https:\/\/basta2.com\/?p=16140","title":{"rendered":"Erm\u0259ni deputat: &#8220;Dan\u0131\u015f\u0131qlar haz\u0131rda AB\u015e-\u0131n vasit\u0259\u00e7iliyi il\u0259 apar\u0131l\u0131r&#8221;"},"content":{"rendered":"<p><strong>\u201cErm\u0259nistan v\u0259 Az\u0259rbaycan aras\u0131nda s\u00fclh dan\u0131\u015f\u0131qlar\u0131 haz\u0131rda AB\u015e-\u0131n vasit\u0259\u00e7iliyi il\u0259 apar\u0131l\u0131r\u201d.<\/strong><\/p>\n<p>Azadl\u0131qRadiosunun Erm\u0259ni xidm\u0259ti \u2013 Azatutyun yaz\u0131r ki, bunu Erm\u0259nistan Milli M\u0259clisind\u0259 hakim \u201cV\u0259t\u0259nda\u015f m\u00fcqavil\u0259si\u201d partiyas\u0131ndan deputat Sarkis Xandanyan deyib.<\/p>\n<p>Deputat\u0131n s\u00f6zl\u0259rin\u0259 g\u00f6r\u0259 s\u00fclh m\u00fcqavil\u0259sinin layih\u0259si AB\u015e-a t\u0259qdim olunub.<\/p>\n<p>Azatutyun deputata istinadla yaz\u0131r ki, s\u00fclh m\u00fcqavil\u0259si layih\u0259sinin m\u0259tni m\u0259lum deyil.<\/p>\n<p>M\u0259lum olan budur ki, Az\u0259rbaycan v\u0259 Erm\u0259nistan m\u0259hz bu layih\u0259 m\u0259tni \u00fczr\u0259 t\u0259klifl\u0259rini bir-birl\u0259rin\u0259 t\u0259qdim edirl\u0259r. Son d\u0259f\u0259 t\u0259klifi Erm\u0259nistan t\u0259qdim edib.<\/p>\n<p><strong>Erm\u0259nistan xarici i\u015fl\u0259r naziri Ararat Mirzoyan\u0131n s\u00f6zl\u0259rin\u0259 g\u00f6r\u0259 Yerevan bu t\u0259klif\u0259 Bak\u0131dan bir ayd\u0131r ki, cavab g\u00f6zl\u0259yir.<\/strong><\/p>\n<p>Mill\u0259t v\u0259kili Xandanyan deyib ki, s\u00fclh m\u00fcqavil\u0259si dan\u0131\u015f\u0131qlar\u0131n\u0131n dalana dir\u0259nm\u0259sini dem\u0259k h\u0259l\u0259 tezdir:<\/p>\n<p>\u201cD\u00fcn\u0259n s\u00fclh m\u00fcqavil\u0259si \u0259traf\u0131nda m\u00fczakir\u0259l\u0259rin davam etdiyini bildirm\u0259siyl\u0259 xarici i\u015fl\u0259r naziri d\u0259 bunu t\u0259sdiql\u0259di\u201d.<\/p>\n<p>Azatutyun yaz\u0131r ki, s\u00fclh m\u00fcqavil\u0259si \u00fczr\u0259 dan\u0131\u015f\u0131qlar indiy\u0259d\u0259k \u00fc\u00e7 platformada: Avropa \u0130ttifaq\u0131, AB\u015e v\u0259 Rusiyan\u0131n vasit\u0259\u00e7iliyi il\u0259 apar\u0131l\u0131b, amma noyabr ay\u0131ndan b\u0259ri iki \u00f6lk\u0259nin n\u0259 liderl\u0259ri, n\u0259 d\u0259 xarici i\u015fl\u0259r nazirl\u0259rinin g\u00f6r\u00fc\u015f\u00fc olmay\u0131b.<\/p>\n<p><span style=\"font-size: 14pt;\"><strong>AB\u015e, yoxsa Rusiya variant\u0131?<\/strong><\/span><\/p>\n<p>Bu da qeyd olunur ki, s\u00fclh m\u00fcqavil\u0259sinin AB\u015e v\u0259 Rusiya variantlar\u0131n\u0131n m\u0259tnl\u0259ri r\u0259sm\u0259n a\u00e7\u0131qlanmay\u0131b.<\/p>\n<p>Bu variantlar bar\u0259d\u0259 ilk d\u0259f\u0259 Rusiya prezidenti Vladimir Putin m\u0259lumat vermi\u015fdi.<\/p>\n<p>Putin i\u015far\u0259 etmi\u015fdi ki, m\u00fcqavil\u0259nin AB\u015e variant\u0131nda Da\u011fl\u0131q Qaraba\u011f Az\u0259rbaycan\u0131n t\u0259rkib hiss\u0259si kimi t\u0259sbitl\u0259nir.<\/p>\n<p>Rusiya prezidenti buna da i\u015far\u0259 etmi\u015fdi ki, Qaraba\u011f m\u0259s\u0259l\u0259sinin Az\u0259rbaycan-Erm\u0259nistan s\u00fclh m\u00fcqavil\u0259sin\u0259 daxil edilm\u0259si m\u00fcmk\u00fcnd\u00fcr.<\/p>\n<p>Bundan bir ne\u00e7\u0259 g\u00fcn \u0259vv\u0259l ba\u015f nazir Nikol Pa\u015finyan bildirmi\u015fdi ki, o Rusiyan\u0131n t\u0259klifl\u0259rin\u0259 \u0259saslanan m\u00fcqavil\u0259ni imzalama\u011fa haz\u0131rd\u0131r. Amma o yanvar\u0131n 18-d\u0259 Praqa raz\u0131la\u015fmalar\u0131na \u0259saslanan m\u00fcqavil\u0259ni imzalama\u011fa haz\u0131r oldu\u011funu b\u0259yan edib.<\/p>\n<p>Yerevan\u0131n hans\u0131 varianta \u00fcst\u00fcnl\u00fck verm\u0259sin\u0259 dair suala deputat Xandanyan bel\u0259 cavab verib:<\/p>\n<p>\u201cBurda s\u00f6hb\u0259t \u00fcst\u00fcnl\u00fck m\u0259s\u0259l\u0259sind\u0259n getmir. \u018fn m\u00fch\u00fcm\u00fc budur ki, vasit\u0259\u00e7i s\u00fclh m\u00fcqavil\u0259sinin yaln\u0131z ka\u011f\u0131z \u00fcz\u0259rind\u0259 qalmayaca\u011f\u0131na qarantiya ver\u0259 bilsin. \u0130ndi bel\u0259 g\u00f6r\u00fcn\u00fcr ki, proses AB\u015e-\u0131n vasit\u0259\u00e7iliyi il\u0259 ba\u015flanan m\u0259ntiq \u00fczr\u0259 gedir\u201d.<\/p>\n<p>Lavrov: &#8216;S\u00fclhm\u0259raml\u0131lar\u0131n La\u00e7\u0131n d\u0259hlizind\u0259n silah da\u015f\u0131nmad\u0131\u011f\u0131n\u0131 yoxlamaq h\u00fcququ var&#8217;<\/p>\n<p><strong>\u0130ki f\u0259rqli variant, yoxsa \u201chans\u0131 al\u0131nsa?\u201d<\/strong><\/p>\n<p>Azatutyun yaz\u0131r ki, parlamentd\u0259ki m\u00fcxalif \u201cM\u0259nim \u015f\u0259r\u0259fim\u201d fraksiyas\u0131n\u0131n lideri Ayk Mamicanyan iqtidardan olan h\u0259mkar\u0131n\u0131n verdiyi bu x\u0259b\u0259rd\u0259n t\u0259\u0259cc\u00fcbl\u0259ndiyini deyib:<\/p>\n<p>\u201cBir-birini inkar etm\u0259s\u0259 d\u0259, prinsipial f\u0259rqli olan iki m\u00fcqavil\u0259nin h\u0259r ikisi il\u0259 nec\u0259 raz\u0131la\u015fmaq olar? Siz Pa\u015finyan\u0131n siyas\u0259tini yax\u015f\u0131 x\u0131rdalad\u0131n\u0131z: hans\u0131 al\u0131nsa, o variant\u201d.<\/p>\n<p>\u0130qtidar deputat\u0131ndan f\u0259rqli olaraq m\u00fcxalif\u0259td\u0259n olan mill\u0259t v\u0259kili hesab edir ki, dan\u0131\u015f\u0131qlar dalana dir\u0259nib.<\/p>\n<p>Ke\u00e7mi\u015f prezident Robert Ko\u00e7aryan\u0131n Hayastan fraksiyas\u0131n\u0131n r\u0259hb\u0259ri Seyran Ohanyan is\u0259 hesab edir ki, s\u00fclh m\u00fcqavil\u0259sinin g\u00fcnd\u0259liyi yanl\u0131\u015fd\u0131r:<\/p>\n<p>\u201cH\u0259rbi \u0259m\u0259liyyatlar, el\u0259 bu blokada o dem\u0259kdir ki, s\u00fclh g\u00fcnd\u0259liyi yanl\u0131\u015fd\u0131r. Hakimiyy\u0259t is\u0259 g\u00f6z\u00fcyumulu bu yanl\u0131\u015f g\u00fcnd\u0259liy\u0259 q\u0259d\u0259m qoyur v\u0259 h\u0259tta \u201cArtsax (Qaraba\u011f-red) \u00f6z m\u00fcq\u0259dd\u0259rat\u0131n\u0131 m\u00fc\u0259yy\u0259n edib, Artsax (Qaraba\u011f-red) bu \u015f\u0259raitd\u0259 he\u00e7 c\u00fcr Az\u0259rbaycan\u0131n t\u0259rkibind\u0259 ya\u015famaq imkan\u0131na malik deyil\u201d fikrini dil\u0259 g\u0259tirm\u0259kd\u0259n bel\u0259 qorxur\u201d.<\/p>\n<p><strong>N\u0259s\u0259 g\u00f6zl\u0259nilirmi?<\/strong><\/p>\n<p>Azatutyun yaz\u0131r ki, yanvar\u0131n 18-d\u0259 Nikol Pa\u015finyanla telefon s\u00f6hb\u0259tind\u0259n sonra AB\u015e d\u00f6vl\u0259t katibi Entoni Blinken Twitter-d\u0259 ba\u015f nazirl\u0259 Az\u0259rbaycanla s\u00fclh dan\u0131\u015f\u0131qlar\u0131n\u0131n b\u0259rpas\u0131 m\u0259s\u0259l\u0259sini m\u00fczakir\u0259 etdiyini yaz\u0131b.<\/p>\n<p>AB\u015e D\u00f6vl\u0259t Departamentinin s\u00f6z\u00e7\u00fcs\u00fc Ned Prays is\u0259 bildirib ki, c\u0259nab Blinken bug\u00fcnl\u0259rd\u0259 Az\u0259rbaycan prezidenti \u0130lham \u018fliyevl\u0259 dan\u0131\u015facaq:<\/p>\n<p>\u201cSon vaxtlar biz Qaraba\u011f m\u0259s\u0259l\u0259si \u0259traf\u0131nda geril\u0259m\u0259 g\u00f6r\u00fcr\u00fck. Biz ist\u0259yirik ki, konstruktiv dialoq b\u0259rpa olunsun. Biz ikit\u0259r\u0259fli formatda t\u0259sir g\u00f6st\u0259rm\u0259y\u0259 haz\u0131r\u0131q. Biz m\u00fcmk\u00fcn oldu\u011fu vaxt v\u0259 yerd\u0259 partnyorlar\u0131m\u0131zla, AT\u018fT vasit\u0259sil\u0259 v\u0259 ya \u0259vv\u0259ll\u0259r etdiyimiz kimi \u00fc\u00e7t\u0259r\u0259fli formatda h\u0259r\u0259k\u0259t etm\u0259y\u0259 haz\u0131r\u0131q\u201d.<\/p>\n<p>Bel\u0259 oldu\u011fu halda Az\u0259rbaycan v\u0259 Erm\u0259nistan xarici i\u015fl\u0259r nazirl\u0259ri aras\u0131nda h\u0259r hans\u0131 g\u00f6r\u00fc\u015fl\u0259r g\u00f6zl\u0259nilirmi? \u018fvv\u0259ll\u0259r bel\u0259 g\u00f6r\u00fc\u015fl\u0259rd\u0259 vasit\u0259\u00e7iliyi AB\u015e edib.<\/p>\n<p>Erm\u0259nistan X\u0130N Azatutyuna bildirib ki, nazirl\u0259rin m\u00fcmk\u00fcn g\u00f6r\u00fc\u015f\u00fc bar\u0259d\u0259 m\u0259lumat \u0259vv\u0259lc\u0259d\u0259n veril\u0259c\u0259k.<\/p>\n<p>Armenia-Prime Minister Nikol Pashinian had a telephone conversation with US Secretary of State Anthony Blinken,undated<br \/>\nBUNA DA BAX:<br \/>\nBlinken Pa\u015finyan\u0131 Az\u0259rbaycanla dan\u0131\u015f\u0131qlar\u0131n b\u0259rpas\u0131na \u00e7a\u011f\u0131r\u0131r<br \/>\nBundan \u0259vv\u0259lki g\u00f6r\u00fc\u015fl\u0259r<br \/>\n\u00d6t\u0259n ilin dekabr\u0131ndan ba\u015flayaraq iki \u00f6lk\u0259 aras\u0131nda s\u00fclh dan\u0131\u015f\u0131qlar\u0131 Avropa \u0130ttifaq\u0131n\u0131n (A\u0130) vasit\u0259\u00e7iliyi il\u0259 apar\u0131l\u0131rd\u0131.<\/p>\n<p>Az\u0259rbaycanla Erm\u0259nistan liderl\u0259rinin h\u0259min formatda sonuncu g\u00f6r\u00fc\u015f\u00fc d\u0259 oktyabr\u0131n 6-da A\u0130 \u015euras\u0131n\u0131n prezidenti v\u0259 Fransa d\u00f6vl\u0259t ba\u015f\u00e7\u0131s\u0131n\u0131n i\u015ftirak\u0131 il\u0259 Praqada ger\u00e7\u0259kl\u0259\u015fmi\u015fdi.<\/p>\n<p>Praqa dan\u0131\u015f\u0131qlar\u0131nda Avropa \u0130ttifaq\u0131 \u015euras\u0131n\u0131n r\u0259hb\u0259ri \u015earl Mi\u015feld\u0259n ba\u015fqa Fransa prezidenti Emmanuel Makron da i\u015ftirak etmi\u015fdi.<\/p>\n<p>AB\u015e-\u0131n D\u00f6vl\u0259t katibi Entoni Blinken Az\u0259rbaycan v\u0259 Erm\u0259nistan\u0131n s\u00fclh\u0259 do\u011fru &#8220;c\u0259sar\u0259tli&#8221; add\u0131mlar atmas\u0131n\u0131 alq\u0131\u015flam\u0131\u015fd\u0131. \u0130ki \u00f6lk\u0259nin xarici i\u015fl\u0259r nazirl\u0259ri noyabr\u0131n 7-d\u0259 Va\u015finqtonda bir araya g\u0259lmi\u015fdil\u0259r.<\/p>\n<p>Az\u0259rbaycan prezidenti \u0130lham \u018fliyev v\u0259 Erm\u0259nistan\u0131n ba\u015f naziri Nikol Pa\u015finyan aras\u0131nda Avropa \u0130ttifaq\u0131n\u0131n vasit\u0259\u00e7iliyi il\u0259 dekabr\u0131n 7-\u0259 planla\u015fd\u0131r\u0131lan son g\u00f6r\u00fc\u015f ba\u015f tutmay\u0131b.<\/p>\n<p>Erm\u0259ni t\u0259r\u0259fi bu g\u00f6r\u00fc\u015fd\u0259 d\u0259 Fransa prezidenti Emmanuel Makronun i\u015ftirak etm\u0259sind\u0259 israrl\u0131 idi.<\/p>\n<p>Az\u0259rbaycan prezidenti \u0130lham \u018fliyev bu t\u0259klifi r\u0259dd etmi\u015f v\u0259 bildirmi\u015fdi ki, Fransa bu m\u0259s\u0259l\u0259d\u0259 neytral deyil v\u0259 Yerevana t\u0259r\u0259fke\u015flik edir.<\/p>\n<p><strong>Xat\u0131rlatma<\/strong><br \/>\n2020-ci ild\u0259 44 g\u00fcnl\u00fck \u0130kinci Qaraba\u011f M\u00fcharib\u0259si n\u0259tic\u0259sind\u0259 Az\u0259rbaycan Qaraba\u011f\u0131n bir hiss\u0259sin\u0259 v\u0259 \u0259traf 7 rayona n\u0259zar\u0259ti b\u0259rpa edib.<\/p>\n<p>Az\u0259rbaycan, Erm\u0259nistan v\u0259 Rusiya r\u0259hb\u0259rliyinin 2020-ci il noyabr\u0131n 10-da imzalad\u0131\u011f\u0131 birg\u0259 b\u0259yanatla d\u00f6y\u00fc\u015fl\u0259r dayand\u0131r\u0131landan sonra La\u00e7\u0131n d\u0259hlizind\u0259 v\u0259 Qaraba\u011fdak\u0131 t\u0259mas x\u0259ttind\u0259 Rusiya s\u00fclhm\u0259raml\u0131lar\u0131 yerl\u0259\u015fdirilib.<\/p>\n<p>1988-ci ild\u0259 ba\u015flayan Qaraba\u011f m\u00fcnaqi\u015f\u0259si Az\u0259rbaycan v\u0259 Erm\u0259nistan aras\u0131nda d\u00f6y\u00fc\u015fl\u0259r\u0259 s\u0259b\u0259b olub.<\/p>\n<p>1994-c\u00fc ild\u0259 ger\u00e7\u0259kl\u0259\u015f\u0259n at\u0259\u015fk\u0259s raz\u0131la\u015fmas\u0131na q\u0259d\u0259r Az\u0259rbaycan\u0131n Da\u011fl\u0131q Qaraba\u011f b\u00f6lg\u0259si v\u0259 ona biti\u015fik 7 rayonu i\u015f\u011fal edilmi\u015fdi.<\/p>\n<p>Azadl\u0131qRadiosu<\/p>\n","protected":false},"excerpt":{"rendered":"<p>\u201cErm\u0259nistan v\u0259 Az\u0259rbaycan aras\u0131nda s\u00fclh dan\u0131\u015f\u0131qlar\u0131 haz\u0131rda AB\u015e-\u0131n vasit\u0259\u00e7iliyi il\u0259 apar\u0131l\u0131r\u201d. Azadl\u0131qRadiosunun Erm\u0259ni xidm\u0259ti \u2013 Azatutyun yaz\u0131r ki, bunu Erm\u0259nistan<\/p>\n","protected":false},"author":1,"featured_media":16141,"comment_status":"closed","ping_status":"closed","sticky":false,"template":"","format":"standard","meta":{"_jetpack_memberships_contains_paid_content":false,"footnotes":""},"categories":[29,36],"tags":[],"class_list":["post-16140","post","type-post","status-publish","format-standard","has-post-thumbnail","hentry","category-manset","category-siyast"],"aioseo_notices":[],"jetpack_featured_media_url":"https:\/\/basta2.com\/wp-content\/uploads\/2023\/01\/bayramov-blinken-mirzoyan.jpg","jetpack_sharing_enabled":true,"_links":{"self":[{"href":"https:\/\/basta2.com\/index.php?rest_route=\/wp\/v2\/posts\/16140","targetHints":{"allow":["GET"]}}],"collection":[{"href":"https:\/\/basta2.com\/index.php?rest_route=\/wp\/v2\/posts"}],"about":[{"href":"https:\/\/basta2.com\/index.php?rest_route=\/wp\/v2\/types\/post"}],"author":[{"embeddable":true,"href":"https:\/\/basta2.com\/index.php?rest_route=\/wp\/v2\/users\/1"}],"replies":[{"embeddable":true,"href":"https:\/\/basta2.com\/index.php?rest_route=%2Fwp%2Fv2%2Fcomments&post=16140"}],"version-history":[{"count":2,"href":"https:\/\/basta2.com\/index.php?rest_route=\/wp\/v2\/posts\/16140\/revisions"}],"predecessor-version":[{"id":16143,"href":"https:\/\/basta2.com\/index.php?rest_route=\/wp\/v2\/posts\/16140\/revisions\/16143"}],"wp:featuredmedia":[{"embeddable":true,"href":"https:\/\/basta2.com\/index.php?rest_route=\/wp\/v2\/media\/16141"}],"wp:attachment":[{"href":"https:\/\/basta2.com\/index.php?rest_route=%2Fwp%2Fv2%2Fmedia&parent=16140"}],"wp:term":[{"taxonomy":"category","embeddable":true,"href":"https:\/\/basta2.com\/index.php?rest_route=%2Fwp%2Fv2%2Fcategories&post=16140"},{"taxonomy":"post_tag","embeddable":true,"href":"https:\/\/basta2.com\/index.php?rest_route=%2Fwp%2Fv2%2Ftags&post=16140"}],"curies":[{"name":"wp","href":"https:\/\/api.w.org\/{rel}","templated":true}]}}