{"id":16266,"date":"2023-01-31T14:43:47","date_gmt":"2023-01-31T11:43:47","guid":{"rendered":"http:\/\/basta2.com\/?p=16266"},"modified":"2023-01-31T14:45:01","modified_gmt":"2023-01-31T11:45:01","slug":"az%c9%99rbaycan-xin-olk%c9%99-v%c9%99t%c9%99ndaslarini-irana-s%c9%99f%c9%99r-etm%c9%99m%c9%99y%c9%99-cagirdi","status":"publish","type":"post","link":"https:\/\/basta2.com\/?p=16266","title":{"rendered":"Az\u0259rbaycan X\u0130N \u00f6lk\u0259 v\u0259t\u0259nda\u015flar\u0131n\u0131 \u0130rana s\u0259f\u0259r etm\u0259m\u0259y\u0259 \u00e7a\u011f\u0131rd\u0131"},"content":{"rendered":"<p>\u00c7\u0259r\u015f\u0259nb\u0259 ax\u015fam\u0131 Az\u0259rbaycan Xarici \u0130\u015fl\u0259r Nazirliyi \u00f6lk\u0259 v\u0259t\u0259nda\u015flar\u0131n\u0131 Az\u0259rbaycan\u0131n Tehrandak\u0131 s\u0259firliyin\u0259 qar\u015f\u0131 t\u00f6r\u0259dilmi\u015f terror akt\u0131ndan sonra v\u0259 bu \u00f6lk\u0259d\u0259ki qeyri-sabitliy\u0259 g\u00f6r\u0259 \u0130rana s\u0259f\u0259rd\u0259n \u00e7\u0259kinm\u0259y\u0259 \u00e7a\u011f\u0131r\u0131b.<\/p>\n<p>\u201c\u0130randak\u0131 qeyri-sabit v\u0259ziyy\u0259t v\u0259 Az\u0259rbaycan diplomatik n\u00fcmay\u0259nd\u0259liyin\u0259 qar\u015f\u0131 t\u00f6r\u0259dilmi\u015f terror akt\u0131 n\u0259z\u0259r\u0259 al\u0131nmaqla Az\u0259rbaycan v\u0259t\u0259nda\u015flar\u0131na z\u0259ruri olmad\u0131\u011f\u0131 t\u0259qdird\u0259 bu \u00f6lk\u0259y\u0259 s\u0259f\u0259r etm\u0259m\u0259yi t\u00f6vsiy\u0259 edirik\u201d, &#8211; Az\u0259rbaycan Xarici \u0130\u015fl\u0259r Nazirliyinin 31 yanvar tarixli m\u0259lumat\u0131nda deyilir.<\/p>\n<p>Haz\u0131rda \u0130randa olan Az\u0259rbaycan v\u0259t\u0259nda\u015flar\u0131na m\u00fchafiz\u0259 v\u0259 t\u0259hl\u00fck\u0259sizlik qaydalar\u0131na riay\u0259t etm\u0259l\u0259ri t\u00f6vsiy\u0259 edilir.<\/p>\n<p>\u0130randak\u0131\u00a0 Az\u0259rbaycan v\u0259t\u0259nda\u015flar\u0131na konsulluq v\u0259 dig\u0259r m\u00fcraci\u0259tl\u0259ri \u00fc\u00e7\u00fcn Az\u0259rbaycan\u0131n T\u0259brizd\u0259ki Ba\u015f Konsullu\u011fu il\u0259 \u0259laq\u0259 saxlaya bil\u0259r:<\/p>\n<p>Xarici \u0130\u015fl\u0259r Nazirliyinin sayt\u0131nda T\u0259brizd\u0259ki Ba\u015f Konsullu\u011fun \u00fcnvan\u0131 v\u0259 telefon n\u00f6mr\u0259l\u0259ri verilib:<\/p>\n<p>T\u0259briz, V\u0259li\u0259sr, Arif k\u00fc\u00e7\u0259si, 9.<\/p>\n<p>Tel: (+98413) 333 48 03<\/p>\n<p>Faks: (+98413) 331 53 80<\/p>\n<p>E-MA\u0130L:\u00a0<a href=\"mailto:tabriz@mission.mfa.gov.az\" target=\"_blank\" rel=\"noopener\">tabriz@mission.mfa.gov.az<\/a><\/p>\n<p>WEBSITE:\u00a0<a href=\"http:\/\/tabriz.mfa.gov.az\/\" target=\"_blank\" rel=\"noopener\">tabriz.mfa.gov.az<\/a><\/p>\n<p>Qeyd ed\u0259k ki, Az\u0259rbaycan\u0131n \u0130ranla, el\u0259c\u0259 d\u0259 dig\u0259r qon\u015fu d\u00f6vl\u0259tl\u0259rl\u0259 quru s\u0259rh\u0259dl\u0259ri koronavirus pandemiyas\u0131 il\u0259 \u0259laq\u0259dar 2020-ci il mart\u0131n sonundan ba\u011fl\u0131d\u0131r.<\/p>\n<p>Bak\u0131 beyn\u0259lxalq aeroportundan Turan-a bildiribl\u0259r ki, \u0130rana (Tehrana) u\u00e7u\u015flar h\u0259ft\u0259d\u0259 iki d\u0259f\u0259 (bazar ert\u0259si v\u0259 c\u00fcm\u0259 g\u00fcnl\u0259ri) \u0130ran avia\u015firk\u0259ti t\u0259r\u0259find\u0259n h\u0259yata ke\u00e7irilir.<\/p>\n<p>*Yanvar\u0131n 27-d\u0259 silahl\u0131 \u015f\u0259xs Az\u0259rbaycan s\u0259firliyin\u0259 h\u00fccum edib. O, avtomatdan at\u0259\u015f a\u00e7araq, iki m\u00fchafiz\u0259\u00e7ini yaralay\u0131b, bir n\u0259f\u0259ri is\u0259 \u00f6ld\u00fcr\u00fcb. S\u0259firliyin \u0259m\u0259kda\u015flar\u0131 onu z\u0259r\u0259rsizl\u0259\u015fdir\u0259r\u0259k \u0130ran\u0131n h\u00fcquq-m\u00fchafiz\u0259 orqanlar\u0131na t\u0259hvil veribl\u0259r. \u0130ki g\u00fcn sonra Az\u0259rbaycan\u0131n Tehrandak\u0131 s\u0259firliyi t\u0259xliy\u0259 edilib.<\/p>\n","protected":false},"excerpt":{"rendered":"<p>\u00c7\u0259r\u015f\u0259nb\u0259 ax\u015fam\u0131 Az\u0259rbaycan Xarici \u0130\u015fl\u0259r Nazirliyi \u00f6lk\u0259 v\u0259t\u0259nda\u015flar\u0131n\u0131 Az\u0259rbaycan\u0131n Tehrandak\u0131 s\u0259firliyin\u0259 qar\u015f\u0131 t\u00f6r\u0259dilmi\u015f terror akt\u0131ndan sonra v\u0259 bu \u00f6lk\u0259d\u0259ki qeyri-sabitliy\u0259<\/p>\n","protected":false},"author":1,"featured_media":514,"comment_status":"closed","ping_status":"closed","sticky":false,"template":"","format":"standard","meta":{"_jetpack_memberships_contains_paid_content":false,"footnotes":""},"categories":[29,36],"tags":[],"class_list":["post-16266","post","type-post","status-publish","format-standard","has-post-thumbnail","hentry","category-manset","category-siyast"],"aioseo_notices":[],"jetpack_featured_media_url":"https:\/\/basta2.com\/wp-content\/uploads\/2020\/07\/X\u0130N.jpg","jetpack_sharing_enabled":true,"_links":{"self":[{"href":"https:\/\/basta2.com\/index.php?rest_route=\/wp\/v2\/posts\/16266","targetHints":{"allow":["GET"]}}],"collection":[{"href":"https:\/\/basta2.com\/index.php?rest_route=\/wp\/v2\/posts"}],"about":[{"href":"https:\/\/basta2.com\/index.php?rest_route=\/wp\/v2\/types\/post"}],"author":[{"embeddable":true,"href":"https:\/\/basta2.com\/index.php?rest_route=\/wp\/v2\/users\/1"}],"replies":[{"embeddable":true,"href":"https:\/\/basta2.com\/index.php?rest_route=%2Fwp%2Fv2%2Fcomments&post=16266"}],"version-history":[{"count":1,"href":"https:\/\/basta2.com\/index.php?rest_route=\/wp\/v2\/posts\/16266\/revisions"}],"predecessor-version":[{"id":16267,"href":"https:\/\/basta2.com\/index.php?rest_route=\/wp\/v2\/posts\/16266\/revisions\/16267"}],"wp:featuredmedia":[{"embeddable":true,"href":"https:\/\/basta2.com\/index.php?rest_route=\/wp\/v2\/media\/514"}],"wp:attachment":[{"href":"https:\/\/basta2.com\/index.php?rest_route=%2Fwp%2Fv2%2Fmedia&parent=16266"}],"wp:term":[{"taxonomy":"category","embeddable":true,"href":"https:\/\/basta2.com\/index.php?rest_route=%2Fwp%2Fv2%2Fcategories&post=16266"},{"taxonomy":"post_tag","embeddable":true,"href":"https:\/\/basta2.com\/index.php?rest_route=%2Fwp%2Fv2%2Ftags&post=16266"}],"curies":[{"name":"wp","href":"https:\/\/api.w.org\/{rel}","templated":true}]}}