{"id":16368,"date":"2023-02-08T10:15:32","date_gmt":"2023-02-08T07:15:32","guid":{"rendered":"http:\/\/basta2.com\/?p=16368"},"modified":"2023-02-08T14:28:16","modified_gmt":"2023-02-08T11:28:16","slug":"turkiy%c9%99d%c9%99-z%c9%99lz%c9%99l%c9%99-qurbanlarinin-sayi-sur%c9%99tl%c9%99-artir","status":"publish","type":"post","link":"https:\/\/basta2.com\/?p=16368","title":{"rendered":"T\u00fcrkiy\u0259d\u0259 z\u0259lz\u0259l\u0259 qurbanlar\u0131n\u0131n say\u0131 s\u00fcr\u0259tl\u0259 art\u0131r &#8211; Yenil\u0259nib"},"content":{"rendered":"<p>T\u00fcrkiy\u0259nin Kahramanmara\u015f \u015f\u0259h\u0259rind\u0259 ba\u015f ver\u0259n v\u0259 Kahramanmara\u015f, Qaziantep, \u015eanl\u0131urfa, Diyarb\u0259kir, Adana, Ad\u0131yaman, Osmaniye, Hatay, Kilis, Malatya v\u0259 Elaz\u0131\u011f vilay\u0259tl\u0259rind\u0259 b\u00f6y\u00fck da\u011f\u0131nt\u0131lara s\u0259b\u0259b olan z\u0259lz\u0259l\u0259 qurbanlar\u0131n\u0131n say\u0131 artmaqdad\u0131r.<\/p>\n<p><strong>\u00c7\u0259r\u015f\u0259nb\u0259 g\u00fcn\u00fc saat 14:30-a olan m\u0259lumata g\u00f6r\u0259, T\u00fcrkiy\u0259d\u0259 \u00f6l\u0259nl\u0259rin say\u0131 8574-\u0259 \u00e7at\u0131b.\u00a0 \u00a0\u00a0Yaral\u0131lar\u0131n say\u0131 is\u0259 49 133 n\u0259f\u0259rdir.<\/strong><\/p>\n<p><strong>\u00a0\u00a0\u00a0\u00a0 CNNT\u00fcrk x\u0259b\u0259r verir ki, da\u011f\u0131lan binalar\u0131n say\u0131 6444-d\u00fcr.<\/strong><\/p>\n<p>***<\/p>\n<p>AFAD-\u0131n saat 09:34-d\u0259 yayd\u0131\u011f\u0131 son a\u00e7\u0131qlamaya g\u00f6r\u0259, indiy\u0259d\u0259k z\u0259lz\u0259l\u0259l\u0259rd\u0259 <strong>6 min 234 n\u0259f\u0259r<\/strong> h\u0259yat\u0131n\u0131 itirib, 37 min 11 n\u0259f\u0259r is\u0259 yaralan\u0131b. Da\u011f\u0131lan binalar\u0131n say\u0131 is\u0259 5 min 775 olaraq qeyd edilib.<\/p>\n<p>M\u0259lumatda bildirilir ki, axtar\u0131\u015f qurtarma qruplar\u0131na 79 min 110 n\u0259f\u0259r s\u0259f\u0259rb\u0259r edilib.\u00a0 H\u0259m\u00e7inin Xarici \u0130\u015fl\u0259r Nazirliyi il\u0259 apar\u0131lan dan\u0131\u015f\u0131qlar n\u0259tic\u0259sind\u0259 yard\u0131m \u00fc\u00e7\u00fcn dig\u0259r \u00f6lk\u0259l\u0259rd\u0259n 5 min 309 n\u0259f\u0259r f\u0259lak\u0259t b\u00f6lg\u0259sin\u0259 g\u00f6nd\u0259rilib.<\/p>\n<p><strong>Basta<\/strong><\/p>\n","protected":false},"excerpt":{"rendered":"<p>T\u00fcrkiy\u0259nin Kahramanmara\u015f \u015f\u0259h\u0259rind\u0259 ba\u015f ver\u0259n v\u0259 Kahramanmara\u015f, Qaziantep, \u015eanl\u0131urfa, Diyarb\u0259kir, Adana, Ad\u0131yaman, Osmaniye, Hatay, Kilis, Malatya v\u0259 Elaz\u0131\u011f vilay\u0259tl\u0259rind\u0259 b\u00f6y\u00fck<\/p>\n","protected":false},"author":1,"featured_media":16369,"comment_status":"closed","ping_status":"closed","sticky":false,"template":"","format":"standard","meta":{"_jetpack_memberships_contains_paid_content":false,"footnotes":""},"categories":[30,29],"tags":[],"class_list":["post-16368","post","type-post","status-publish","format-standard","has-post-thumbnail","hentry","category-gundm","category-manset"],"aioseo_notices":[],"jetpack_featured_media_url":"https:\/\/basta2.com\/wp-content\/uploads\/2023\/02\/kapak_100252.jpg","jetpack_sharing_enabled":true,"_links":{"self":[{"href":"https:\/\/basta2.com\/index.php?rest_route=\/wp\/v2\/posts\/16368","targetHints":{"allow":["GET"]}}],"collection":[{"href":"https:\/\/basta2.com\/index.php?rest_route=\/wp\/v2\/posts"}],"about":[{"href":"https:\/\/basta2.com\/index.php?rest_route=\/wp\/v2\/types\/post"}],"author":[{"embeddable":true,"href":"https:\/\/basta2.com\/index.php?rest_route=\/wp\/v2\/users\/1"}],"replies":[{"embeddable":true,"href":"https:\/\/basta2.com\/index.php?rest_route=%2Fwp%2Fv2%2Fcomments&post=16368"}],"version-history":[{"count":2,"href":"https:\/\/basta2.com\/index.php?rest_route=\/wp\/v2\/posts\/16368\/revisions"}],"predecessor-version":[{"id":16372,"href":"https:\/\/basta2.com\/index.php?rest_route=\/wp\/v2\/posts\/16368\/revisions\/16372"}],"wp:featuredmedia":[{"embeddable":true,"href":"https:\/\/basta2.com\/index.php?rest_route=\/wp\/v2\/media\/16369"}],"wp:attachment":[{"href":"https:\/\/basta2.com\/index.php?rest_route=%2Fwp%2Fv2%2Fmedia&parent=16368"}],"wp:term":[{"taxonomy":"category","embeddable":true,"href":"https:\/\/basta2.com\/index.php?rest_route=%2Fwp%2Fv2%2Fcategories&post=16368"},{"taxonomy":"post_tag","embeddable":true,"href":"https:\/\/basta2.com\/index.php?rest_route=%2Fwp%2Fv2%2Ftags&post=16368"}],"curies":[{"name":"wp","href":"https:\/\/api.w.org\/{rel}","templated":true}]}}