{"id":16412,"date":"2023-02-11T08:33:17","date_gmt":"2023-02-11T05:33:17","guid":{"rendered":"http:\/\/basta2.com\/?p=16412"},"modified":"2023-02-11T08:33:17","modified_gmt":"2023-02-11T05:33:17","slug":"b%c9%99xtiyar-haciyevin-anasi-ogluma-zor-t%c9%99tbiq-etm%c9%99k-ist%c9%99yirl%c9%99r","status":"publish","type":"post","link":"https:\/\/basta2.com\/?p=16412","title":{"rendered":"B\u0259xtiyar Hac\u0131yevin anas\u0131: &#8220;O\u011fluma zor t\u0259tbiq etm\u0259k ist\u0259yirl\u0259r&#8221;"},"content":{"rendered":"<p><strong>33 g\u00fcnd\u00fcr acl\u0131q ed\u0259n insan haqlar\u0131 f\u0259al\u0131 B\u0259xtiyar Hac\u0131yevin saxlan\u0131ld\u0131\u011f\u0131 1 sayl\u0131 Bak\u0131 \u0130stintaq T\u0259cridxanas\u0131ndan Penitensiar Xidm\u0259tin M\u00fcalic\u0259 m\u00fc\u0259ssis\u0259sin\u0259 k\u00f6\u00e7\u00fcr\u00fcl\u0259c\u0259yi il\u0259 ba\u011fl\u0131 h\u00fcquq m\u00fcdafi\u0259\u00e7isi R\u00fcf\u0259t S\u0259f\u0259rov m\u0259lumat yay\u0131b.<\/strong><\/p>\n<p>Hac\u0131yev bu g\u00fcn v\u0259kili vasit\u0259si il\u0259 Penitensiar Xidm\u0259tin M\u00fcalic\u0259 m\u00fc\u0259ssis\u0259sin\u0259 k\u00f6\u00e7r\u00fclm\u0259sinin \u0259leyhin\u0259 oldu\u011funu b\u0259yan edib.<\/p>\n<p>O, acl\u0131\u011f\u0131 sonad\u0259k davam etdir\u0259c\u0259yini, m\u0259cburi s\u00fcni qidaland\u0131rmadan, orqanizmin\u0259 sistem k\u00f6\u00e7\u00fcr\u00fclm\u0259sind\u0259n imtina etdiyini bildirib.<\/p>\n<p>Hac\u0131yev ona qar\u015f\u0131 ir\u0259li s\u00fcr\u00fcl\u0259n ittiham\u0131 q\u0259bul etmir v\u0259 etiraz olaraq acl\u0131\u011f\u0131 sonad\u0259k davam etdir\u0259c\u0259yini deyib.<\/p>\n<p>Bu saatlarda insan h\u00fcquqlar\u0131 f\u0259al\u0131n\u0131n anas\u0131 Solid\u0259 M\u00f6vlayeva o\u011flunun irad\u0259sinin \u0259leyhin\u0259 olaraq onun m\u00fcalic\u0259 m\u00fc\u0259ssis\u0259sin\u0259 k\u00f6\u00e7\u00fcr\u00fclm\u0259sin\u0259 etiraz olaraq video b\u0259yanatla \u00e7\u0131x\u0131\u015f edib.<\/p>\n<p>B\u0259yanatda deyilir:\u201cB\u0259xtiyar Penitensiar Xidm\u0259tin M\u00fcalic\u0259 m\u00fc\u0259ssis\u0259sin\u0259 k\u00f6\u00e7\u00fcr\u00fclm\u0259sin\u0259 raz\u0131 deyil. Bu bar\u0259d\u0259 bu g\u00fcn v\u0259 d\u00fcn\u0259n v\u0259kill\u0259ri vasit\u0259si il\u0259 bildirib. \u0130ndi ona zor t\u0259tbiq etm\u0259k ist\u0259yirl\u0259r. S\u00fcni yolla qidaland\u0131rmaq ist\u0259yirl\u0259r. Onu h\u0259r d\u0259qiq\u0259 incidirl\u0259r. O n\u0259 cinayt\u0259kar deyil, n\u0259 xuliqan deyil. B\u0259xiyar haql\u0131 oldu\u011funu bildirib, acl\u0131q aksiyas\u0131 ke\u00e7irir. Burada da onu incidirl\u0259r. M\u00fcalic\u0259 laz\u0131md\u0131rsa d\u00f6vl\u0259t x\u0259st\u0259xanlar\u0131n\u0131n birin\u0259 k\u00f6\u00e7\u00fcrs\u00fcnl\u0259r. Penitensiar Xidm\u0259tin M\u00fcalic\u0259 m\u00fc\u0259ssis\u0259sin\u0259 k\u00f6\u00e7\u00fcrm\u0259sinl\u0259r. Onun ist\u0259yinin \u0259leyhin\u0259 getm\u0259sinl\u0259r. B\u0259sdir, ona qar\u015f\u0131 etdikl\u0259ri c\u0259zalar. Ona bir \u015fey olarsa, bir faci\u0259 ba\u015f ver\u0259rs\u0259 d\u00f6vl\u0259t ba\u015f\u00e7\u0131s\u0131, daxili i\u015fl\u0259r naziri birba\u015fa cavabdehdir. M\u0259n o\u011flumun salamat olmas\u0131n\u0131 isrt\u0259yir\u0259m. O cinay\u0259tkar deyil, haqq\u0131na qovu\u015fmal\u0131d\u0131r. \u018fdal\u0259t b\u0259rpa olunmal\u0131d\u0131r. Bu \u00f6lk\u0259d\u0259 n\u0259 q\u0259d\u0259r \u0259dal\u0259tsizlik olacaq? O n\u0259 cinay\u0259t edib? D\u00f6vl\u0259t mal\u0131n\u0131 yem\u0259yib. He\u00e7 kiml\u0259 dava etm\u0259yib, he\u00e7 bir cinay\u0259t etm\u0259yib. Qurama i\u015f a\u00e7d\u0131qlar\u0131, c\u0259za verdikl\u0259ri b\u0259s deyi, indi d\u0259 bel\u0259 c\u0259za verirl\u0259r. Onun ist\u0259yinin \u0259leyhin\u0259 olaraq Penitensiar Xidm\u0259tin M\u00fcalic\u0259 m\u00fc\u0259ssis\u0259sin\u0259 k\u00f6\u00e7\u00fcrm\u0259k ist\u0259yirl\u0259r. M\u0259n B\u0259xtiyar\u0131n anas\u0131 olaraq buna q\u0259ti etiraz\u0131m\u0131 bildirir\u0259m\u201d, o qeyd edib.<\/p>\n<p>\u00d6z n\u00f6vb\u0259sind\u0259, Turan Penitensiar Xidm\u0259tin \u0130ctimaiyy\u0259tl\u0259 \u018flaq\u0259l\u0259r \u015e\u00f6b\u0259sind\u0259n B\u0259xtiyar Hac\u0131yevin anas\u0131n\u0131n b\u0259yanat\u0131 il\u0259 ba\u011fl\u0131 sor\u011fusuna h\u0259l\u0259 cavab ala bilm\u0259yib.<\/p>\n<p>Fevral\u0131n 9-da tibb elml\u0259ri doktoru Adil Qeybulla t\u0259cridxanada B\u0259xtiyar Hac\u0131yevi m\u00fcayin\u0259 etdikd\u0259n sonra onun komaya d\u00fc\u015f\u0259c\u0259yini istisna etm\u0259yib.<\/p>\n<p>\u201cHesab edir\u0259m ki, onun s\u0259hh\u0259tind\u0259 getdikc\u0259 z\u0259ifl\u0259m\u0259 t\u0259biidir. \u018flb\u0259tt\u0259 acl\u0131\u011f\u0131 davam etdir\u0259rs\u0259 t\u0259zyiqi, \u015f\u0259k\u0259ri daha da d\u00fc\u015f\u0259r, v\u0259ziyy\u0259ti daha da pisl\u0259\u015f\u0259r, komatoz (beyin qan d\u00f6vran\u0131n\u0131n pozulmas\u0131 v\u0259 beyin toxumalar\u0131n\u0131n toksik z\u0259d\u0259l\u0259nm\u0259si) duruma d\u00fc\u015f\u0259 bil\u0259r. Bu t\u0259hl\u00fck\u0259l\u0259r var,\u201d o, Amerikan\u0131n S\u0259sin\u0259 qeyd edib.<\/p>\n<p>\u00d6t\u0259n il dekabr\u0131n 9-da B\u0259xtiyar Hac\u0131yev bar\u0259sind\u0259 X\u0259tai Rayon M\u0259hk\u0259m\u0259sinin q\u0259rar\u0131 il\u0259 1 ay 20 g\u00fcn m\u00fcdd\u0259tin\u0259 h\u0259bs q\u0259timkan t\u0259dbiri se\u00e7ilib. Yanvar\u0131n 21-d\u0259 m\u0259hk\u0259m\u0259 m\u00fcst\u0259ntiqin v\u0259sat\u0259ti \u0259sas\u0131nda h\u0259bs q\u0259timkan t\u0259dbirini fevral\u0131n 28-d\u0259k uzad\u0131b.<\/p>\n<p>O, xuliqanl\u0131q v\u0259 m\u0259hk\u0259m\u0259y\u0259 h\u00f6rm\u0259tsizlikd\u0259 ittiham olunur, amma \u00f6z\u00fc bu ittihamlar\u0131 q\u0259bul etmir. Yanvar\u0131n 13-d\u0259 h\u0259bsd\u0259 olan B\u0259xtiyar Hac\u0131yev\u0259 qar\u015f\u0131 ir\u0259li s\u00fcr\u00fcl\u0259n ittiham a\u011f\u0131rla\u015fd\u0131r\u0131l\u0131b.<\/p>\n<p>Yanvar\u0131n 9-da B\u0259xtiyar Hac\u0131yev m\u0259hk\u0259m\u0259 zal\u0131nda h\u0259bsin\u0259 etiraz olaraq acl\u0131\u011fa ba\u015flad\u0131\u011f\u0131n\u0131 bildirib v\u0259 haz\u0131rda 33 g\u00fcnd\u00fcr acl\u0131\u011f\u0131 davam etdirir. Hac\u0131yev bundan \u00f6nc\u0259 14 g\u00fcn acl\u0131q edib.<\/p>\n<p>Yanvar\u0131n 24-d\u0259 \u00f6lk\u0259nin 18 v\u0259t\u0259nda\u015f c\u0259miyy\u0259ti t\u0259\u015fkilat\u0131n\u0131n r\u0259hb\u0259ri Prezident \u0130lham \u018fliyev\u0259 B\u0259xtiyar Hac\u0131yevin azadl\u0131\u011fa burax\u0131lmas\u0131 xahi\u015fi il\u0259 m\u00fcraci\u0259t edib. Bununla yana\u015f\u0131, \u00e7oxsayl\u0131 ictimai-siyasi xadiml\u0259r, jurnalistl\u0259r, ziyal\u0131lar, ictimaiyy\u0259t n\u00fcmay\u0259nd\u0259l\u0259ri sosial \u015f\u0259b\u0259k\u0259l\u0259rd\u0259 \u201cAzadl\u0131q B\u0259xtiyar\u0131n haqq\u0131d\u0131r!\u201d devizi il\u0259 video m\u00fcraci\u0259t yay\u0131blar.<\/p>\n<p>V\u0259kill\u0259rin Hac\u0131yevin ev dustaql\u0131\u011f\u0131na v\u0259 ya girov m\u00fcqabilind\u0259 m\u0259hk\u0259m\u0259 istintaq\u0131n\u0131n ba\u015flanmas\u0131nad\u0259k azadl\u0131\u011fa burax\u0131lmas\u0131 il\u0259 ba\u011fl\u0131 \u00e7oxsayl\u0131 v\u0259sat\u0259tl\u0259rini m\u0259hk\u0259m\u0259l\u0259r t\u0259min etm\u0259yib.<\/p>\n","protected":false},"excerpt":{"rendered":"<p>33 g\u00fcnd\u00fcr acl\u0131q ed\u0259n insan haqlar\u0131 f\u0259al\u0131 B\u0259xtiyar Hac\u0131yevin saxlan\u0131ld\u0131\u011f\u0131 1 sayl\u0131 Bak\u0131 \u0130stintaq T\u0259cridxanas\u0131ndan Penitensiar Xidm\u0259tin M\u00fcalic\u0259 m\u00fc\u0259ssis\u0259sin\u0259 k\u00f6\u00e7\u00fcr\u00fcl\u0259c\u0259yi<\/p>\n","protected":false},"author":1,"featured_media":15754,"comment_status":"closed","ping_status":"closed","sticky":false,"template":"","format":"standard","meta":{"_jetpack_memberships_contains_paid_content":false,"footnotes":""},"categories":[30,29],"tags":[],"class_list":["post-16412","post","type-post","status-publish","format-standard","has-post-thumbnail","hentry","category-gundm","category-manset"],"aioseo_notices":[],"jetpack_featured_media_url":"https:\/\/basta2.com\/wp-content\/uploads\/2022\/12\/bextiyar-3.jpg","jetpack_sharing_enabled":true,"_links":{"self":[{"href":"https:\/\/basta2.com\/index.php?rest_route=\/wp\/v2\/posts\/16412","targetHints":{"allow":["GET"]}}],"collection":[{"href":"https:\/\/basta2.com\/index.php?rest_route=\/wp\/v2\/posts"}],"about":[{"href":"https:\/\/basta2.com\/index.php?rest_route=\/wp\/v2\/types\/post"}],"author":[{"embeddable":true,"href":"https:\/\/basta2.com\/index.php?rest_route=\/wp\/v2\/users\/1"}],"replies":[{"embeddable":true,"href":"https:\/\/basta2.com\/index.php?rest_route=%2Fwp%2Fv2%2Fcomments&post=16412"}],"version-history":[{"count":1,"href":"https:\/\/basta2.com\/index.php?rest_route=\/wp\/v2\/posts\/16412\/revisions"}],"predecessor-version":[{"id":16413,"href":"https:\/\/basta2.com\/index.php?rest_route=\/wp\/v2\/posts\/16412\/revisions\/16413"}],"wp:featuredmedia":[{"embeddable":true,"href":"https:\/\/basta2.com\/index.php?rest_route=\/wp\/v2\/media\/15754"}],"wp:attachment":[{"href":"https:\/\/basta2.com\/index.php?rest_route=%2Fwp%2Fv2%2Fmedia&parent=16412"}],"wp:term":[{"taxonomy":"category","embeddable":true,"href":"https:\/\/basta2.com\/index.php?rest_route=%2Fwp%2Fv2%2Fcategories&post=16412"},{"taxonomy":"post_tag","embeddable":true,"href":"https:\/\/basta2.com\/index.php?rest_route=%2Fwp%2Fv2%2Ftags&post=16412"}],"curies":[{"name":"wp","href":"https:\/\/api.w.org\/{rel}","templated":true}]}}