{"id":16507,"date":"2023-02-18T22:57:38","date_gmt":"2023-02-18T19:57:38","guid":{"rendered":"http:\/\/basta2.com\/?p=16507"},"modified":"2023-02-18T23:05:36","modified_gmt":"2023-02-18T20:05:36","slug":"blinken-%c9%99liyev-v%c9%99-pasinyan-munhend%c9%99-gorusubl%c9%99r","status":"publish","type":"post","link":"https:\/\/basta2.com\/?p=16507","title":{"rendered":"Blinken, \u018fliyev v\u0259 Pa\u015finyan M\u00fcnhend\u0259 g\u00f6r\u00fc\u015f\u00fcbl\u0259r"},"content":{"rendered":"<p>Fevral\u0131n 18-d\u0259 M\u00fcnhend\u0259 Az\u0259rbaycan Prezidenti \u0130lham \u018fliyev, Amerika Birl\u0259\u015fmi\u015f \u015etatlar\u0131n\u0131n D\u00f6vl\u0259t katibi Antoni Blinken v\u0259 Erm\u0259nistan\u0131n ba\u015f naziri Nikol Pa\u015finyan\u0131n birg\u0259 g\u00f6r\u00fc\u015f\u00fc ke\u00e7irilib.<\/p>\n<p>Bu bar\u0259d\u0259 Az\u0259rbaycan Prezidentinin v\u0259 Erm\u0259nistan Ba\u015f nazirinin m\u0259tbuat xidm\u0259tl\u0259ri eyni m\u0259zmunlu m\u0259lumat yay\u0131b.<\/p>\n<p>&#8220;Amerikan\u0131n s\u0259si&#8221; x\u0259b\u0259r verir ki, g\u00f6r\u00fc\u015fd\u0259 h\u0259m\u00e7inin AB\u015e d\u00f6vl\u0259t katibinin Avropa v\u0259 Avrasiya m\u0259s\u0259l\u0259l\u0259ri \u00fczr\u0259 k\u00f6m\u0259k\u00e7isi Karen Donfrid, d\u00f6vl\u0259t katibinin Qafqaz dan\u0131\u015f\u0131qlar\u0131 \u00fczr\u0259 ba\u015f m\u0259sl\u0259h\u0259t\u00e7i Luis Bono, Az\u0259rbaycan Prezidentinin k\u00f6m\u0259k\u00e7isi Hikm\u0259t Hac\u0131yev, xarici i\u015fl\u0259r naziri Ceyhun Bayramov, Erm\u0259nistan\u0131n xarici i\u015fl\u0259r naziri Ararat Mirzoyan, T\u0259hl\u00fck\u0259sizlik \u015euras\u0131n\u0131n katibi Armen Qriqoryan i\u015ftirak edib.<\/p>\n<p><a class=\"wsw__a\" href=\"https:\/\/www.state.gov\/secretary-antony-j-blinken-with-armenian-prime-minister-nikol-pashinyan-and-azerbaijani-president-ilham-aliyev-before-their-meeting\/\" target=\"_blank\" rel=\"noopener\">Antoni Blinken<\/a>\u00a0ilk \u00f6nc\u0259 Prezident \u018fliyev\u0259 v\u0259 Ba\u015f nazir Pa\u015finyana t\u0259\u015f\u0259kk\u00fcr edib.<\/p>\n<p>\u201cBiz inan\u0131r\u0131q ki, Erm\u0259nistan v\u0259 Az\u0259rbaycan\u0131n 30 ild\u0259n art\u0131q davam ed\u0259n m\u00fcnaqi\u015f\u0259d\u0259n sonra davaml\u0131 s\u00fclh\u00fc t\u0259min etm\u0259k \u00fc\u00e7\u00fcn h\u0259qiq\u0259t\u0259n tarixi imkanlar\u0131 var. T\u0259r\u0259fl\u0259r \u00f6zl\u0259ri birba\u015fa dan\u0131\u015f\u0131qlar yolu il\u0259, el\u0259c\u0259 d\u0259 Avropa \u0130ttifaq\u0131 v\u0259 biziml\u0259 birg\u0259 diqq\u0259tl\u0259rini s\u00fclh prosesin\u0259 y\u00f6n\u0259ldibl\u0259r. Birl\u0259\u015fmi\u015f \u015etatlar ist\u0259r dostlar\u0131m\u0131zla, ist\u0259r bu kimi \u00fc\u00e7t\u0259r\u0259fli formatda, ist\u0259rs\u0259 d\u0259 dig\u0259r beyn\u0259lxalq t\u0259r\u0259fda\u015flarla bu s\u0259yl\u0259ri d\u0259st\u0259kl\u0259m\u0259k \u00fc\u00e7\u00fcn \u0259lind\u0259n g\u0259l\u0259ni etm\u0259y\u0259 haz\u0131rd\u0131r\u201d, D\u00f6vl\u0259t kaitbi qeyd edib.<\/p>\n<p>&#8220;\u0130lk bax\u0131\u015fda Erm\u0259nistan\u0131n m\u00f6vqeyind\u0259 t\u0259r\u0259qqi var, ancaq kifay\u0259t q\u0259d\u0259r deyil. Y\u0259ni, \u0259sas bu m\u0259s\u0259l\u0259 m\u00fczakir\u0259 olundu&#8221;.<\/p>\n<p>Modern.azx\u0259b\u0259r verir ki, bunu\u00a0 \u0130lham \u018fliyev fevral\u0131n 18-d\u0259 M\u00fcnxend\u0259 televiziya kanallar\u0131na m\u00fcsahib\u0259sind\u0259 deyib.<\/p>\n<p>\u201cLa\u00e7\u0131n-Xank\u0259ndi yolundak\u0131 v\u0259ziyy\u0259t d\u0259 \u0259lb\u0259tt\u0259 ki, m\u00fczakir\u0259 edildi. M\u0259n bir daha Az\u0259rbaycan\u0131n m\u00f6vqeyini bildirdim ki, h\u0259r hans\u0131 bir blokadadan s\u00f6hb\u0259t ged\u0259 bilm\u0259z. Dekabr\u0131n 12-d\u0259n bu g\u00fcn\u0259 q\u0259d\u0259r 2500-d\u0259n \u00e7ox y\u00fck ma\u015f\u0131n\u0131 v\u0259 Q\u0131rm\u0131z\u0131 Xa\u00e7 Komit\u0259sinin avtomobill\u0259ri ke\u00e7mi\u015fdir v\u0259 \u0259g\u0259r blokada var idis\u0259, bu ma\u015f\u0131nlar nec\u0259 ke\u00e7\u0259 bil\u0259rdi? Y\u0259ni, bu, Az\u0259rbaycana qar\u015f\u0131 \u0259sass\u0131z bir ittihamd\u0131r, biz bunu r\u0259dd edirik v\u0259 dey\u0259 bil\u0259r\u0259m ki, ke\u00e7irdiyim b\u00fct\u00fcn g\u00f6r\u00fc\u015fl\u0259rd\u0259 bu m\u00f6vqe anlay\u0131\u015fla qar\u015f\u0131lan\u0131r\u201d, &#8211; \u0130lham \u018fliyev bildirib.<\/p>\n<p>Xat\u0131rladaq ki, Nikol Pa\u015finyan v\u0259 \u0130lham \u018fliyev sonuncu d\u0259f\u0259 \u00f6t\u0259n il oktyabr\u0131n 31-d\u0259 So\u00e7id\u0259 Rusiya prezidenti Vladimir Putinin vasit\u0259\u00e7iliyi il\u0259 g\u00f6r\u00fc\u015f\u00fcb.<\/p>\n<p>&nbsp;<\/p>\n","protected":false},"excerpt":{"rendered":"<p>Fevral\u0131n 18-d\u0259 M\u00fcnhend\u0259 Az\u0259rbaycan Prezidenti \u0130lham \u018fliyev, Amerika Birl\u0259\u015fmi\u015f \u015etatlar\u0131n\u0131n D\u00f6vl\u0259t katibi Antoni Blinken v\u0259 Erm\u0259nistan\u0131n ba\u015f naziri Nikol Pa\u015finyan\u0131n<\/p>\n","protected":false},"author":1,"featured_media":16508,"comment_status":"closed","ping_status":"closed","sticky":false,"template":"","format":"standard","meta":{"_jetpack_memberships_contains_paid_content":false,"footnotes":""},"categories":[29,36],"tags":[],"class_list":["post-16507","post","type-post","status-publish","format-standard","has-post-thumbnail","hentry","category-manset","category-siyast"],"aioseo_notices":[],"jetpack_featured_media_url":"https:\/\/basta2.com\/wp-content\/uploads\/2023\/02\/blinken-aliyev-pashinyan.jpg","jetpack_sharing_enabled":true,"_links":{"self":[{"href":"https:\/\/basta2.com\/index.php?rest_route=\/wp\/v2\/posts\/16507","targetHints":{"allow":["GET"]}}],"collection":[{"href":"https:\/\/basta2.com\/index.php?rest_route=\/wp\/v2\/posts"}],"about":[{"href":"https:\/\/basta2.com\/index.php?rest_route=\/wp\/v2\/types\/post"}],"author":[{"embeddable":true,"href":"https:\/\/basta2.com\/index.php?rest_route=\/wp\/v2\/users\/1"}],"replies":[{"embeddable":true,"href":"https:\/\/basta2.com\/index.php?rest_route=%2Fwp%2Fv2%2Fcomments&post=16507"}],"version-history":[{"count":3,"href":"https:\/\/basta2.com\/index.php?rest_route=\/wp\/v2\/posts\/16507\/revisions"}],"predecessor-version":[{"id":16511,"href":"https:\/\/basta2.com\/index.php?rest_route=\/wp\/v2\/posts\/16507\/revisions\/16511"}],"wp:featuredmedia":[{"embeddable":true,"href":"https:\/\/basta2.com\/index.php?rest_route=\/wp\/v2\/media\/16508"}],"wp:attachment":[{"href":"https:\/\/basta2.com\/index.php?rest_route=%2Fwp%2Fv2%2Fmedia&parent=16507"}],"wp:term":[{"taxonomy":"category","embeddable":true,"href":"https:\/\/basta2.com\/index.php?rest_route=%2Fwp%2Fv2%2Fcategories&post=16507"},{"taxonomy":"post_tag","embeddable":true,"href":"https:\/\/basta2.com\/index.php?rest_route=%2Fwp%2Fv2%2Ftags&post=16507"}],"curies":[{"name":"wp","href":"https:\/\/api.w.org\/{rel}","templated":true}]}}