{"id":16546,"date":"2023-02-21T14:32:12","date_gmt":"2023-02-21T11:32:12","guid":{"rendered":"http:\/\/basta2.com\/?p=16546"},"modified":"2023-02-21T14:32:12","modified_gmt":"2023-02-21T11:32:12","slug":"d18-h%c9%99r%c9%99katinin-f%c9%99allari-h%c9%99bs-edildi","status":"publish","type":"post","link":"https:\/\/basta2.com\/?p=16546","title":{"rendered":"&#8220;D18&#8221; h\u0259r\u0259kat\u0131n\u0131n f\u0259allar\u0131 h\u0259bs edildi"},"content":{"rendered":"<p>B\u0259xtiyar Hac\u0131yevin m\u00fcdafi\u0259si il\u0259 ba\u011fl\u0131 fevral\u0131n 20-d\u0259 ke\u00e7iril\u0259n aksiyan\u0131n iki i\u015ftirak\u00e7\u0131s\u0131 saxlan\u0131l\u0131b<\/p>\n<p>D\u00fcn\u0259n Bak\u0131 Apellyasiya M\u0259hk\u0259m\u0259sinin binas\u0131 qar\u015f\u0131s\u0131nda ke\u00e7iril\u0259n etiraz aksiyas\u0131n\u0131n i\u015ftirak\u00e7\u0131lar\u0131 Samir Sultanov, Afiy\u0259ddin M\u0259mm\u0259dov fevral\u0131n 21-d\u0259 Yasamal m\u0259hk\u0259m\u0259si t\u0259r\u0259find\u0259n inzibati qaydada 30 sutka m\u00fcdd\u0259tin\u0259 h\u0259bs edilibl\u0259r. Bu bar\u0259d\u0259 Turan-a onlar\u0131n v\u0259kili Zibeyd\u0259 Sad\u0131qova m\u0259lumat verib.<\/p>\n<p>Onun s\u00f6zl\u0259rin\u0259 g\u00f6r\u0259, h\u0259r iki \u015f\u0259xs \u0130nzibati X\u0259talar M\u0259c\u0259ll\u0259sinin 535.1 (polisin qanuni t\u0259l\u0259bl\u0259rin\u0259 m\u00fcqavim\u0259t g\u00f6st\u0259rm\u0259) v\u0259 510-cu (x\u0131rda xuliqanl\u0131q) madd\u0259l\u0259ri il\u0259 t\u0259qsirli bilinib. M\u0259hk\u0259m\u0259d\u0259 onlar dinc etiraz aksiyas\u0131 ke\u00e7irdikl\u0259rini v\u0259 m\u00fcqavim\u0259t g\u00f6st\u0259rm\u0259dikl\u0259rini bildir\u0259r\u0259k ittihamlar\u0131 r\u0259dd edibl\u0259r.<\/p>\n<p>Xat\u0131rladaq ki, D-18 h\u0259r\u0259kat\u0131n\u0131n \u00fczv\u00fc olan 5 g\u0259nc B\u0259xtiyar Hac\u0131yevin azadl\u0131\u011fa burax\u0131lmas\u0131 t\u0259l\u0259bi il\u0259 Apellyasiya M\u0259hk\u0259m\u0259si qar\u015f\u0131s\u0131nda aksiya ke\u00e7irib. Ham\u0131s\u0131 saxlan\u0131l\u0131b, b\u0259zil\u0259ri eyni g\u00fcnd\u0259 burax\u0131l\u0131b.<\/p>\n","protected":false},"excerpt":{"rendered":"<p>B\u0259xtiyar Hac\u0131yevin m\u00fcdafi\u0259si il\u0259 ba\u011fl\u0131 fevral\u0131n 20-d\u0259 ke\u00e7iril\u0259n aksiyan\u0131n iki i\u015ftirak\u00e7\u0131s\u0131 saxlan\u0131l\u0131b D\u00fcn\u0259n Bak\u0131 Apellyasiya M\u0259hk\u0259m\u0259sinin binas\u0131 qar\u015f\u0131s\u0131nda ke\u00e7iril\u0259n etiraz<\/p>\n","protected":false},"author":1,"featured_media":16547,"comment_status":"closed","ping_status":"closed","sticky":false,"template":"","format":"standard","meta":{"_jetpack_memberships_contains_paid_content":false,"footnotes":""},"categories":[30,29],"tags":[],"class_list":["post-16546","post","type-post","status-publish","format-standard","has-post-thumbnail","hentry","category-gundm","category-manset"],"aioseo_notices":[],"jetpack_featured_media_url":"https:\/\/basta2.com\/wp-content\/uploads\/2023\/02\/afyeddin-d-18.jpg","jetpack_sharing_enabled":true,"_links":{"self":[{"href":"https:\/\/basta2.com\/index.php?rest_route=\/wp\/v2\/posts\/16546","targetHints":{"allow":["GET"]}}],"collection":[{"href":"https:\/\/basta2.com\/index.php?rest_route=\/wp\/v2\/posts"}],"about":[{"href":"https:\/\/basta2.com\/index.php?rest_route=\/wp\/v2\/types\/post"}],"author":[{"embeddable":true,"href":"https:\/\/basta2.com\/index.php?rest_route=\/wp\/v2\/users\/1"}],"replies":[{"embeddable":true,"href":"https:\/\/basta2.com\/index.php?rest_route=%2Fwp%2Fv2%2Fcomments&post=16546"}],"version-history":[{"count":1,"href":"https:\/\/basta2.com\/index.php?rest_route=\/wp\/v2\/posts\/16546\/revisions"}],"predecessor-version":[{"id":16548,"href":"https:\/\/basta2.com\/index.php?rest_route=\/wp\/v2\/posts\/16546\/revisions\/16548"}],"wp:featuredmedia":[{"embeddable":true,"href":"https:\/\/basta2.com\/index.php?rest_route=\/wp\/v2\/media\/16547"}],"wp:attachment":[{"href":"https:\/\/basta2.com\/index.php?rest_route=%2Fwp%2Fv2%2Fmedia&parent=16546"}],"wp:term":[{"taxonomy":"category","embeddable":true,"href":"https:\/\/basta2.com\/index.php?rest_route=%2Fwp%2Fv2%2Fcategories&post=16546"},{"taxonomy":"post_tag","embeddable":true,"href":"https:\/\/basta2.com\/index.php?rest_route=%2Fwp%2Fv2%2Ftags&post=16546"}],"curies":[{"name":"wp","href":"https:\/\/api.w.org\/{rel}","templated":true}]}}