{"id":16751,"date":"2023-03-10T08:46:47","date_gmt":"2023-03-10T05:46:47","guid":{"rendered":"http:\/\/basta2.com\/?p=16751"},"modified":"2023-03-10T08:47:34","modified_gmt":"2023-03-10T05:47:34","slug":"n%c9%99-muharib%c9%99-n%c9%99-sulh-strategiyasi-muharib%c9%99y%c9%99-g%c9%99tirib-cixarir","status":"publish","type":"post","link":"https:\/\/basta2.com\/?p=16751","title":{"rendered":"\u201cN\u0259 m\u00fcharib\u0259, n\u0259 s\u00fclh\u201d strategiyas\u0131 m\u00fcharib\u0259y\u0259 g\u0259tirib \u00e7\u0131xar\u0131r"},"content":{"rendered":"<p><strong>Mehman \u018fliyev<\/strong><\/p>\n<p>MK\u0130, FKB, \u018fdliyy\u0259 Nazirliyinin K\u0259\u015ffiyyat \u0130dar\u0259si v\u0259 Milli T\u0259hl\u00fck\u0259sizlik Agentliyinin r\u0259hb\u0259rl\u0259ri mart\u0131n 8-d\u0259 Konqres\u0259 illik qlobal riskl\u0259r icmal\u0131n\u0131\u00a0<a href=\"http:\/\/www.turan.az\/ext\/news\/2023\/3\/free\/politics_news\/az\/2395.htm\" target=\"_blank\" rel=\"noopener\">t\u0259qdim edibl\u0259r<\/a>. S\u0259n\u0259dd\u0259 yekun h\u0259llini tapmam\u0131\u015f Erm\u0259nistan-Az\u0259rbaycan m\u00fcnaqi\u015f\u0259sin\u0259 diqq\u0259t yetirilib.<\/p>\n<p>AB\u015e x\u00fcsusi xidm\u0259tl\u0259ri\u00a0Erm\u0259nistanla Az\u0259rbaycan aras\u0131nda g\u0259rginliyin s\u0259b\u0259bi kimi \u00fc\u00e7 problemi g\u00f6st\u0259rir:<\/p>\n<p><em>1. S\u00fclh m\u00fcqavil\u0259sinin olmamas\u0131<\/em><\/p>\n<p><em>2. Delimitasiya v\u0259 demarkasiya m\u0259s\u0259l\u0259sinin h\u0259ll olunmamas\u0131<\/em><\/p>\n<p><em>3. Qaraba\u011f\u0131n erm\u0259nil\u0259r m\u0259skunla\u015fan \u0259razisinin g\u0259l\u0259c\u0259yinin qeyri-m\u00fc\u0259yy\u0259nliyi.<\/em><\/p>\n<p>Prinsipc\u0259, bununla raz\u0131la\u015fmamaq olmaz v\u0259 bug\u00fcnki g\u0259rginliyin davam ed\u0259c\u0259yi 2020-ci ild\u0259 44 g\u00fcnl\u00fck m\u00fcharib\u0259d\u0259n d\u0259rhal sonra proqnozla\u015fd\u0131r\u0131l\u0131rd\u0131. Bu, ilk n\u00f6vb\u0259d\u0259 erm\u0259ni c\u0259miyy\u0259tinin 1992-1994-c\u00fc ild\u0259 i\u015f\u011fal edilmi\u015f b\u00fct\u00fcn Az\u0259rbaycan \u0259razil\u0259rinin itirilm\u0259sin\u0259 v\u0259 Qaraba\u011f\u0131n erm\u0259nil\u0259r m\u0259skunla\u015fan \u0259razisi u\u011frunda 35 illik a\u00e7\u0131q m\u00fcbariz\u0259d\u0259 Erm\u0259nistan\u0131n m\u00f6vqeyinin xeyli z\u0259ifl\u0259m\u0259sin\u0259 g\u0259tirib \u00e7\u0131xaran m\u00fcharib\u0259nin n\u0259tic\u0259l\u0259rini q\u0259bul etm\u0259y\u0259 haz\u0131r olmamas\u0131 il\u0259 ba\u011fl\u0131d\u0131r.<\/p>\n<p>Erm\u0259nistan\u0131n Qaraba\u011f\u0131n erm\u0259nil\u0259r m\u0259skunla\u015fan \u0259razisinin zorla ayr\u0131lmas\u0131 strategiyas\u0131 h\u0259mi\u015f\u0259 pat v\u0259ziyy\u0259ti yarad\u0131b. Bu strategiya Az\u0259rbaycanla dan\u0131\u015f\u0131qlar prosesind\u0259 Yerevan\u0131n \u201cg\u00fcz\u0259\u015ftli x\u0259ttind\u0259n\u201d v\u0259 \u201csuveren\u201d v\u0259 Erm\u0259nistan t\u0259r\u0259find\u0259n idar\u0259 olunmayan Qaraba\u011f erm\u0259nil\u0259rinin g\u00fcz\u0259\u015ftsiz m\u00f6vqeyind\u0259n ibar\u0259t idi. Yeri g\u0259lmi\u015fk\u0259n, beyn\u0259lxalq vasit\u0259\u00e7il\u0259r uzanan m\u00fcnaqi\u015f\u0259d\u0259 status-kvonu qoruyub saxlamaq \u00fc\u00e7\u00fcn bu x\u0259tti q\u0259bul edib v\u0259 ondan istifad\u0259 edib. M\u00fcharib\u0259 Erm\u0259nistan\u0131n Qaraba\u011f erm\u0259nil\u0259rin\u0259 t\u0259sirind\u0259n daha \u00e7ox bu regionun birba\u015fa idar\u0259 edildiyini v\u0259 Qaraba\u011f erm\u0259nil\u0259rinin davran\u0131\u015f x\u0259ttinin m\u00fc\u0259yy\u0259n edildiyini \u00fcz\u0259 \u00e7\u0131xar\u0131b. Da\u011fl\u0131q Qaraba\u011f m\u00fcnaqi\u015f\u0259si zonas\u0131nda tam at\u0259\u015fk\u0259s v\u0259 b\u00fct\u00fcn h\u0259rbi \u0259m\u0259liyyatlar\u0131n dayand\u0131r\u0131lmas\u0131 haqq\u0131nda 10 noyabr 2022-ci il tarixli B\u0259yanat\u0131n imzalanmas\u0131, Erm\u0259nistan SQ-nin maddi-texniki v\u0259 insan itkil\u0259ri v\u0259 onlar\u0131n \u00e7\u0131xar\u0131lmas\u0131 Az\u0259rbaycan\u0131n Erm\u0259nistan\u0131n t\u0259cav\u00fcz\u00fc v\u0259 vasit\u0259\u00e7il\u0259rin imzalad\u0131\u011f\u0131 beyn\u0259lxalq s\u0259n\u0259dl\u0259rd\u0259 t\u0259fsir olundu\u011fu kimi hans\u0131sa qeyri-m\u00fc\u0259yy\u0259n \u201cerm\u0259ni q\u00fcvv\u0259l\u0259rinin\u201d deyil, onun m\u00fcnt\u0259z\u0259m ordusunun Az\u0259rbaycan \u0259razil\u0259rini i\u015f\u011fal etm\u0259si haqq\u0131nda iddias\u0131n\u0131 t\u0259sdiq edib.<\/p>\n<p>Sonuncu d\u0259f\u0259 biz 13 sentyabr 2022-ci il tarixind\u0259 Erm\u0259nistan-Az\u0259rbaycan s\u0259rh\u0259dind\u0259 lokal, amma intensiv qar\u015f\u0131durmadan sonra<a href=\"http:\/\/astna.biz\/ext\/news\/2022\/9\/subsc\/region-caucasus\/ru\/2667.htm\" target=\"_blank\" rel=\"noopener\">\u00a0bel\u0259 yazm\u0131\u015fd\u0131q:<\/a>\u00a0\u201cBiz d\u0259f\u0259l\u0259rl\u0259 qeyd etmi\u015fik ki, Az\u0259rbaycan v\u0259 Erm\u0259nistan aras\u0131nda davam ed\u0259n g\u0259rginliyin s\u0259b\u0259bi s\u00fclh\u0259 bir-birin\u0259 zidd iki yana\u015fman\u0131n m\u00f6vcudlu\u011fundad\u0131r. Az\u0259rbaycan \u00f6z m\u00f6vqeyini \u00fc\u00e7 \u0259sas m\u0259qam \u00fcz\u0259rind\u0259 qurur: 1) b\u00f6y\u00fck s\u00fclh sazi\u015fi, 2) b\u00fct\u00fcn n\u0259qliyyat kommunikasiyalar\u0131n\u0131n a\u00e7\u0131lmas\u0131, 3) s\u0259rh\u0259din delimitasiyas\u0131 v\u0259 demarkasiyas\u0131. Erm\u0259nistan Az\u0259rbaycan\u0131n, dem\u0259k olar ki, b\u00fct\u00fcn beyn\u0259lxalq vasit\u0259\u00e7il\u0259r t\u0259r\u0259find\u0259n d\u0259st\u0259kl\u0259n\u0259n plan\u0131 \u00fc\u00e7\u00fcn ilkin \u015f\u0259rt kimi Qaraba\u011f\u0131n erm\u0259nil\u0259r m\u0259skunla\u015fan \u0259razil\u0259rinin ilkin statusunun m\u00fc\u0259yy\u0259n edilm\u0259si, daha d\u0259qiq is\u0259 Qaraba\u011f erm\u0259nil\u0259rin\u0259 m\u00fcst\u0259qillik verilm\u0259si<a href=\"http:\/\/astna.biz\/ext\/news\/2022\/5\/free\/region-caucasus\/az\/2533.htm\">\u00a0t\u0259l\u0259bini ir\u0259li s\u00fcr\u00fcr.<\/a><\/p>\n<p>Br\u00fcssell\u0259 d\u00f6rdm\u0259rh\u0259l\u0259li dan\u0131\u015f\u0131qlara v\u0259 Moskva il\u0259 \u00e7oxm\u0259rh\u0259l\u0259li dan\u0131\u015f\u0131qlara baxmayaraq, t\u0259r\u0259fl\u0259rin m\u00f6vqeyi d\u0259yi\u015fm\u0259yib. Bu prosesd\u0259 yegan\u0259 n\u0259tic\u0259 Yerevan\u0131n 1992-ci ilin pay\u0131z\u0131nda \u0259l\u0259 ke\u00e7irdiyi v\u0259 2016-c\u0131 ilin aprel d\u00f6y\u00fc\u015fl\u0259rind\u0259n etibar\u0259n itirm\u0259y\u0259 ba\u015flad\u0131\u011f\u0131 h\u0259rbi-siyasi t\u0259\u015f\u0259bb\u00fcs\u00fc ard\u0131c\u0131l olaraq itirm\u0259sidir. Bak\u0131 v\u0259 Yerevan 44 g\u00fcnl\u00fck m\u00fcharib\u0259nin yekunlar\u0131na g\u00f6r\u0259 status-kvoya \u0259saslanan ortaq m\u0259xr\u0259c\u0259 g\u0259lm\u0259dikl\u0259ri t\u0259qdird\u0259, v\u0259ziyy\u0259tin inki\u015faf\u0131 m\u0259ntiqin\u0259 \u0259sas\u0259n, n\u00f6vb\u0259ti g\u0259rginlikl\u0259rin ba\u015f ver\u0259c\u0259yini v\u0259 Erm\u0259nistan\u0131n regionda h\u0259rbi-siyasi t\u0259\u015f\u0259bb\u00fcs\u00fc itirm\u0259y\u0259 davam ed\u0259c\u0259yini g\u00f6zl\u0259m\u0259k olar\u201d.<\/p>\n<p>Az\u0259rbaycan v\u0259 Erm\u0259nistan aras\u0131nda onlar t\u0259r\u0259find\u0259n q\u0259bul edilm\u0259mi\u015f v\u0259 t\u0259sdiq edilm\u0259mi\u015f s\u0259rh\u0259dd\u0259 hadis\u0259l\u0259r 13 sentyabr 2022-ci ild\u0259 Erm\u0259nistan v\u0259 Az\u0259rbaycan aras\u0131nda s\u00fclh m\u00fcqavil\u0259sinin ba\u011flanmas\u0131 z\u0259rur\u0259ti haqq\u0131nda Va\u015finqton-Br\u00fcssel x\u0259ttin\u0259 zidd olan radikal anti-Az\u0259rbaycan m\u00f6vqeyi tutan rusiyal\u0131 oliqarx Ruben Vardanyan\u0131n Qaraba\u011fa k\u00f6\u00e7m\u0259sind\u0259n sonra ba\u015f verib. Pa\u015finyan v\u0259 \u018fliyevin oktyabr\u0131n 6-da Praqada Fransa prezidenti Emanuel Makron v\u0259 A\u0130 s\u0259dri \u015earl Mi\u015felin i\u015ftirak\u0131 il\u0259 ke\u00e7iril\u0259n\u00a0<a href=\"http:\/\/www.astna.biz\/ext\/news\/2022\/10\/free\/geo-europe\/az\/2699.htm\" target=\"_blank\" rel=\"noopener\">g\u00f6r\u00fc\u015fd\u0259n sonra\u00a0<\/a>\u00fcmid ver\u0259n\u00a0<a href=\"http:\/\/www.astna.biz\/ext\/news\/2022\/10\/free\/region-caucasus\/az\/2700.htm\" target=\"_blank\" rel=\"noopener\">r\u0259smi b\u0259yanat\u0131na<\/a>\u00a0baxmayaraq, v\u0259d edil\u0259n s\u00fclh s\u00fclh sazi\u015fi h\u0259l\u0259 d\u0259 imzalanmay\u0131b v\u0259 yen\u0259 d\u0259 Qaraba\u011f\u0131n erm\u0259nil\u0259r m\u0259skunla\u015fan \u0259razisinin statusu h\u0259ll edilm\u0259diyin\u0259 g\u00f6r\u0259.<\/p>\n<p>Erm\u0259nistandan f\u0259rqli olaraq, Az\u0259rbaycan\u0131n Erm\u0259nistan\u0131n s\u00fclh m\u00fcqavil\u0259sinin ba\u011flanmas\u0131 prosesini uzatmaq x\u0259ttinin \u0259ksin\u0259, azad edilmi\u015f beyn\u0259lxalq s\u0259viyy\u0259d\u0259 tan\u0131nan \u0259razil\u0259rd\u0259 i\u015ftirak\u0131n\u0131 art\u0131rmas\u0131 prosesini s\u00fcr\u0259tl\u0259ndirm\u0259y\u0259 \u00e7al\u0131\u015faca\u011f\u0131n\u0131 g\u00f6zl\u0259m\u0259k olard\u0131.Bu m\u0259nada ekoloji f\u0259allar\u0131n La\u00e7\u0131n yolunda aksiyas\u0131, Vardanyan\u0131n Bak\u0131n\u0131n t\u0259zyiqi alt\u0131nda Qaraba\u011f\u0131n erm\u0259nil\u0259r m\u0259skunla\u015fan \u0259razisind\u0259n k\u0259narla\u015fd\u0131r\u0131lmas\u0131 bu prosesin qeyri-h\u0259rbi add\u0131mlar\u0131 olsa da, m\u00fcnaqi\u015f\u0259nin h\u0259rbi al\u0259tl\u0259rinin art\u0131q yerin d\u0259rinliyin\u0259 basd\u0131r\u0131ld\u0131\u011f\u0131n\u0131 d\u00fc\u015f\u00fcnm\u0259k sad\u0259l\u00f6vhl\u00fck olard\u0131. Bu m\u0259nada az\u0259rbaycanl\u0131lar v\u0259 erm\u0259nil\u0259r aras\u0131nda h\u0259rbi qar\u015f\u0131durma v\u0259ziyy\u0259tin g\u0259rginl\u0259\u015fdirilm\u0259sin\u0259 y\u00f6n\u0259lmi\u015f qar\u015f\u0131l\u0131ql\u0131 add\u0131mlar m\u0259ntiqi n\u00f6qteyi-n\u0259z\u0259rd\u0259n g\u00f6zl\u0259nil\u0259n idi. Mart\u0131n 5-d\u0259 5 n\u0259f\u0259rin h\u0259yat\u0131na son qoyan at\u0131\u015fma Bak\u0131 v\u0259 Qaraba\u011f erm\u0259nil\u0259rinin n\u00fcmay\u0259nd\u0259l\u0259ri aras\u0131nda n\u0259tic\u0259siz dan\u0131\u015f\u0131qlardan sonra ba\u015f verib. Bu g\u00f6r\u00fc\u015fd\u0259 sonuncular Qaraba\u011f\u0131n erm\u0259nil\u0259r m\u0259skunla\u015fan \u0259razisinin Az\u0259rbaycan\u0131n t\u0259rkibind\u0259 statusu haqq\u0131nda dan\u0131\u015fmaqdan q\u0259ti \u015f\u0259kild\u0259 imtina edibl\u0259r.<\/p>\n<p>V\u0259ziyy\u0259t n\u00f6vb\u0259ti h\u0259rbi eskalasiyadan narahat olan beyn\u0259lxalq vasit\u0259\u00e7il\u0259ri bir daha g\u0259rib. Bu h\u0259rbi eskalasiya \u00fc\u00e7\u00fcn b\u0259han\u0259l\u0259r g\u00f6z qaba\u011f\u0131ndad\u0131r. Amma m\u00fcnaqi\u015f\u0259 t\u0259r\u0259fl\u0259rinin h\u0259rbi-siyasi add\u0131mlar\u0131n\u0131n informasiya t\u0259minat\u0131 yax\u0131n g\u00fcnl\u0259rd\u0259, b\u0259lk\u0259 d\u0259 yax\u0131n h\u0259ft\u0259l\u0259rd\u0259 h\u0259rbi qar\u015f\u0131durma haqq\u0131nda dan\u0131\u015fmaq \u00fc\u00e7\u00fcn \u0259sas vermir. Amma \u201cn\u0259 m\u00fcharib\u0259, n\u0259 s\u00fclh\u201d status-kvosu davam ed\u0259rs\u0259, qar\u015f\u0131durma, x\u00fcsus\u0259n C\u0259nubi Qafqaz regionunu \u0259hat\u0259 ed\u0259n k\u00f6vr\u0259k geosiyas\u0259t \u015f\u0259raitind\u0259 qa\u00e7\u0131lmaz ola bil\u0259r.<\/p>\n<p>\u0130ndi art\u0131q g\u0259rginliyin artmas\u0131 s\u0259b\u0259bind\u0259n yekun s\u00fclh sazi\u015fin\u0259 nail olmaq m\u0259qs\u0259dil\u0259 Br\u00fcsseld\u0259 qar\u015f\u0131da duran \u018fliyev-Pa\u015finyan\u00a0<a href=\"http:\/\/www.astna.biz\/ext\/news\/2023\/3\/free\/region-caucasus\/az\/2873.htm\" target=\"_blank\" rel=\"noopener\">g\u00f6r\u00fc\u015f\u00fc haqq\u0131nda dan\u0131\u015fm\u0131rlar.<\/a>\u00a0Bu is\u0259 AB\u015e k\u0259\u015ffiyyat\u0131n\u0131n b\u0259hs etdiyi n\u00f6vb\u0259ti v\u0259 b\u0259lk\u0259 d\u0259 daha geni\u015fmiqyasl\u0131 g\u0259rginlikl\u0259r\u0259 g\u0259tirib \u00e7\u0131xaran qeyri-m\u00fc\u0259yy\u0259nlik rejiminin davam etm\u0259si dem\u0259kdir.<\/p>\n<p>ASTNA.biz<\/p>\n","protected":false},"excerpt":{"rendered":"<p>Mehman \u018fliyev MK\u0130, FKB, \u018fdliyy\u0259 Nazirliyinin K\u0259\u015ffiyyat \u0130dar\u0259si v\u0259 Milli T\u0259hl\u00fck\u0259sizlik Agentliyinin r\u0259hb\u0259rl\u0259ri mart\u0131n 8-d\u0259 Konqres\u0259 illik qlobal riskl\u0259r icmal\u0131n\u0131\u00a0t\u0259qdim<\/p>\n","protected":false},"author":1,"featured_media":16709,"comment_status":"closed","ping_status":"closed","sticky":false,"template":"","format":"standard","meta":{"_jetpack_memberships_contains_paid_content":false,"footnotes":""},"categories":[29,36],"tags":[],"class_list":["post-16751","post","type-post","status-publish","format-standard","has-post-thumbnail","hentry","category-manset","category-siyast"],"aioseo_notices":[],"jetpack_featured_media_url":"https:\/\/basta2.com\/wp-content\/uploads\/2023\/03\/texribat-1-1.jpg","jetpack_sharing_enabled":true,"_links":{"self":[{"href":"https:\/\/basta2.com\/index.php?rest_route=\/wp\/v2\/posts\/16751","targetHints":{"allow":["GET"]}}],"collection":[{"href":"https:\/\/basta2.com\/index.php?rest_route=\/wp\/v2\/posts"}],"about":[{"href":"https:\/\/basta2.com\/index.php?rest_route=\/wp\/v2\/types\/post"}],"author":[{"embeddable":true,"href":"https:\/\/basta2.com\/index.php?rest_route=\/wp\/v2\/users\/1"}],"replies":[{"embeddable":true,"href":"https:\/\/basta2.com\/index.php?rest_route=%2Fwp%2Fv2%2Fcomments&post=16751"}],"version-history":[{"count":2,"href":"https:\/\/basta2.com\/index.php?rest_route=\/wp\/v2\/posts\/16751\/revisions"}],"predecessor-version":[{"id":16753,"href":"https:\/\/basta2.com\/index.php?rest_route=\/wp\/v2\/posts\/16751\/revisions\/16753"}],"wp:featuredmedia":[{"embeddable":true,"href":"https:\/\/basta2.com\/index.php?rest_route=\/wp\/v2\/media\/16709"}],"wp:attachment":[{"href":"https:\/\/basta2.com\/index.php?rest_route=%2Fwp%2Fv2%2Fmedia&parent=16751"}],"wp:term":[{"taxonomy":"category","embeddable":true,"href":"https:\/\/basta2.com\/index.php?rest_route=%2Fwp%2Fv2%2Fcategories&post=16751"},{"taxonomy":"post_tag","embeddable":true,"href":"https:\/\/basta2.com\/index.php?rest_route=%2Fwp%2Fv2%2Ftags&post=16751"}],"curies":[{"name":"wp","href":"https:\/\/api.w.org\/{rel}","templated":true}]}}