{"id":16925,"date":"2023-03-25T19:27:52","date_gmt":"2023-03-25T16:27:52","guid":{"rendered":"https:\/\/basta2.com\/?p=16925"},"modified":"2023-03-25T19:29:34","modified_gmt":"2023-03-25T16:29:34","slug":"x%c9%99lf%c9%99li-turssu-yolunda-az%c9%99rbaycanin-n%c9%99zar%c9%99t-m%c9%99nt%c9%99q%c9%99si-yaradildi","status":"publish","type":"post","link":"https:\/\/basta2.com\/?p=16925","title":{"rendered":"Erm\u0259nistandan Xank\u0259ndin\u0259 ged\u0259n gizli yolda Az\u0259rbaycan\u0131n n\u0259zar\u0259t m\u0259nt\u0259q\u0259si yarad\u0131ld\u0131"},"content":{"rendered":"<p>Qaraba\u011fdak\u0131 erm\u0259ni m\u0259nb\u0259l\u0259rinin m\u0259lumat\u0131na g\u00f6r\u0259, bu g\u00fcn Az\u0259rbaycan Silahl\u0131 Q\u00fcvv\u0259l\u0259ri X\u0259lf\u0259li-Tur\u015fsu ya\u015fay\u0131\u015f m\u0259nt\u0259q\u0259l\u0259ri aras\u0131ndak\u0131 torpaq yolunda m\u00fc\u015fahid\u0259 m\u0259nt\u0259q\u0259si qurub. Bel\u0259 ki, Az\u0259rbaycan Silahl\u0131 Q\u00fcvv\u0259l\u0259ri iki erm\u0259ni m\u00f6vqesi aras\u0131ndak\u0131 bu yolda h\u0259r\u0259k\u0259ti n\u0259zar\u0259t\u0259 g\u00f6t\u00fcr\u00fcb.<\/p>\n<p>Xat\u0131rladaq ki, indiy\u0259d\u0259k bu yolda erm\u0259ni birl\u0259\u015fm\u0259l\u0259rinin silah v\u0259 canl\u0131 q\u00fcvv\u0259sinin qanunsuz da\u015f\u0131nmas\u0131 h\u0259yata ke\u00e7irilib.<\/p>\n<p>Az\u0259rbaycan v\u0259t\u0259nda\u015flar\u0131n\u0131n dekabr\u0131n 12-d\u0259 La\u00e7\u0131n yolunda ba\u015flayan aksiyas\u0131ndan sonra Qaraba\u011fla Erm\u0259nistan aras\u0131nda \u0259laq\u0259 bu yol vasit\u0259si il\u0259 saxlan\u0131l\u0131b.<\/p>\n<p>\u201cYaranm\u0131\u015f v\u0259ziyy\u0259t n\u0259z\u0259r\u0259 al\u0131naraq La\u00e7\u0131n yolunun \u015fimal\u0131ndak\u0131 torpaq yollar\u0131ndan qeyri-qanuni f\u0259aliyy\u0259tl\u0259r \u00fc\u00e7\u00fcn istifad\u0259nin, el\u0259c\u0259 d\u0259 Erm\u0259nistan t\u0259r\u0259find\u0259n silah-sursat da\u015f\u0131maqla v\u0259ziyy\u0259tin g\u0259rginl\u0259\u015fm\u0259sinin v\u0259 potensial t\u0259xribatlar\u0131n t\u00f6r\u0259dilm\u0259sinin qar\u015f\u0131s\u0131n\u0131n al\u0131nmas\u0131 m\u0259qs\u0259dil\u0259 Az\u0259rbaycan Ordusunun b\u00f6lm\u0259l\u0259ri t\u0259r\u0259find\u0259n lokal z\u0259ruri n\u0259zar\u0259t t\u0259dbirl\u0259ri h\u0259yata ke\u00e7irilib\u201d.<\/p>\n<p>Bu bar\u0259d\u0259 Az\u0259rbaycan M\u00fcdafi\u0259 Nazirliyi m\u0259lumat yay\u0131b.<\/p>\n<p>M\u0259lumatda deyilir ki, son g\u00fcnl\u0259r Erm\u0259nistandan Rusiya s\u00fclhm\u0259raml\u0131 kontingentinin m\u00fcv\u0259qq\u0259ti yerl\u0259\u015fdiyi Az\u0259rbaycan \u0259razisind\u0259ki qeyri-qanuni erm\u0259ni silahl\u0131 d\u0259st\u0259l\u0259ri \u00fc\u00e7\u00fcn canl\u0131 q\u00fcvv\u0259, silah-sursat, mina, el\u0259c\u0259 d\u0259 dig\u0259r h\u0259rbi t\u0259yinatl\u0131 vasit\u0259l\u0259rin da\u015f\u0131nmas\u0131 intensivl\u0259\u015fib.<\/p>\n<p>\u201cBu da\u015f\u0131malar, x\u00fcsusil\u0259 gec\u0259 vaxt\u0131 v\u0259 dumanl\u0131 hava \u015f\u0259raitind\u0259n istifad\u0259 etm\u0259kl\u0259 h\u0259yata ke\u00e7irilir. Qeyri-qanuni erm\u0259ni silahl\u0131 d\u0259st\u0259l\u0259ri t\u0259r\u0259find\u0259n b\u0259zi da\u011fl\u0131q v\u0259 torpaq \u0259razil\u0259rd\u0259n ke\u00e7m\u0259kl\u0259 bir ne\u00e7\u0259 mar\u015frut \u00fczr\u0259 yeni yollar\u0131n \u00e7\u0259kilm\u0259si, h\u0259m\u00e7inin k\u00f6hn\u0259 c\u0131\u011f\u0131rlar\u0131n geni\u015fl\u0259ndirilm\u0259si \u00fczr\u0259 i\u015fl\u0259r h\u0259yata ke\u00e7irilir. Bu m\u0259qs\u0259dl\u0259, h\u0259rbi, m\u00fch\u0259ndis v\u0259 x\u00fcsusi texnikadan, habel\u0259 i\u015f\u00e7i q\u00fcvv\u0259si kimi m\u00fcqavil\u0259li \u0259sasda h\u0259rbi xidm\u0259t\u0259 c\u0259lb olunmu\u015f \u015f\u0259xsl\u0259r v\u0259 yerli sakinl\u0259rd\u0259n istifad\u0259 olunur. Son bir ne\u00e7\u0259 g\u00fcnd\u0259 Xank\u0259ndi-X\u0259lf\u0259li-Tur\u015fsu v\u0259 bu mar\u015frutdan \u015fimalda ke\u00e7\u0259n Xank\u0259ndi-Kosalar-Mirz\u0259l\u0259r-Tur\u015fsu yollar\u0131nda erm\u0259nil\u0259r t\u0259r\u0259find\u0259n qeyri-qanuni tikinti v\u0259 t\u0259kmill\u0259\u015fdirm\u0259 i\u015fl\u0259rinin intensivl\u0259\u015fm\u0259si Az\u0259rbaycan Ordusunun texniki m\u00fc\u015fahid\u0259 vasit\u0259l\u0259ri il\u0259 qeyd\u0259 al\u0131n\u0131b. Bu yollardan h\u0259m\u00e7inin qeyri-qanuni erm\u0259ni silahl\u0131 d\u0259st\u0259l\u0259rinin d\u00f6y\u00fc\u015f m\u00f6vqel\u0259rinin t\u0259minat v\u0259 t\u0259chizat\u0131n\u0131 h\u0259yata ke\u00e7irm\u0259k \u00fc\u00e7\u00fcn istifad\u0259 olunur\u201d, Az\u0259rbyacan M\u00fcdafi\u0259 Nazirliyi bildirir.<\/p>\n<p>Turan<\/p>\n","protected":false},"excerpt":{"rendered":"<p>Qaraba\u011fdak\u0131 erm\u0259ni m\u0259nb\u0259l\u0259rinin m\u0259lumat\u0131na g\u00f6r\u0259, bu g\u00fcn Az\u0259rbaycan Silahl\u0131 Q\u00fcvv\u0259l\u0259ri X\u0259lf\u0259li-Tur\u015fsu ya\u015fay\u0131\u015f m\u0259nt\u0259q\u0259l\u0259ri aras\u0131ndak\u0131 torpaq yolunda m\u00fc\u015fahid\u0259 m\u0259nt\u0259q\u0259si qurub. Bel\u0259<\/p>\n","protected":false},"author":1,"featured_media":16926,"comment_status":"closed","ping_status":"closed","sticky":false,"template":"","format":"standard","meta":{"_jetpack_memberships_contains_paid_content":false,"footnotes":""},"categories":[29,36],"tags":[],"class_list":["post-16925","post","type-post","status-publish","format-standard","has-post-thumbnail","hentry","category-manset","category-siyast"],"aioseo_notices":[],"jetpack_featured_media_url":"https:\/\/basta2.com\/wp-content\/uploads\/2023\/03\/bbb.jpg","jetpack_sharing_enabled":true,"_links":{"self":[{"href":"https:\/\/basta2.com\/index.php?rest_route=\/wp\/v2\/posts\/16925","targetHints":{"allow":["GET"]}}],"collection":[{"href":"https:\/\/basta2.com\/index.php?rest_route=\/wp\/v2\/posts"}],"about":[{"href":"https:\/\/basta2.com\/index.php?rest_route=\/wp\/v2\/types\/post"}],"author":[{"embeddable":true,"href":"https:\/\/basta2.com\/index.php?rest_route=\/wp\/v2\/users\/1"}],"replies":[{"embeddable":true,"href":"https:\/\/basta2.com\/index.php?rest_route=%2Fwp%2Fv2%2Fcomments&post=16925"}],"version-history":[{"count":2,"href":"https:\/\/basta2.com\/index.php?rest_route=\/wp\/v2\/posts\/16925\/revisions"}],"predecessor-version":[{"id":16928,"href":"https:\/\/basta2.com\/index.php?rest_route=\/wp\/v2\/posts\/16925\/revisions\/16928"}],"wp:featuredmedia":[{"embeddable":true,"href":"https:\/\/basta2.com\/index.php?rest_route=\/wp\/v2\/media\/16926"}],"wp:attachment":[{"href":"https:\/\/basta2.com\/index.php?rest_route=%2Fwp%2Fv2%2Fmedia&parent=16925"}],"wp:term":[{"taxonomy":"category","embeddable":true,"href":"https:\/\/basta2.com\/index.php?rest_route=%2Fwp%2Fv2%2Fcategories&post=16925"},{"taxonomy":"post_tag","embeddable":true,"href":"https:\/\/basta2.com\/index.php?rest_route=%2Fwp%2Fv2%2Ftags&post=16925"}],"curies":[{"name":"wp","href":"https:\/\/api.w.org\/{rel}","templated":true}]}}