{"id":16950,"date":"2023-03-26T16:26:19","date_gmt":"2023-03-26T13:26:19","guid":{"rendered":"https:\/\/basta2.com\/?p=16950"},"modified":"2023-03-26T16:26:19","modified_gmt":"2023-03-26T13:26:19","slug":"ilham-%c9%99liyev-hansi-m%c9%99s%c9%99l%c9%99d%c9%99-pasinyandan-geri-qalir","status":"publish","type":"post","link":"https:\/\/basta2.com\/?p=16950","title":{"rendered":"\u0130lham \u018fliyev hans\u0131 m\u0259s\u0259l\u0259d\u0259 Pa\u015finyandan geri qal\u0131r?"},"content":{"rendered":"<p>H\u0259rb\u00e7il\u0259rimizin b\u00f6y\u00fck f\u0259dakarl\u0131\u011f\u0131 say\u0259sind\u0259 \u015fanl\u0131 Az\u0259rbaycan ordusu d\u00f6y\u00fc\u015f meydan\u0131nda m\u00f6ht\u0259\u015f\u0259m q\u0259l\u0259b\u0259l\u0259r qazanaraq i\u015f\u011fal\u00e7\u0131 Erm\u0259nistan\u0131 diz \u00e7\u00f6kd\u00fcrs\u0259 d\u0259, insanlar\u0131n rifah\u0131 v\u0259 azadl\u0131qlar m\u0259s\u0259l\u0259sind\u0259 qon\u015fu \u00f6lk\u0259l\u0259rd\u0259n geri qalmaqday\u0131q.<\/p>\n<p>Beyn\u0259lxalq \u018fm\u0259k T\u0259\u015fkilat\u0131 (B\u018fT) m\u00fct\u0259madi olaraq \u00f6lk\u0259l\u0259rin orta ayl\u0131q \u0259m\u0259k haqq\u0131na g\u00f6r\u0259\u00a0 reytinql\u0259rini hesablay\u0131r v\u0259 d\u0259rc edir.<\/p>\n<p>Son bir il \u00fc\u00e7\u00fcn d\u0259 iqtisadiyyat\u0131 g\u00fccl\u00fc, sabit v\u0259 ya inki\u015faf etm\u0259kd\u0259 olan 87\u00a0 \u00f6lk\u0259d\u0259, o c\u00fcml\u0259d\u0259n Az\u0259rbaycanda v\u0259ziyy\u0259t \u00f6yr\u0259nilib.<\/p>\n<p>2023-c\u00fc ilin m\u0259lumat\u0131na g\u00f6r\u0259, Az\u0259rbaycan 87 \u00f6lk\u0259 aras\u0131nda 75-ci yerd\u0259dir. Az\u0259rbaycanda orta ayl\u0131q \u0259m\u0259k haqq\u0131 346 AB\u015e dollar\u0131d\u0131r. Bir pill\u0259 \u00f6nd\u0259 olan\u00a0 Erm\u0259nistanda is\u0259 orta ayl\u0131q \u0259m\u0259k haqq\u0131 378 dollard\u0131r.<\/p>\n<p>Dig\u0259r qon\u015fu \u00f6lk\u0259 G\u00fcrc\u00fcstan, 458 dollar orta ayl\u0131q \u0259m\u0259k haqq\u0131 g\u00f6st\u0259ricisi il\u0259 siyah\u0131da 69-cu yerd\u0259dir.<\/p>\n<p><strong>Mustafa Hac\u0131b\u0259yli<\/strong><\/p>\n<p><strong>Basta<\/strong><\/p>\n","protected":false},"excerpt":{"rendered":"<p>H\u0259rb\u00e7il\u0259rimizin b\u00f6y\u00fck f\u0259dakarl\u0131\u011f\u0131 say\u0259sind\u0259 \u015fanl\u0131 Az\u0259rbaycan ordusu d\u00f6y\u00fc\u015f meydan\u0131nda m\u00f6ht\u0259\u015f\u0259m q\u0259l\u0259b\u0259l\u0259r qazanaraq i\u015f\u011fal\u00e7\u0131 Erm\u0259nistan\u0131 diz \u00e7\u00f6kd\u00fcrs\u0259 d\u0259, insanlar\u0131n rifah\u0131 v\u0259<\/p>\n","protected":false},"author":1,"featured_media":16951,"comment_status":"closed","ping_status":"closed","sticky":false,"template":"","format":"standard","meta":{"_jetpack_memberships_contains_paid_content":false,"footnotes":""},"categories":[31,29],"tags":[],"class_list":["post-16950","post","type-post","status-publish","format-standard","has-post-thumbnail","hentry","category-iqtisadiyyat","category-manset"],"aioseo_notices":[],"jetpack_featured_media_url":"https:\/\/basta2.com\/wp-content\/uploads\/2023\/03\/114609204_azrbaycandakoronavirusayoluxanlarnsay22minyaxnlar-2.jpg","jetpack_sharing_enabled":true,"_links":{"self":[{"href":"https:\/\/basta2.com\/index.php?rest_route=\/wp\/v2\/posts\/16950","targetHints":{"allow":["GET"]}}],"collection":[{"href":"https:\/\/basta2.com\/index.php?rest_route=\/wp\/v2\/posts"}],"about":[{"href":"https:\/\/basta2.com\/index.php?rest_route=\/wp\/v2\/types\/post"}],"author":[{"embeddable":true,"href":"https:\/\/basta2.com\/index.php?rest_route=\/wp\/v2\/users\/1"}],"replies":[{"embeddable":true,"href":"https:\/\/basta2.com\/index.php?rest_route=%2Fwp%2Fv2%2Fcomments&post=16950"}],"version-history":[{"count":1,"href":"https:\/\/basta2.com\/index.php?rest_route=\/wp\/v2\/posts\/16950\/revisions"}],"predecessor-version":[{"id":16952,"href":"https:\/\/basta2.com\/index.php?rest_route=\/wp\/v2\/posts\/16950\/revisions\/16952"}],"wp:featuredmedia":[{"embeddable":true,"href":"https:\/\/basta2.com\/index.php?rest_route=\/wp\/v2\/media\/16951"}],"wp:attachment":[{"href":"https:\/\/basta2.com\/index.php?rest_route=%2Fwp%2Fv2%2Fmedia&parent=16950"}],"wp:term":[{"taxonomy":"category","embeddable":true,"href":"https:\/\/basta2.com\/index.php?rest_route=%2Fwp%2Fv2%2Fcategories&post=16950"},{"taxonomy":"post_tag","embeddable":true,"href":"https:\/\/basta2.com\/index.php?rest_route=%2Fwp%2Fv2%2Ftags&post=16950"}],"curies":[{"name":"wp","href":"https:\/\/api.w.org\/{rel}","templated":true}]}}