{"id":17239,"date":"2023-04-20T12:45:40","date_gmt":"2023-04-20T09:45:40","guid":{"rendered":"https:\/\/basta2.com\/?p=17239"},"modified":"2023-04-20T12:48:14","modified_gmt":"2023-04-20T09:48:14","slug":"m%c9%99hsul-stadionunun-satilmasina-gor%c9%99-s%c9%99ttar-mohbaliyevin-dindirilm%c9%99si-t%c9%99l%c9%99b-olunur","status":"publish","type":"post","link":"https:\/\/basta2.com\/?p=17239","title":{"rendered":"&#8216;M\u0259hsul&#8217; stadionunun sat\u0131lmas\u0131na g\u00f6r\u0259 AH\u0130K s\u0259drinin dindirilm\u0259si t\u0259l\u0259b olunur"},"content":{"rendered":"<p>Yasamal rayonu \u0259razisind\u0259 yerl\u0259\u015f\u0259n, son 20 il \u0259rzind\u0259 daha \u00e7ox m\u00fcxalif\u0259tin k\u00fctl\u0259vi aksiyalar ke\u00e7irildiyi m\u0259kan kimi median\u0131n diqq\u0259tind\u0259 olan &#8220;M\u0259hsul&#8221; stadionunun ad\u0131 milyonluq d\u0259l\u0259duzluqla ba\u011fl\u0131 cinay\u0259t i\u015finin predmetidir. Xeyli vaxtd\u0131r ki, stadionun ke\u00e7mi\u015f direktoru\u00a0<strong>Alik H\u0259s\u0259nov\u00a0<\/strong>bu ittihamla h\u0259bsd\u0259dir. O, stadionun \u0259razisini \u00e7oxm\u0259rt\u0259b\u0259li binalar\u0131n tikintisi il\u0259 m\u0259\u015f\u011ful olan sahibkarlara satmaq ad\u0131 il\u0259 onlar\u0131 aldatmaqda su\u00e7lan\u0131r.<\/p>\n<p>Aprelin 19-da Bak\u0131 A\u011f\u0131r Cinay\u0259tl\u0259r M\u0259hk\u0259m\u0259sind\u0259 hakim qar\u015f\u0131s\u0131na \u00e7\u0131xar\u0131lan H\u0259s\u0259nov Az\u0259rbaycan H\u0259mkarlar \u0130ttifaqlar\u0131n\u0131n \u0130dman T\u0259\u015fkilatlar\u0131 Assosiasiyas\u0131n\u0131n s\u0259dri\u00a0<strong>Nadir \u018fliyev\u00a0<\/strong>il\u0259 birlikd\u0259 m\u00fchakim\u0259 olunur. \u018fliyev d\u0259 h\u0259bsd\u0259dir.<\/p>\n<h5 class=\"wsw__h3\">900 min v\u0259 360 min manat al\u0131nd\u0131\u011f\u0131 iddia olunur<\/h5>\n<p>Cinay\u0259t i\u015finin materiallar\u0131nda iddia olunur ki, adlar\u0131 \u00e7\u0259kil\u0259n t\u0259qsirl\u0259ndiril\u0259n \u015f\u0259xsl\u0259r sahibkarlara stadionun \u0259razisinin 5 milyon 500 min\u0259 sat\u0131ld\u0131\u011f\u0131n\u0131 deyib. \u018frazini almaq ist\u0259y\u0259n sahibkarlardan is\u0259 h\u0259m beh \u015f\u0259klind\u0259, h\u0259m d\u0259 Konfederasiya r\u0259hb\u0259rliyin\u0259 verm\u0259k ad\u0131 il\u0259 \u00fcmumilikd\u0259 900 min manat pul al\u0131blar.<\/p>\n<p>Ba\u015fqa bir sahibkara is\u0259 stadionun 8 milyona t\u0259klif olundu\u011fu, s\u0259n\u0259dl\u0259\u015fdirm\u0259 i\u015fl\u0259ri \u00fc\u00e7\u00fcn ilkin olaraq 360 min manat al\u0131nd\u0131\u011f\u0131 bildirilir.<\/p>\n<p>\u018fliyev v\u0259 H\u0259s\u0259nova Cinay\u0259t M\u0259c\u0259ll\u0259sinin 178.4 (x\u00fcsusil\u0259 k\u00fclli miqdarda ziyan vurmaqla d\u0259l\u0259duzluq) v\u0259 32.4, 312.1 (r\u00fc\u015fv\u0259t verm\u0259y\u0259 t\u0259hrik) madd\u0259l\u0259ri il\u0259 ittiham ir\u0259li s\u00fcr\u00fcl\u00fcb. Bu madd\u0259l\u0259rd\u0259 14 il\u0259 q\u0259d\u0259r azadl\u0131qdan m\u0259hrumetm\u0259 c\u0259zas\u0131 n\u0259z\u0259rd\u0259 tutulub.<\/p>\n<p>Bu i\u015fd\u0259 be\u015f n\u0259f\u0259r z\u0259r\u0259r\u00e7\u0259kmi\u015f kimi tan\u0131n\u0131b: Rauf \u0130smay\u0131lov, Dada\u015f Umbatov, H\u0259bib Z\u00fclf\u00fcqarov, El\u00e7in R\u00fcst\u0259mov v\u0259 Yusif V\u0259lixanov.<\/p>\n<h5 class=\"wsw__h3\">&#8220;Prokurorluq niy\u0259 S\u0259ttar M\u00f6hbal\u0131yevi k\u0259narda saxlay\u0131b?&#8221;<\/h5>\n<p>Z\u0259r\u0259r\u00e7\u0259k\u0259nl\u0259rd\u0259n El\u00e7in R\u00fcst\u0259movun v\u0259kili\u00a0<strong>Aslan \u0130smay\u0131lov<\/strong>\u00a0m\u0259hk\u0259m\u0259d\u0259 v\u0259sat\u0259t qald\u0131r\u0131b ki, Az\u0259rbaycan H\u0259mkarlar \u0130ttifaqlar\u0131 Konfederasiyas\u0131n\u0131n s\u0259dri, deputat S\u0259ttar M\u00f6hbal\u0131yev m\u0259hk\u0259m\u0259y\u0259 \u00e7a\u011f\u0131r\u0131l\u0131b dindirilsin. Onun s\u00f6zl\u0259rin\u0259 g\u00f6r\u0259, t\u0259qsirl\u0259ndiril\u0259n \u018fliyev ifad\u0259sind\u0259 z\u0259r\u0259r\u00e7\u0259kmi\u015f El\u00e7in R\u00fcst\u0259movdan ald\u0131\u011f\u0131 pulu apar\u0131b Konfederasiyan\u0131n r\u0259hb\u0259ri M\u00f6hbal\u0131yev\u0259 verdiyini etiraf edib. Lakin prokurorluq istintaq d\u00f6vr\u00fcnd\u0259 bu m\u0259s\u0259l\u0259nin \u00fcst\u00fcnd\u0259n ke\u00e7ib, ara\u015fd\u0131rma aparmay\u0131b.<\/p>\n<p><strong>&#8220;Prokurorluq niy\u0259 S\u0259ttar M\u00f6hbal\u0131yevi k\u0259narda saxlay\u0131b, bir d\u0259f\u0259 d\u0259 \u00e7a\u011f\u0131r\u0131b dindirm\u0259yib? Bu i\u015fl\u0259rin ba\u015f\u0131nda dayanan S\u0259ttar M\u00f6hbal\u0131yevdir. Bu g\u00fcn yen\u0259 k\u0259narda qalsa, art\u0131q bu \u00f6lk\u0259d\u0259 h\u00fcququn oldu\u011funa inanmayaca\u011fam. Nec\u0259 olur, 5 faiz alanlar m\u00fctt\u0259himl\u0259r k\u00fcrs\u00fcs\u00fcnd\u0259dir, S\u0259ttar M\u00f6hbal\u0131yev is\u0259 Milli M\u0259clis k\u00fcrs\u00fcs\u00fcnd\u0259?&#8221;<\/strong>, \u2013 v\u0259kil \u0130smay\u0131lov bel\u0259 deyib.<\/p>\n<p>O, Qaraba\u011f \u0259lili Zaur H\u0259s\u0259novun S\u0259ttar M\u00f6hbal\u0131yev\u0259 g\u00f6r\u0259 Az\u0259rbaycan H\u0259mkarlar Konfederasiyas\u0131n\u0131n qar\u015f\u0131s\u0131nda intihar etm\u0259sini yada sal\u0131b. Bu zaman hakiml\u0259r bax\u0131lan i\u015f\u0259 aidiyy\u0259ti olmad\u0131\u011f\u0131n\u0131 vur\u011fulayaraq \u0130smay\u0131lovun \u00e7\u0131x\u0131\u015f\u0131n\u0131 dayand\u0131r\u0131b.<\/p>\n<p>H\u0259s\u0259nov 2013-c\u00fc il, dekabr\u0131n 25-d\u0259 H\u0259mkarlar \u0130ttifaqlar\u0131 Konfederasiyas\u0131n\u0131n binas\u0131 qar\u015f\u0131s\u0131nda \u00f6z\u00fcn\u00fc yand\u0131r\u0131b. O, \u00f6z\u00fcn\u0259 q\u0259sdi 1995-ci ild\u0259n b\u0259ri paytaxt\u0131n Bibiheyb\u0259t q\u0259s\u0259b\u0259sind\u0259 i\u015fl\u0259tdiyi kafenin \u0259lind\u0259n al\u0131nmas\u0131 il\u0259 \u0259sasland\u0131r\u0131b.<\/p>\n<h5 class=\"wsw__h3\">&#8220;El\u00e7in R\u00fcst\u0259mova \u0259mlak\u0131 kim verib?&#8221;<\/h5>\n<p>T\u0259qsirl\u0259ndiril\u0259n \u015f\u0259xsl\u0259r, onlar\u0131n v\u0259kill\u0259ri d\u0259 deputat M\u00f6hbal\u0131yevin \u00e7a\u011f\u0131r\u0131l\u0131b dindirilm\u0259sind\u0259 israrl\u0131 olub. Onlar bildirib ki, bu i\u015fd\u0259 onun dindirilm\u0259sini z\u0259ruri ed\u0259n yet\u0259rinc\u0259 hallar var.<\/p>\n<p><strong>&#8220;El\u00e7in R\u00fcst\u0259mova \u0259mlak\u0131 kim verib? S\u0259n\u0259dd\u0259 Nadir \u018fliyevin imzas\u0131 yoxdur. \u018fmlak S\u0259ttar M\u00f6hbal\u0131yev t\u0259r\u0259find\u0259n verilib. Kiml\u0259rs\u0259 milyonlar qazan\u0131r, amma Nadir \u018fliyev 80 ya\u015f\u0131nda h\u0259bsd\u0259dir&#8221;<\/strong>, \u2013 \u018fliyevin v\u0259kilinin s\u00f6zl\u0259ridir.<\/p>\n<p>Lakin hakim deputat\u0131n \u00e7a\u011f\u0131r\u0131l\u0131b dindirilm\u0259si haqda v\u0259sat\u0259ti t\u0259min etm\u0259yib.<\/p>\n<p>M\u0259hk\u0259m\u0259 ara\u015fd\u0131rmalar\u0131 davam edir.<\/p>\n<p>30 ildir Az\u0259rbaycan H\u0259mkarlar \u0130ttifaqlar\u0131 Konfederasiyas\u0131n\u0131n s\u0259dri, 2000-ci ild\u0259n deputat olan M\u00f6hbal\u0131yevin deyil\u0259n ittihamlara m\u00fcnasib\u0259ti b\u0259lli deyil.<\/p>\n<p>Azadl\u0131qRadiosu<\/p>\n","protected":false},"excerpt":{"rendered":"<p>Yasamal rayonu \u0259razisind\u0259 yerl\u0259\u015f\u0259n, son 20 il \u0259rzind\u0259 daha \u00e7ox m\u00fcxalif\u0259tin k\u00fctl\u0259vi aksiyalar ke\u00e7irildiyi m\u0259kan kimi median\u0131n diqq\u0259tind\u0259 olan &#8220;M\u0259hsul&#8221;<\/p>\n","protected":false},"author":1,"featured_media":17240,"comment_status":"closed","ping_status":"closed","sticky":false,"template":"","format":"standard","meta":{"_jetpack_memberships_contains_paid_content":false,"footnotes":""},"categories":[29,35],"tags":[],"class_list":["post-17239","post","type-post","status-publish","format-standard","has-post-thumbnail","hentry","category-manset","category-olk"],"aioseo_notices":[],"jetpack_featured_media_url":"https:\/\/basta2.com\/wp-content\/uploads\/2023\/04\/mesul_stadionu_8.jpg","jetpack_sharing_enabled":true,"_links":{"self":[{"href":"https:\/\/basta2.com\/index.php?rest_route=\/wp\/v2\/posts\/17239","targetHints":{"allow":["GET"]}}],"collection":[{"href":"https:\/\/basta2.com\/index.php?rest_route=\/wp\/v2\/posts"}],"about":[{"href":"https:\/\/basta2.com\/index.php?rest_route=\/wp\/v2\/types\/post"}],"author":[{"embeddable":true,"href":"https:\/\/basta2.com\/index.php?rest_route=\/wp\/v2\/users\/1"}],"replies":[{"embeddable":true,"href":"https:\/\/basta2.com\/index.php?rest_route=%2Fwp%2Fv2%2Fcomments&post=17239"}],"version-history":[{"count":2,"href":"https:\/\/basta2.com\/index.php?rest_route=\/wp\/v2\/posts\/17239\/revisions"}],"predecessor-version":[{"id":17242,"href":"https:\/\/basta2.com\/index.php?rest_route=\/wp\/v2\/posts\/17239\/revisions\/17242"}],"wp:featuredmedia":[{"embeddable":true,"href":"https:\/\/basta2.com\/index.php?rest_route=\/wp\/v2\/media\/17240"}],"wp:attachment":[{"href":"https:\/\/basta2.com\/index.php?rest_route=%2Fwp%2Fv2%2Fmedia&parent=17239"}],"wp:term":[{"taxonomy":"category","embeddable":true,"href":"https:\/\/basta2.com\/index.php?rest_route=%2Fwp%2Fv2%2Fcategories&post=17239"},{"taxonomy":"post_tag","embeddable":true,"href":"https:\/\/basta2.com\/index.php?rest_route=%2Fwp%2Fv2%2Ftags&post=17239"}],"curies":[{"name":"wp","href":"https:\/\/api.w.org\/{rel}","templated":true}]}}