{"id":17930,"date":"2023-06-22T13:00:01","date_gmt":"2023-06-22T10:00:01","guid":{"rendered":"https:\/\/basta2.com\/?p=17930"},"modified":"2023-06-22T13:00:01","modified_gmt":"2023-06-22T10:00:01","slug":"polis-soyudlu-k%c9%99ndin%c9%99-girisi-m%c9%99hdudlasdirdi","status":"publish","type":"post","link":"https:\/\/basta2.com\/?p=17930","title":{"rendered":"Polis S\u00f6y\u00fcdl\u00fc k\u0259ndin\u0259 giri\u015fi m\u0259hdudla\u015fd\u0131rd\u0131"},"content":{"rendered":"<p>22 iyun s\u0259h\u0259rd\u0259n G\u0259d\u0259b\u0259y rayonunun S\u00f6y\u00fcdl\u00fc k\u0259ndin\u0259 giri\u015f m\u0259hdudla\u015fd\u0131r\u0131l\u0131b. Son iki g\u00fcnd\u0259 burada yerli sakinl\u0259rin etiraz aksiyas\u0131 ke\u00e7irilib.<\/p>\n<p>\u0130yunun 20-d\u0259 polis \u0259m\u0259kda\u015flar\u0131 S\u00f6y\u00fcdl\u00fc k\u0259nd sakinl\u0259rinin etiraz aksiyas\u0131n\u0131 da\u011f\u0131tmaq m\u0259qs\u0259dil\u0259 x\u00fcsusi vasit\u0259l\u0259rd\u0259n istifad\u0259 edibl\u0259r. K\u0259ndlil\u0259r &#8220;G\u0259d\u0259b\u0259y&#8221; yata\u011f\u0131ndan q\u0131z\u0131l hasilat\u0131 v\u0259 emal\u0131 m\u00fc\u0259ssis\u0259sinin \u00e7irkab sular\u0131 \u00fc\u00e7\u00fcn s\u00fcni su anbar\u0131n\u0131n yarad\u0131lmas\u0131na etiraz edibl\u0259r. Yerli sakinl\u0259rin s\u00f6zl\u0259rin\u0259 g\u00f6r\u0259, qar\u015f\u0131durma zaman\u0131 10-a yax\u0131n adam x\u0259sar\u0259t al\u0131b. Be\u015f etiraz\u00e7\u0131 inzibati qaydada h\u0259bs edilib, aksiyan\u0131n daha bir i\u015ftirak\u00e7\u0131s\u0131 c\u0259rim\u0259l\u0259nib. \u0130yunun 21-d\u0259 yerli sakinl\u0259r etiraz aksiyas\u0131n\u0131 davam etdiribl\u0259r v\u0259 G\u0259d\u0259b\u0259y rayonunun icra ba\u015f\u00e7\u0131s\u0131 onlar\u0131n n\u00fcmay\u0259nd\u0259l\u0259rini \u00a0q\u0259bul edib.<\/p>\n<p>\u0130yunun 22-d\u0259 k\u0259ndin giri\u015find\u0259 polis postu qura\u015fd\u0131r\u0131l\u0131b v\u0259 S\u00f6y\u00fcdl\u00fcy\u0259 yaln\u0131z yerli qeydiyyat\u0131 olan \u015f\u0259xsl\u0259r burax\u0131l\u0131r. Bu bar\u0259d\u0259 Turan-a yerli sakin S\u00fcr\u0259yya \u018fliyeva bildirib.<\/p>\n<p>Onun s\u00f6zl\u0259rin\u0259 g\u00f6r\u0259, k\u0259ndin \u0259razisind\u0259 \u201c\u00e7oxlu polis&#8221; var, onlar etirazlar\u0131 davam etdirm\u0259k \u00fc\u00e7\u00fcn adamlar\u0131n bir araya g\u0259lm\u0259sin\u0259 imkan vermirl\u0259r.<\/p>\n<p>O hesab edir ki, yerli sakinl\u0259r G\u0259d\u0259b\u0259y rayonunun icra ba\u015f\u00e7\u0131s\u0131 Orxan M\u00fcrs\u0259lovla d\u00fcn\u0259nki g\u00f6r\u00fc\u015fd\u0259n raz\u0131 qalmay\u0131blar.<\/p>\n<p>&#8220;O, bizi dinl\u0259m\u0259di, ancaq \u00f6z\u00fc dan\u0131\u015fd\u0131. Haz\u0131rda h\u00f6kum\u0259t komissiyas\u0131 yarad\u0131l\u0131b. Biz ist\u0259yirik ki, komissiya \u00fczvl\u0259ri biziml\u0259 g\u00f6r\u00fc\u015fs\u00fcnl\u0259r, \u015fikay\u0259tl\u0259rimizi dinl\u0259sinl\u0259r, yerli sakinl\u0259rin i\u015ftirak\u0131 il\u0259 monitorinq apars\u0131nlar. G\u0259lib zavodun h\u0259y\u0259tin\u0259 ba\u015f \u00e7\u0259kib ged\u0259c\u0259kl\u0259rs\u0259, g\u0259lm\u0259s\u0259l\u0259r daha yax\u015f\u0131d\u0131r\u201d, &#8211; \u018fliyeva qeyd edib.<\/p>\n<p>Daxili \u0130\u015fl\u0259r Nazirliyinin m\u0259tbuat xidm\u0259ti k\u0259nd\u0259 giri\u015fin m\u0259hdudla\u015fd\u0131r\u0131lmas\u0131n\u0131 Turan-\u0131n m\u00fcxbirin\u0259 t\u0259sdiql\u0259yib.<\/p>\n<p>\u0130ctimai asayi\u015fin t\u0259min edilm\u0259si m\u0259qs\u0259dil\u0259 k\u0259nd\u0259 k\u0259nar \u015f\u0259xsl\u0259rin giri\u015fi m\u0259hdudla\u015fd\u0131r\u0131l\u0131b, &#8211; nazirlikd\u0259n bildiribl\u0259r.<\/p>\n<p>\u201cM\u00fcdafi\u0259 X\u0259tti\u201d h\u00fcquq- m\u00fcdafi\u0259 t\u0259\u015fkilat\u0131n\u0131n icra\u00e7\u0131 direktoru R\u00fcf\u0259t S\u0259f\u0259rov \u00a0Turan-\u0131n m\u00fcxbiril\u0259 s\u00f6hb\u0259tind\u0259 polisin h\u0259r\u0259k\u0259tl\u0259rini h\u00fcquqazidd adland\u0131r\u0131b.<\/p>\n<p>\u201cH\u00f6kum\u0259t haql\u0131 etirazlar\u0131 dinl\u0259yib rasional q\u0259rar verm\u0259k \u0259v\u0259zin\u0259 t\u0259cridetm\u0259ni d\u0259rinl\u0259\u015fdirir, zorak\u0131 siyas\u0259t\u0259 \u00fcst\u00fcnl\u00fck verir\u201d, &#8211; o deyib.<\/p>\n<p>&#8220;\u018flb\u0259tt\u0259, S\u00f6y\u00fcdl\u00fc k\u0259ndin\u0259 giri\u015f-\u00e7\u0131x\u0131\u015f\u0131 m\u0259hdudla\u015fd\u0131rmaq milli v\u0259 beyn\u0259lxalq qanunvericilikl\u0259 ziddiyy\u0259t t\u0259\u015fkil edir&#8221;, &#8211; S\u0259f\u0259rov deyib.<\/p>\n<p>Konstitusiyan\u0131n 28-ci madd\u0259sinin lll hiss\u0259sin\u0259 g\u00f6r\u0259, Az\u0259rbaycan Respublikas\u0131n\u0131n \u0259razisind\u0259 olan h\u0259r k\u0259s s\u0259rb\u0259st h\u0259r\u0259k\u0259t ed\u0259 bil\u0259r, \u00f6z\u00fcn\u0259 ya\u015fay\u0131\u015f yeri se\u00e7\u0259 bil\u0259r v\u0259 Az\u0259rbaycan Respublikas\u0131n\u0131n \u0259razisind\u0259n k\u0259nara ged\u0259 bil\u0259r.<\/p>\n<p>\u0130nsan h\u00fcquqlar\u0131n\u0131n v\u0259 \u0259sas azadl\u0131qlar\u0131n m\u00fcdafi\u0259si haqq\u0131nda Konvensiyaya dair 4 sayl\u0131 Protokola \u0259sas\u0259n ist\u0259nil\u0259n d\u00f6vl\u0259tin \u0259razisind\u0259 olan h\u0259r k\u0259sin h\u0259min \u0259razid\u0259 s\u0259rb\u0259st h\u0259r\u0259k\u0259t etm\u0259k v\u0259 \u00f6z\u00fcn\u0259 ya\u015fay\u0131\u015f yeri se\u00e7m\u0259k\u00a0h\u00fcququ\u00a0var.<\/p>\n<p>\u00d6z n\u00f6vb\u0259sind\u0259, Ekologiya v\u0259 T\u0259bii S\u0259rv\u0259tl\u0259r Nazirliyinin m\u0259tbuat xidm\u0259tind\u0259n Turan-\u0131n m\u00fcxbirin\u0259 bildiribl\u0259r ki, h\u00f6kum\u0259t komissiyas\u0131n\u0131n \u00fczvl\u0259ri G\u0259d\u0259b\u0259y rayonundad\u0131r.<\/p>\n<p>Yerli m\u0259nb\u0259l\u0259rin m\u0259lumat\u0131na g\u00f6r\u0259, bu g\u00fcn komissiyan\u0131n \u00fczvl\u0259ri q\u0131z\u0131l\u0131n emal\u0131ndan sonra \u00e7irkab sular\u0131n\u0131n t\u00f6k\u00fcld\u00fcy\u00fc s\u00fcni g\u00f6l\u0259 ba\u015f \u00e7\u0259kibl\u0259r.<\/p>\n<p>Yerli sakinl\u0259r m\u00fc\u0259ssis\u0259d\u0259n z\u0259r\u0259rli madd\u0259l\u0259rin ax\u0131n\u0131n\u0131n dayand\u0131r\u0131lmas\u0131n\u0131 v\u0259 zavoddan tullant\u0131lar\u0131n toplanmas\u0131 \u00fc\u00e7\u00fcn yeni s\u00fcni g\u00f6l\u00fcn tikintisin\u0259 yol verilm\u0259m\u0259sini t\u0259l\u0259b edirl\u0259r.<\/p>\n<p>S\u00f6yudlu Bak\u0131dan 450 kilometr q\u0259rbd\u0259 da\u011fl\u0131q \u0259razid\u0259 yerl\u0259\u015fir. &#8220;G\u0259d\u0259b\u0259y&#8221; yata\u011f\u0131 2009-cu ild\u0259n Britaniyan\u0131n &#8220;Anglo Asian Mining&#8221; \u015firk\u0259ti t\u0259r\u0259find\u0259n i\u015fl\u0259nilir. \u0130lk q\u0131z\u0131l hasilat\u0131na 2009-cu ild\u0259 ba\u015flan\u0131l\u0131b.<\/p>\n<p>Turan<\/p>\n<p>Foto: Azadl\u0131q q\u0259zeti<\/p>\n","protected":false},"excerpt":{"rendered":"<p>22 iyun s\u0259h\u0259rd\u0259n G\u0259d\u0259b\u0259y rayonunun S\u00f6y\u00fcdl\u00fc k\u0259ndin\u0259 giri\u015f m\u0259hdudla\u015fd\u0131r\u0131l\u0131b. Son iki g\u00fcnd\u0259 burada yerli sakinl\u0259rin etiraz aksiyas\u0131 ke\u00e7irilib. \u0130yunun 20-d\u0259<\/p>\n","protected":false},"author":1,"featured_media":17931,"comment_status":"closed","ping_status":"closed","sticky":false,"template":"","format":"standard","meta":{"_jetpack_memberships_contains_paid_content":false,"footnotes":""},"categories":[30,29],"tags":[],"class_list":["post-17930","post","type-post","status-publish","format-standard","has-post-thumbnail","hentry","category-gundm","category-manset"],"aioseo_notices":[],"jetpack_featured_media_url":"https:\/\/basta2.com\/wp-content\/uploads\/2023\/06\/yol-soyudlu.jpg","jetpack_sharing_enabled":true,"_links":{"self":[{"href":"https:\/\/basta2.com\/index.php?rest_route=\/wp\/v2\/posts\/17930","targetHints":{"allow":["GET"]}}],"collection":[{"href":"https:\/\/basta2.com\/index.php?rest_route=\/wp\/v2\/posts"}],"about":[{"href":"https:\/\/basta2.com\/index.php?rest_route=\/wp\/v2\/types\/post"}],"author":[{"embeddable":true,"href":"https:\/\/basta2.com\/index.php?rest_route=\/wp\/v2\/users\/1"}],"replies":[{"embeddable":true,"href":"https:\/\/basta2.com\/index.php?rest_route=%2Fwp%2Fv2%2Fcomments&post=17930"}],"version-history":[{"count":2,"href":"https:\/\/basta2.com\/index.php?rest_route=\/wp\/v2\/posts\/17930\/revisions"}],"predecessor-version":[{"id":17933,"href":"https:\/\/basta2.com\/index.php?rest_route=\/wp\/v2\/posts\/17930\/revisions\/17933"}],"wp:featuredmedia":[{"embeddable":true,"href":"https:\/\/basta2.com\/index.php?rest_route=\/wp\/v2\/media\/17931"}],"wp:attachment":[{"href":"https:\/\/basta2.com\/index.php?rest_route=%2Fwp%2Fv2%2Fmedia&parent=17930"}],"wp:term":[{"taxonomy":"category","embeddable":true,"href":"https:\/\/basta2.com\/index.php?rest_route=%2Fwp%2Fv2%2Fcategories&post=17930"},{"taxonomy":"post_tag","embeddable":true,"href":"https:\/\/basta2.com\/index.php?rest_route=%2Fwp%2Fv2%2Ftags&post=17930"}],"curies":[{"name":"wp","href":"https:\/\/api.w.org\/{rel}","templated":true}]}}