{"id":1796,"date":"2020-09-02T07:41:32","date_gmt":"2020-09-02T04:41:32","guid":{"rendered":"http:\/\/basta2.com\/?p=1796"},"modified":"2020-09-02T07:42:31","modified_gmt":"2020-09-02T04:42:31","slug":"ust-is-yerl%c9%99rini-v%c9%99-m%c9%99kt%c9%99bl%c9%99ri-acin-amma-unutmayin-ki","status":"publish","type":"post","link":"https:\/\/basta2.com\/?p=1796","title":{"rendered":"\u00dcST-d\u0259n vacib \u00e7a\u011f\u0131r\u0131\u015f"},"content":{"rendered":"\n<p>\u00dcmumd\u00fcnya S\u0259hiyy\u0259 T\u0259\u015fkilat\u0131n\u0131n Ba\u015f direktoru Tedros Adhanom Qebreyesus \u0130sve\u00e7r\u0259d\u0259 ke\u00e7iril\u0259n n\u00f6vb\u0259ti brifinqd\u0259 \u00e7\u0131x\u0131\u015f edib.<\/p>\n\n\n\n<p>Bu d\u0259f\u0259 pandemiya d\u00f6vr\u00fcnd\u0259 m\u0259kt\u0259bl\u0259rin v\u0259 i\u015f yerl\u0259rinin a\u00e7\u0131lmas\u0131ndan dan\u0131\u015fan Qebreyesus karantin qaydalar\u0131na ciddi \u0259m\u0259l etm\u0259yin vacibliyini bir daha d\u00fcnya ictimaiyy\u0259tin\u0259 \u00e7atd\u0131r\u0131b:<br>\u201c\u00dcST iqtisadiyyatla ba\u011fl\u0131 sah\u0259l\u0259ri v\u0259 c\u0259miyy\u0259tl\u0259ri yenid\u0259n a\u00e7maq \u00fc\u00e7\u00fcn g\u00f6st\u0259ril\u0259n s\u0259yl\u0259ri tamamil\u0259 d\u0259st\u0259kl\u0259yir. Biz pandemiya d\u00f6vr\u00fcnd\u0259 m\u0259kt\u0259bl\u0259rin v\u0259 i\u015f yerl\u0259rinin a\u00e7\u0131lmas\u0131n\u0131 d\u0259st\u0259kl\u0259yirik, lakin karantin qaydalar\u0131na ciddi \u0259m\u0259l etm\u0259yi unutmamal\u0131y\u0131q.<\/p>\n\n\n\n<p><br>Eyni zamanda, he\u00e7 bir \u00f6lk\u0259 pandemiyan\u0131n bitdiyini dey\u0259 bilm\u0259z. Bu koronavirusun asanl\u0131qla yay\u0131ld\u0131\u011f\u0131n\u0131 unutmamal\u0131y\u0131q, bu h\u0259r ya\u015fdan olan insan \u00fc\u00e7\u00fcn \u00f6l\u00fcmc\u00fcld\u00fcr, buna h\u0259ssas yana\u015fmal\u0131y\u0131q.\u201d<\/p>\n\n\n\n<p><br>\u00dcST r\u0259hb\u0259ri qeyd edib ki, sanitar-gigiyenik qaydalara n\u0259 q\u0259d\u0259r ciddi yana\u015f\u0131lsa, bir o q\u0259d\u0259r dig\u0259r m\u0259hdudiyy\u0259tl\u0259rin aradan qald\u0131r\u0131lmas\u0131 tez ba\u015f tutar. Qebreyesus \u0259lav\u0259 edib ki, karantin qaydalar\u0131na \u0259m\u0259l etm\u0259m\u0259k m\u0259hdudiyy\u0259t\u0259rin yenid\u0259n a\u011f\u0131rla\u015fmas\u0131na s\u0259b\u0259b ola bil\u0259r. (Kanal8)<\/p>\n","protected":false},"excerpt":{"rendered":"<p>\u00dcmumd\u00fcnya S\u0259hiyy\u0259 T\u0259\u015fkilat\u0131n\u0131n Ba\u015f direktoru Tedros Adhanom Qebreyesus \u0130sve\u00e7r\u0259d\u0259 ke\u00e7iril\u0259n n\u00f6vb\u0259ti brifinqd\u0259 \u00e7\u0131x\u0131\u015f edib. Bu d\u0259f\u0259 pandemiya d\u00f6vr\u00fcnd\u0259 m\u0259kt\u0259bl\u0259rin v\u0259<\/p>\n","protected":false},"author":1,"featured_media":1797,"comment_status":"open","ping_status":"open","sticky":false,"template":"","format":"standard","meta":{"_jetpack_memberships_contains_paid_content":false,"footnotes":""},"categories":[30,29],"tags":[],"class_list":["post-1796","post","type-post","status-publish","format-standard","has-post-thumbnail","hentry","category-gundm","category-manset"],"aioseo_notices":[],"jetpack_featured_media_url":"https:\/\/basta2.com\/wp-content\/uploads\/2020\/09\/ust.jpg","jetpack_sharing_enabled":true,"_links":{"self":[{"href":"https:\/\/basta2.com\/index.php?rest_route=\/wp\/v2\/posts\/1796","targetHints":{"allow":["GET"]}}],"collection":[{"href":"https:\/\/basta2.com\/index.php?rest_route=\/wp\/v2\/posts"}],"about":[{"href":"https:\/\/basta2.com\/index.php?rest_route=\/wp\/v2\/types\/post"}],"author":[{"embeddable":true,"href":"https:\/\/basta2.com\/index.php?rest_route=\/wp\/v2\/users\/1"}],"replies":[{"embeddable":true,"href":"https:\/\/basta2.com\/index.php?rest_route=%2Fwp%2Fv2%2Fcomments&post=1796"}],"version-history":[{"count":3,"href":"https:\/\/basta2.com\/index.php?rest_route=\/wp\/v2\/posts\/1796\/revisions"}],"predecessor-version":[{"id":1800,"href":"https:\/\/basta2.com\/index.php?rest_route=\/wp\/v2\/posts\/1796\/revisions\/1800"}],"wp:featuredmedia":[{"embeddable":true,"href":"https:\/\/basta2.com\/index.php?rest_route=\/wp\/v2\/media\/1797"}],"wp:attachment":[{"href":"https:\/\/basta2.com\/index.php?rest_route=%2Fwp%2Fv2%2Fmedia&parent=1796"}],"wp:term":[{"taxonomy":"category","embeddable":true,"href":"https:\/\/basta2.com\/index.php?rest_route=%2Fwp%2Fv2%2Fcategories&post=1796"},{"taxonomy":"post_tag","embeddable":true,"href":"https:\/\/basta2.com\/index.php?rest_route=%2Fwp%2Fv2%2Ftags&post=1796"}],"curies":[{"name":"wp","href":"https:\/\/api.w.org\/{rel}","templated":true}]}}