{"id":18925,"date":"2023-10-05T09:05:26","date_gmt":"2023-10-05T06:05:26","guid":{"rendered":"https:\/\/basta2.com\/?p=18925"},"modified":"2023-10-05T09:06:59","modified_gmt":"2023-10-05T06:06:59","slug":"dovl%c9%99t-departamenti-istanbul-gorusu-m%c9%99xfi-deyildi","status":"publish","type":"post","link":"https:\/\/basta2.com\/?p=18925","title":{"rendered":"D\u00f6vl\u0259t Departamenti: \u0130stanbul g\u00f6r\u00fc\u015f\u00fc \u201cm\u0259xfi\u201d deyildi"},"content":{"rendered":"<p>B\u015e \u00e7\u0259r\u015f\u0259nb\u0259 g\u00fcn\u00fc Az\u0259rbaycan\u0131n Da\u011fl\u0131q Qaraba\u011fdak\u0131 h\u0259rbi \u0259m\u0259liyyat\u0131ndan c\u0259mi iki g\u00fcn \u0259vv\u0259l, sentyabr\u0131n 17-d\u0259 \u0130stanbulda Rusiya, A\u0130 v\u0259 Amerika r\u0259smil\u0259ri aras\u0131nda g\u00f6r\u00fc\u015f\u00fcn ke\u00e7irilm\u0259si bar\u0259d\u0259 x\u0259b\u0259rl\u0259ri t\u0259sdiql\u0259yib.<\/p>\n<p>TURAN\u0131n Va\u015finqton m\u00fcxbirinin verdiyi m\u0259lumata g\u00f6r\u0259, D\u00f6vl\u0259t Departamentinin s\u00f6z\u00e7\u00fcs\u00fc m\u00fcavini Vedant Patel g\u00fcnd\u0259lik brifinqd\u0259 g\u00f6r\u00fc\u015f\u00fcn &#8220;i\u015f\u00e7i s\u0259viyy\u0259sind\u0259&#8221; oldu\u011funu v\u0259 &#8220;m\u0259xfi&#8221; olmad\u0131\u011f\u0131n\u0131 bildirib.<\/p>\n<p>\u201c&#8230; Biz regiondak\u0131 maraql\u0131 t\u0259r\u0259fl\u0259r v\u0259 h\u0259ms\u00f6hb\u0259tl\u0259rl\u0259 kifay\u0259t q\u0259d\u0259r m\u00fcnt\u0259z\u0259m olaraq \u0259laq\u0259 saxlay\u0131r\u0131q v\u0259 17 sentyabrda \u0130stanbulda ke\u00e7iril\u0259n g\u00f6r\u00fc\u015f x\u00fcsusil\u0259 t\u0259cili humanitar m\u0259s\u0259l\u0259l\u0259rin h\u0259lli \u00fc\u00e7\u00fcn bir araya g\u0259ldi. Da\u011fl\u0131q Qaraba\u011fa potensial humanitar yard\u0131m\u0131n g\u00f6st\u0259rilm\u0259si. H\u0259min g\u00f6r\u00fc\u015f d\u0259 bundan ibar\u0259t idi\u201d, &#8211; Patel izah edib.<\/p>\n<p>Lakin geni\u015f m\u0259nada, onun s\u00f6zl\u0259rin\u0259 g\u00f6r\u0259, AB\u015e v\u0259ziyy\u0259tl\u0259 \u201cd\u0259rin m\u0259\u015f\u011ful olaraq qal\u0131r\u201d v\u0259 \u201cbiz C\u0259nubi Qafqazda davaml\u0131 s\u00fclh\u0259 nail olmaqda t\u0259r\u0259fl\u0259r\u0259 k\u00f6m\u0259k etm\u0259y\u0259 sadiq qal\u0131r\u0131q\u201d.<\/p>\n<p>M\u0259tbuat katibinin m\u00fcavini TURAN\u0131n g\u00f6r\u00fc\u015f\u00fcn t\u0259\u015f\u0259bb\u00fcskar\u0131 il\u0259 ba\u011fl\u0131 sual\u0131na a\u00e7\u0131qlama verm\u0259kd\u0259n imtina edib.<\/p>\n<p>Onun s\u00f6zl\u0259rin\u0259 g\u00f6r\u0259, Da\u011fl\u0131q Qaraba\u011f regionunda humanitar ehtiyaclar m\u0259s\u0259l\u0259si m\u00fczakir\u0259l\u0259rin miqyas\u0131 v\u0259 konteksti olub.<\/p>\n<p>M\u00fcnaqi\u015f\u0259 \u0259traf\u0131ndak\u0131 v\u0259ziyy\u0259t haqq\u0131nda dan\u0131\u015fark\u0259n, Patel AB\u015e-\u0131n &#8220;d\u0259rin narahatl\u0131\u011f\u0131n\u0131 davam etdirdiyini&#8221; s\u00f6yl\u0259di.<\/p>\n<p>O, daha sonra \u0259lav\u0259 edib: \u201c\u018flb\u0259tt\u0259, biz son h\u0259rbi \u0259m\u0259liyyatlardan sonra yaranm\u0131\u015f v\u0259ziyy\u0259td\u0259n narahat\u0131q v\u0259 bu, 100 mind\u0259n \u00e7ox etnik erm\u0259ninin Da\u011fl\u0131q Qaraba\u011f b\u00f6lg\u0259sind\u0259n Erm\u0259nistana qa\u00e7mas\u0131 il\u0259 n\u0259tic\u0259l\u0259nib v\u0259 biz v\u0259ziyy\u0259ti diqq\u0259tl\u0259 izl\u0259yirik. T\u0259bii ki, biz narahat olma\u011fa davam edirik v\u0259 humanitar t\u0259sirl\u0259r\u0259 diqq\u0259t yetiririk. M\u0259hz buna g\u00f6r\u0259 d\u0259 bu g\u00f6r\u00fc\u015f\u00fcn ba\u015f tutmas\u0131n\u0131n bir hiss\u0259sidir\u201d.<\/p>\n<p>TURAN h\u0259m\u00e7inin Pateld\u0259n Qranadada ke\u00e7iril\u0259c\u0259k Qaraba\u011f dan\u0131\u015f\u0131qlar\u0131 bar\u0259d\u0259 d\u0259 soru\u015fub. &#8220;Qeyd edirik ki, prezident \u018fliyev Qranadada n\u0259z\u0259rd\u0259 tutulan g\u00f6r\u00fc\u015fd\u0259 i\u015ftirak etm\u0259y\u0259c\u0259k&#8221;, &#8211; o deyib.<\/p>\n<p>O, davam etdi: &#8220;&#8230;Erm\u0259nistan v\u0259 Az\u0259rbaycan aras\u0131nda dialoq bu uzun m\u00fcdd\u0259tdir davam ed\u0259n m\u00fcnaqi\u015f\u0259nin h\u0259lli \u00fc\u00e7\u00fcn vacibdir. Bu, Katib [Blinken] v\u0259 buradak\u0131 dig\u0259r \u015f\u0259xsl\u0259rin d\u0259rind\u0259n m\u0259\u015f\u011ful olduqlar\u0131 bir \u015feydir v\u0259 biz i\u015fl\u0259m\u0259y\u0259 davam ed\u0259c\u0259yik&#8221;.<\/p>\n<p><strong>Aleks Raufo\u011flu<\/strong><\/p>\n","protected":false},"excerpt":{"rendered":"<p>B\u015e \u00e7\u0259r\u015f\u0259nb\u0259 g\u00fcn\u00fc Az\u0259rbaycan\u0131n Da\u011fl\u0131q Qaraba\u011fdak\u0131 h\u0259rbi \u0259m\u0259liyyat\u0131ndan c\u0259mi iki g\u00fcn \u0259vv\u0259l, sentyabr\u0131n 17-d\u0259 \u0130stanbulda Rusiya, A\u0130 v\u0259 Amerika r\u0259smil\u0259ri<\/p>\n","protected":false},"author":1,"featured_media":18926,"comment_status":"closed","ping_status":"closed","sticky":false,"template":"","format":"standard","meta":{"_jetpack_memberships_contains_paid_content":false,"footnotes":""},"categories":[29,36],"tags":[],"class_list":["post-18925","post","type-post","status-publish","format-standard","has-post-thumbnail","hentry","category-manset","category-siyast"],"aioseo_notices":[],"jetpack_featured_media_url":"https:\/\/basta2.com\/wp-content\/uploads\/2023\/10\/vedant-patel.jpeg","jetpack_sharing_enabled":true,"_links":{"self":[{"href":"https:\/\/basta2.com\/index.php?rest_route=\/wp\/v2\/posts\/18925","targetHints":{"allow":["GET"]}}],"collection":[{"href":"https:\/\/basta2.com\/index.php?rest_route=\/wp\/v2\/posts"}],"about":[{"href":"https:\/\/basta2.com\/index.php?rest_route=\/wp\/v2\/types\/post"}],"author":[{"embeddable":true,"href":"https:\/\/basta2.com\/index.php?rest_route=\/wp\/v2\/users\/1"}],"replies":[{"embeddable":true,"href":"https:\/\/basta2.com\/index.php?rest_route=%2Fwp%2Fv2%2Fcomments&post=18925"}],"version-history":[{"count":2,"href":"https:\/\/basta2.com\/index.php?rest_route=\/wp\/v2\/posts\/18925\/revisions"}],"predecessor-version":[{"id":18928,"href":"https:\/\/basta2.com\/index.php?rest_route=\/wp\/v2\/posts\/18925\/revisions\/18928"}],"wp:featuredmedia":[{"embeddable":true,"href":"https:\/\/basta2.com\/index.php?rest_route=\/wp\/v2\/media\/18926"}],"wp:attachment":[{"href":"https:\/\/basta2.com\/index.php?rest_route=%2Fwp%2Fv2%2Fmedia&parent=18925"}],"wp:term":[{"taxonomy":"category","embeddable":true,"href":"https:\/\/basta2.com\/index.php?rest_route=%2Fwp%2Fv2%2Fcategories&post=18925"},{"taxonomy":"post_tag","embeddable":true,"href":"https:\/\/basta2.com\/index.php?rest_route=%2Fwp%2Fv2%2Ftags&post=18925"}],"curies":[{"name":"wp","href":"https:\/\/api.w.org\/{rel}","templated":true}]}}