{"id":19386,"date":"2023-11-15T11:43:16","date_gmt":"2023-11-15T08:43:16","guid":{"rendered":"https:\/\/basta2.com\/?p=19386"},"modified":"2023-11-15T11:43:16","modified_gmt":"2023-11-15T08:43:16","slug":"az%c9%99rbaycan-9-ayda-findiq-ixracindan-111-milyon-dollar-g%c9%99lir-%c9%99ld%c9%99-edib","status":"publish","type":"post","link":"https:\/\/basta2.com\/?p=19386","title":{"rendered":"Az\u0259rbaycan 9 ayda f\u0131nd\u0131q ixrac\u0131ndan 111 milyon dollar g\u0259lir \u0259ld\u0259 edib"},"content":{"rendered":"<p>Bu ilin yanvar-sentyabr aylar\u0131nda Az\u0259rbaycan f\u0131nd\u0131q ixrac\u0131ndan\u00a0<strong>110 milyon 643 min<\/strong>\u00a0AB\u015e dollar\u0131 g\u0259lir \u0259ld\u0259 edib.<\/p>\n<p>\u201cReport\u201d\u00a0x\u0259b\u0259r verir ki, bunu K\u0259nd T\u0259s\u0259rr\u00fcfat\u0131 Nazirliyi aparat\u0131n\u0131n r\u0259hb\u0259ri Azad C\u0259f\u0259rli Bak\u0131da ke\u00e7iril\u0259n &#8220;F\u0131nd\u0131q potensial\u0131n\u0131n art\u0131r\u0131lmas\u0131: M\u0259hsuldarl\u0131q, keyfiyy\u0259t v\u0259 ixrac h\u0259cminin art\u0131r\u0131lmas\u0131na innovativ yana\u015fmalar&#8221; m\u00f6vzusunda beyn\u0259lxalq konfransda bildirib.<\/p>\n<p>\u201cK\u0259nd t\u0259s\u0259rr\u00fcfat\u0131 m\u0259hsullar\u0131 aras\u0131nda f\u0131nd\u0131q m\u00fch\u00fcm yer tutur v\u0259 ixrac potensial\u0131na g\u00f6r\u0259 q\u0259rz\u0259kli meyv\u0259l\u0259r aras\u0131nda I yerd\u0259 q\u0259rarla\u015f\u0131b. 2022-ci ild\u0259 \u00f6lk\u0259mizd\u0259n qab\u0131ql\u0131 f\u0131nd\u0131q ixrac\u0131 2021-ci il\u0259 nisb\u0259t\u0259n 48,5 %, qab\u0131qs\u0131z f\u0131nd\u0131q (l\u0259p\u0259) ixrac\u0131 is\u0259 10,2 % \u00e7ox olub. Az\u0259rbaycan l\u0259p\u0259sinin al\u0131c\u0131lar\u0131 qismind\u0259 \u0130taliya, Almaniya, Rusiya v\u0259 dig\u0259r \u00f6lk\u0259l\u0259ri qeyd ed\u0259 bil\u0259rik&#8221;, &#8211; dey\u0259 o \u0259lav\u0259 edib.<\/p>\n<p>Nazirlik r\u0259smisi h\u0259m\u00e7inin \u0259lav\u0259 edib ki, i\u015f\u011faldan azad olunmu\u015f \u0259razil\u0259rd\u0259 aqrar sektor b\u0259rpa edilm\u0259kd\u0259dir: \u201c2021-ci ild\u0259\u00a0<strong>10 min\u00a0<\/strong>hektar, 2022-ci ild\u0259\u00a0<strong>50 min\u00a0<\/strong>hektar, 2023-c\u00fc ild\u0259 is\u0259\u00a0<strong>72 min\u00a0<\/strong>hektar \u0259razi \u0259kin d\u00f6vriyy\u0259sin\u0259 qat\u0131l\u0131b. O c\u00fcml\u0259d\u0259n h\u0259min \u0259razil\u0259rd\u0259 200 hektardan \u00e7ox f\u0131nd\u0131q ba\u011f\u0131 sal\u0131n\u0131b. Bu ilin yanvar-avqust aylar\u0131nda h\u0259min ba\u011flara g\u00f6r\u0259 13 milyon manatdan art\u0131q \u0259kin subsidiyas\u0131 \u00f6d\u0259nilib. 2023-c\u00fc il sentyabr\u0131n 1-d\u0259n 2024-c\u00fc il may\u0131n 31-n\u0259 q\u0259d\u0259r yeni \u0259razil\u0259rd\u0259 sal\u0131nan f\u0131nd\u0131q ba\u011flar\u0131n\u0131n h\u0259r hektar\u0131na g\u00f6r\u0259 5 min manat \u0259kin subsidiyas\u0131n\u0131n \u00f6d\u0259nilm\u0259si n\u0259z\u0259rd\u0259 tutulur. O c\u00fcml\u0259d\u0259n, yeni sal\u0131nan intensiv ba\u011flara g\u00f6r\u0259 730 manat, \u0259n\u0259n\u0259vi ba\u011flara g\u00f6r\u0259 is\u0259 250 manat \u0259kin subsidiyas\u0131n\u0131n verilm\u0259si planla\u015fd\u0131r\u0131l\u0131r&#8221;.<\/p>\n<p>Bundan ba\u015fqa, A.C\u0259f\u0259rlinin s\u00f6zl\u0259rin\u0259 g\u00f6r\u0259, f\u0131nd\u0131q istehsal\u00e7\u0131lar\u0131\u0131n\u0131n 50 %-d\u0259n \u00e7oxu qeydiyyata al\u0131n\u0131b: &#8220;2022-ci ild\u0259 \u00f6lk\u0259 \u00fczr\u0259 f\u0131nd\u0131\u011f\u0131n \u00fcmumi \u0259kin sah\u0259si 81,1 min hektar, m\u0259hsul istehsal\u0131 71,1 min ton, m\u0259hsuldarl\u0131q g\u00f6st\u0259ricisi hektara g\u00f6r\u0259 13,9 sentner t\u0259\u015fkil edib. 2021-ci ill\u0259 m\u00fcqayis\u0259d\u0259 \u0259kin sah\u0259si 1 053 hektar, m\u0259hsul istehsal\u0131 4 min ton, m\u0259hsuldarl\u0131q is\u0259 0,2 sentner \u00e7ox olub. \u00d6t\u0259n il 1 241 hektar sah\u0259d\u0259 yeni f\u0131nd\u0131q ba\u011flar\u0131 sal\u0131n\u0131b. 2015-ci il\u0259 nisb\u0259t\u0259n f\u0131nd\u0131q ba\u011flar\u0131n\u0131n sah\u0259si 2,5 d\u0259f\u0259, 2021-ci il\u0259 nisb\u0259t\u0259n 1,4 % art\u0131b. M\u00f6vcud ba\u011flar\u0131n 51,4 min hektar\u0131 yaxud da 63,1 %-i bar ver\u0259n ya\u015fdad\u0131r. \u00dcmumilikd\u0259 f\u0131nd\u0131q ba\u011flar\u0131n\u0131n 76 min hektar\u0131 v\u0259 yaxud 93,5 %-i \u0259n\u0259n\u0259vi, dig\u0259r hiss\u0259si intensiv ba\u011flard\u0131r. \u00d6t\u0259n il f\u0131nd\u0131q ba\u011flar\u0131n\u0131n 25 %-i Zaqatala, 13 %-i Balak\u0259n, 13 %-i Xa\u00e7maz, 12,5 %-i Qax, 8,8 %-i Q\u0259b\u0259l\u0259, 8,1 %-i Qusar, 5,9 %-i \u015e\u0259ki, 5,4 %-i is\u0259 O\u011fuzun pay\u0131na d\u00fc\u015f\u00fcb&#8221;.<\/p>\n<p>&#8220;Az\u0259rbaycanda f\u0131nd\u0131q\u00e7\u0131l\u0131q sektorunda m\u00fc\u0259yy\u0259n probleml\u0259r var. B\u0259zi ba\u011flarda m\u0259hsuldarl\u0131q a\u015fa\u011f\u0131d\u0131r. Dig\u0259r meyv\u0259 istehsal\u00e7\u0131lar\u0131 il\u0259 m\u00fcqayis\u0259d\u0259 f\u0131nd\u0131q\u00e7\u0131l\u0131qla m\u0259\u015f\u011ful olan fermerl\u0259rin bilik v\u0259 bacar\u0131qlar\u0131n\u0131n daha da t\u0259kmill\u0259\u015fdirilm\u0259sin\u0259 ehtiyac var. Ki\u00e7ik t\u0259s\u0259rr\u00fcfatlarda m\u0259hsul y\u0131\u011f\u0131m\u0131ndan sonra saxlanma \u015f\u0259raitinin d\u00fczg\u00fcn t\u0259\u015fkil olunmamas\u0131 da \u0259sas \u00e7\u0259tinlikl\u0259rd\u0259n biridir&#8221;, &#8211; dey\u0259 aparat r\u0259hb\u0259ri \u0259lav\u0259 edib.<\/p>\n","protected":false},"excerpt":{"rendered":"<p>Bu ilin yanvar-sentyabr aylar\u0131nda Az\u0259rbaycan f\u0131nd\u0131q ixrac\u0131ndan\u00a0110 milyon 643 min\u00a0AB\u015e dollar\u0131 g\u0259lir \u0259ld\u0259 edib. \u201cReport\u201d\u00a0x\u0259b\u0259r verir ki, bunu K\u0259nd T\u0259s\u0259rr\u00fcfat\u0131<\/p>\n","protected":false},"author":1,"featured_media":19387,"comment_status":"closed","ping_status":"closed","sticky":false,"template":"","format":"standard","meta":{"_jetpack_memberships_contains_paid_content":false,"footnotes":""},"categories":[31,29],"tags":[],"class_list":["post-19386","post","type-post","status-publish","format-standard","has-post-thumbnail","hentry","category-iqtisadiyyat","category-manset"],"aioseo_notices":[],"jetpack_featured_media_url":"https:\/\/basta2.com\/wp-content\/uploads\/2023\/11\/findiq.jpg","jetpack_sharing_enabled":true,"_links":{"self":[{"href":"https:\/\/basta2.com\/index.php?rest_route=\/wp\/v2\/posts\/19386","targetHints":{"allow":["GET"]}}],"collection":[{"href":"https:\/\/basta2.com\/index.php?rest_route=\/wp\/v2\/posts"}],"about":[{"href":"https:\/\/basta2.com\/index.php?rest_route=\/wp\/v2\/types\/post"}],"author":[{"embeddable":true,"href":"https:\/\/basta2.com\/index.php?rest_route=\/wp\/v2\/users\/1"}],"replies":[{"embeddable":true,"href":"https:\/\/basta2.com\/index.php?rest_route=%2Fwp%2Fv2%2Fcomments&post=19386"}],"version-history":[{"count":1,"href":"https:\/\/basta2.com\/index.php?rest_route=\/wp\/v2\/posts\/19386\/revisions"}],"predecessor-version":[{"id":19388,"href":"https:\/\/basta2.com\/index.php?rest_route=\/wp\/v2\/posts\/19386\/revisions\/19388"}],"wp:featuredmedia":[{"embeddable":true,"href":"https:\/\/basta2.com\/index.php?rest_route=\/wp\/v2\/media\/19387"}],"wp:attachment":[{"href":"https:\/\/basta2.com\/index.php?rest_route=%2Fwp%2Fv2%2Fmedia&parent=19386"}],"wp:term":[{"taxonomy":"category","embeddable":true,"href":"https:\/\/basta2.com\/index.php?rest_route=%2Fwp%2Fv2%2Fcategories&post=19386"},{"taxonomy":"post_tag","embeddable":true,"href":"https:\/\/basta2.com\/index.php?rest_route=%2Fwp%2Fv2%2Ftags&post=19386"}],"curies":[{"name":"wp","href":"https:\/\/api.w.org\/{rel}","templated":true}]}}