{"id":19403,"date":"2023-11-17T08:36:06","date_gmt":"2023-11-17T05:36:06","guid":{"rendered":"https:\/\/basta2.com\/?p=19403"},"modified":"2023-11-17T08:36:06","modified_gmt":"2023-11-17T05:36:06","slug":"abbas-lisanid%c9%99n-k%c9%99skin-b%c9%99yanat-fars-sovinizmi-donunu-d%c9%99yisib","status":"publish","type":"post","link":"https:\/\/basta2.com\/?p=19403","title":{"rendered":"Abbas Lisanid\u0259n k\u0259skin b\u0259yanat: &#8220;Fars \u015fovinizmi donunu d\u0259yi\u015fib&#8221;"},"content":{"rendered":"<p>Ke\u00e7mi\u015f siyasi m\u0259hbus v\u0259 Abbas Lisani milli f\u0259allar\u0131n x\u00fcsusil\u0259 son vaxtlar artan h\u0259bs hallar\u0131 il\u0259 ba\u011fl\u0131 m\u00fcraci\u0259t edib.<\/p>\n<p>Bu bar\u0259d\u0259 Abbas Lisani ad\u0131na f\u0259aliyy\u0259t g\u00f6st\u0259r\u0259n sosial media kanal\u0131nda payla\u015f\u0131m edilib.<\/p>\n<p>O, m\u00fcraci\u0259tind\u0259 44 il \u0259vv\u0259l ba\u015f ver\u0259n inqilab\u0131n fars rasizminin ba\u015fqa formada h\u0259yatda qalmaq \u00fc\u00e7\u00fcn qab\u0131q d\u0259yi\u015fdiyinin n\u0259tic\u0259si oldu\u011funu deyib.<\/p>\n<p>M\u00fcraci\u0259td\u0259 deyilir:<\/p>\n<p>&#8220;Bildiyiniz kimi fars rasismi 44 il \u00f6nc\u0259 Q\u0259rb g\u00fccl\u0259rinin \u00e7\u0131xarlar\u0131 do\u011frultusunda s\u0259lt\u0259n\u0259t donunu \u00e7\u0131xar\u0131b \u0130slam Cumhuriyy\u0259ti donunu geydi. P\u0259hl\u0259vi d\u00f6n\u0259mind\u0259 fars \u015fovinizminin yaln\u0131z q\u0131l\u0131nc\u0131 var idis\u0259, islam cumhuriyy\u0259tind\u0259 h\u0259m q\u0131l\u0131nc, h\u0259m d\u0259 teokrasi arax\u0131na yiy\u0259l\u0259nmi\u015f durumdad\u0131r. Bu \u00fczd\u0259n \u0130ran adlanan yerd\u0259 b\u00fct\u00fcn \u00f6zg\u00fcrl\u00fck u\u011frunda siyasi v\u0259 ictimai q\u0131l\u0131nc g\u00fcc\u00fc v\u0259 din ad\u0131 alt\u0131nda h\u0259r c\u00fcr basq\u0131 v\u0259 tapdalanmaqla yox edilm\u0259y\u0259 s\u00fcr\u00fckl\u0259nmi\u015fdir.<\/p>\n<p>G\u00fcney Az\u0259rbaycan milli h\u0259r\u0259kat\u0131n\u0131n Az\u0259rbaycan k\u00fctl\u0259si aras\u0131nda yay\u011f\u0131nla\u015f\u0131b, milli s\u00f6yl\u0259min etgi v\u0259 \u00f6tg\u00fc alan\u0131n\u0131n geni\u015f v\u0259 d\u0259rin oldu\u011funa g\u00f6r\u0259, m\u0259rk\u0259z\u00e7i fars hakimiyy\u0259ti, milli haqdan do\u011fulan v\u0259 insan haqlar\u0131na s\u00f6yk\u0259n\u0259n milli h\u0259r\u0259k\u0259ti h\u0259r c\u00fcr bo\u011fub s\u00f6nd\u00fcrm\u0259y\u0259 can atm\u0131\u015fd\u0131r.<\/p>\n<p>Dustaqlar, i\u015fg\u0259nc\u0259l\u0259r, \u015f\u0259xsiyy\u0259t terrorlar\u0131, \u015f\u0259hid etm\u0259kl\u0259r, basq\u0131nlar ard\u0131c\u0131l olaraq h\u0259l\u0259d\u0259 davam etm\u0259kd\u0259dir. Ancaq b\u00fct\u00fcn bu basq\u0131lara baxmayaraq, ulusal \u00e7al\u0131\u015fqanlar d\u00fc\u015fm\u0259n qar\u015f\u0131s\u0131nda dik duraraq, s\u0131nmaylb, buru\u015fuq oyunlara uymay\u0131b v\u0259 m\u00fcbariz\u0259 etm\u0259kd\u0259dir&#8221;.<\/p>\n<p>Lisani h\u0259bs edil\u0259n f\u0259allar\u0131n ail\u0259l\u0259rinin ist\u0259yi oldu\u011fu t\u0259qdird\u0259 onlara d\u0259st\u0259k \u00fc\u00e7\u00fcn ist\u0259nil\u0259n m\u0259qbul aksiyalar ke\u00e7irm\u0259y\u0259 haz\u0131r oldu\u011funu deyib.<\/p>\n<p>Siyasi m\u0259hbus bildirib ki, bu g\u00fcn siyasi, iqtisadi, ictimai v\u0259 ba\u015fqa probleml\u0259r\u0259 g\u00f6r\u0259 Urmu kimi \u0259h\u0259miyy\u0259tli m\u0259s\u0259l\u0259l\u0259r\u0259 yet\u0259rli diqq\u0259t ayr\u0131la bilm\u0259s\u0259 d\u0259, \u0259n az\u0131ndan milli f\u0259allar\u0131n azad edilm\u0259si \u00fc\u00e7\u00fcn add\u0131mlar at\u0131lmal\u0131d\u0131r.<\/p>\n<p>&#8220;Milli f\u0259allar\u0131m\u0131z\u0131 dustaqdan v\u0259 i\u015fg\u0259nc\u0259d\u0259n qurtarmaq \u00fc\u00e7\u00fcn mill\u0259t\u00e7il\u0259r v\u0259 milli f\u0259allar meydanda olarsa sonuc almaq daha \u0259lveri\u015fli olar&#8221;,- \u00a0Abbas Lisani vur\u011fulay\u0131b.<\/p>\n<p style=\"padding-left: 40px;\"><em>Abbas Lisani bu il fevral\u0131n 21-d\u0259 ona t\u0259yin olunan 8 illik c\u0259zan\u0131n yar\u0131dan \u00e7oxunu \u00e7\u0259kdikd\u0259n sonra azad edilib.<\/em><\/p>\n","protected":false},"excerpt":{"rendered":"<p>Ke\u00e7mi\u015f siyasi m\u0259hbus v\u0259 Abbas Lisani milli f\u0259allar\u0131n x\u00fcsusil\u0259 son vaxtlar artan h\u0259bs hallar\u0131 il\u0259 ba\u011fl\u0131 m\u00fcraci\u0259t edib. Bu bar\u0259d\u0259<\/p>\n","protected":false},"author":1,"featured_media":19404,"comment_status":"closed","ping_status":"closed","sticky":false,"template":"","format":"standard","meta":{"_jetpack_memberships_contains_paid_content":false,"footnotes":""},"categories":[30,29],"tags":[],"class_list":["post-19403","post","type-post","status-publish","format-standard","has-post-thumbnail","hentry","category-gundm","category-manset"],"aioseo_notices":[],"jetpack_featured_media_url":"https:\/\/basta2.com\/wp-content\/uploads\/2023\/11\/019e0000-0aff-0242-5111-08da8a9c629b_w640_h360_s.jpg","jetpack_sharing_enabled":true,"_links":{"self":[{"href":"https:\/\/basta2.com\/index.php?rest_route=\/wp\/v2\/posts\/19403","targetHints":{"allow":["GET"]}}],"collection":[{"href":"https:\/\/basta2.com\/index.php?rest_route=\/wp\/v2\/posts"}],"about":[{"href":"https:\/\/basta2.com\/index.php?rest_route=\/wp\/v2\/types\/post"}],"author":[{"embeddable":true,"href":"https:\/\/basta2.com\/index.php?rest_route=\/wp\/v2\/users\/1"}],"replies":[{"embeddable":true,"href":"https:\/\/basta2.com\/index.php?rest_route=%2Fwp%2Fv2%2Fcomments&post=19403"}],"version-history":[{"count":1,"href":"https:\/\/basta2.com\/index.php?rest_route=\/wp\/v2\/posts\/19403\/revisions"}],"predecessor-version":[{"id":19405,"href":"https:\/\/basta2.com\/index.php?rest_route=\/wp\/v2\/posts\/19403\/revisions\/19405"}],"wp:featuredmedia":[{"embeddable":true,"href":"https:\/\/basta2.com\/index.php?rest_route=\/wp\/v2\/media\/19404"}],"wp:attachment":[{"href":"https:\/\/basta2.com\/index.php?rest_route=%2Fwp%2Fv2%2Fmedia&parent=19403"}],"wp:term":[{"taxonomy":"category","embeddable":true,"href":"https:\/\/basta2.com\/index.php?rest_route=%2Fwp%2Fv2%2Fcategories&post=19403"},{"taxonomy":"post_tag","embeddable":true,"href":"https:\/\/basta2.com\/index.php?rest_route=%2Fwp%2Fv2%2Ftags&post=19403"}],"curies":[{"name":"wp","href":"https:\/\/api.w.org\/{rel}","templated":true}]}}