{"id":1947,"date":"2020-09-06T10:54:05","date_gmt":"2020-09-06T07:54:05","guid":{"rendered":"http:\/\/basta2.com\/?p=1947"},"modified":"2020-09-06T10:59:54","modified_gmt":"2020-09-06T07:59:54","slug":"ramiz-mehdiyevin-kur%c9%99k%c9%99ni-v%c9%99-onun-qudasi-h%c9%99bsd%c9%99n-cixdi-video","status":"publish","type":"post","link":"https:\/\/basta2.com\/?p=1947","title":{"rendered":"Ramiz Mehdiyevin k\u00fcr\u0259k\u0259ni h\u0259bsd\u0259n \u00e7\u0131xd\u0131: &#8220;\u0130ki g\u00fcn vaxt verir\u0259m&#8221; &#8211; V\u0130DEO"},"content":{"rendered":"\n<p>Bu g\u00fcn sabiq deputat \u0130lham \u018fliyev v\u0259 qudas\u0131 R\u00f6v\u015f\u0259n Mustafayev&nbsp;azadl\u0131\u011fa burax\u0131l\u0131b.<\/p>\n\n\n\n<p>Baku TV Bin\u0259q\u0259di \u0130nzibati C\u0259za\u00e7\u0259km\u0259 M\u0259nt\u0259q\u0259sinin qar\u015f\u0131s\u0131ndan reportaj t\u0259qdim edir.&nbsp;<\/p>\n\n\n\n<p>Qeyd ed\u0259k ki, Ab\u015feron Rayon M\u0259hk\u0259m\u0259si&nbsp;Ramiz Mehdiyevin k\u00fcr\u0259k\u0259ni, ke\u00e7mi\u015f deputat \u0130lham \u018fliyev v\u0259 qudas\u0131 R\u00f6v\u015f\u0259n Mustafayev\u0259 15&nbsp;sutkal\u0131q inzibati h\u0259bs c\u0259zas\u0131 vermi\u015fdi.<\/p>\n\n\n\n<p>Onlar karantin rejiminin t\u0259l\u0259bl\u0259rin\u0259 m\u0259h\u0259l qoymayaraq \u00f6vladlar\u0131na toy m\u0259clisi ke\u00e7irdikl\u0259ri \u00fc\u00e7\u00fcn\u00a0m\u0259hk\u0259m\u0259 qar\u015f\u0131s\u0131na \u00e7\u0131xar\u0131lm\u0131\u015fd\u0131lar.\u00a0<\/p>\n\n\n\n<p class=\"has-white-color has-text-color\">.<\/p>\n\n\n\n<figure class=\"wp-block-embed-youtube wp-block-embed is-type-rich is-provider-embed-handler wp-embed-aspect-16-9 wp-has-aspect-ratio\"><div class=\"wp-block-embed__wrapper\">\n<iframe loading=\"lazy\" title=\"Ramiz Mehdiyevin k\u00fcr\u0259k\u0259ni h\u0259bsd\u0259n \u00e7\u0131x\u0131r - CANLI YAYIM\" width=\"800\" height=\"450\" src=\"https:\/\/www.youtube.com\/embed\/LunH8T9najY?feature=oembed\" frameborder=\"0\" allow=\"accelerometer; autoplay; encrypted-media; gyroscope; picture-in-picture\" allowfullscreen><\/iframe>\n<\/div><\/figure>\n\n\n\n<p><\/p>\n\n\n\n<p>Basta<\/p>\n\n\n\n<p><\/p>\n","protected":false},"excerpt":{"rendered":"<p>Bu g\u00fcn sabiq deputat \u0130lham \u018fliyev v\u0259 qudas\u0131 R\u00f6v\u015f\u0259n Mustafayev&nbsp;azadl\u0131\u011fa burax\u0131l\u0131b. Baku TV Bin\u0259q\u0259di \u0130nzibati C\u0259za\u00e7\u0259km\u0259 M\u0259nt\u0259q\u0259sinin qar\u015f\u0131s\u0131ndan reportaj t\u0259qdim<\/p>\n","protected":false},"author":1,"featured_media":1949,"comment_status":"open","ping_status":"open","sticky":false,"template":"","format":"standard","meta":{"_jetpack_memberships_contains_paid_content":false,"footnotes":""},"categories":[30,29],"tags":[],"class_list":["post-1947","post","type-post","status-publish","format-standard","has-post-thumbnail","hentry","category-gundm","category-manset"],"aioseo_notices":[],"jetpack_featured_media_url":"https:\/\/basta2.com\/wp-content\/uploads\/2020\/09\/ilham-eliyev.jpg","jetpack_sharing_enabled":true,"_links":{"self":[{"href":"https:\/\/basta2.com\/index.php?rest_route=\/wp\/v2\/posts\/1947","targetHints":{"allow":["GET"]}}],"collection":[{"href":"https:\/\/basta2.com\/index.php?rest_route=\/wp\/v2\/posts"}],"about":[{"href":"https:\/\/basta2.com\/index.php?rest_route=\/wp\/v2\/types\/post"}],"author":[{"embeddable":true,"href":"https:\/\/basta2.com\/index.php?rest_route=\/wp\/v2\/users\/1"}],"replies":[{"embeddable":true,"href":"https:\/\/basta2.com\/index.php?rest_route=%2Fwp%2Fv2%2Fcomments&post=1947"}],"version-history":[{"count":4,"href":"https:\/\/basta2.com\/index.php?rest_route=\/wp\/v2\/posts\/1947\/revisions"}],"predecessor-version":[{"id":1953,"href":"https:\/\/basta2.com\/index.php?rest_route=\/wp\/v2\/posts\/1947\/revisions\/1953"}],"wp:featuredmedia":[{"embeddable":true,"href":"https:\/\/basta2.com\/index.php?rest_route=\/wp\/v2\/media\/1949"}],"wp:attachment":[{"href":"https:\/\/basta2.com\/index.php?rest_route=%2Fwp%2Fv2%2Fmedia&parent=1947"}],"wp:term":[{"taxonomy":"category","embeddable":true,"href":"https:\/\/basta2.com\/index.php?rest_route=%2Fwp%2Fv2%2Fcategories&post=1947"},{"taxonomy":"post_tag","embeddable":true,"href":"https:\/\/basta2.com\/index.php?rest_route=%2Fwp%2Fv2%2Ftags&post=1947"}],"curies":[{"name":"wp","href":"https:\/\/api.w.org\/{rel}","templated":true}]}}