{"id":1954,"date":"2020-09-06T13:08:06","date_gmt":"2020-09-06T10:08:06","guid":{"rendered":"http:\/\/basta2.com\/?p=1954"},"modified":"2020-09-06T14:17:28","modified_gmt":"2020-09-06T11:17:28","slug":"ramiz-mehdiyevin-kur%c9%99k%c9%99ni-aglayib-uzr-ist%c9%99di","status":"publish","type":"post","link":"https:\/\/basta2.com\/?p=1954","title":{"rendered":"Ramiz Mehdiyevin k\u00fcr\u0259k\u0259ni a\u011flay\u0131b \u00fczr ist\u0259di"},"content":{"rendered":"\n<p><em>\u201cAysel videolar\u0131 q\u0259r\u0259zli \u00e7\u0259kib sayta \u00f6t\u00fcr\u00fcb\u201d<\/em><\/p>\n\n\n\n<p>Az\u0259rbaycan Milli Elml\u0259r Akademiyas\u0131n\u0131n haz\u0131rk\u0131 r\u0259hb\u0259ri Ramiz Medhiyevin k\u00fcr\u0259k\u0259ni, ke\u00e7mi\u015f deputat \u0130lham \u018fliyev\u0259 karantin rejiminin pozulmas\u0131na g\u00f6r\u0259 verilmi\u015f 15 g\u00fcnl\u00fck inzibati h\u0259bs m\u00fcdd\u0259ti ba\u015fa \u00e7at\u0131b. \u0130lham \u018fliyev v\u0259 qudas\u0131 R\u00f6v\u015f\u0259n Mustafayev sentyabr\u0131n 6-da s\u0259h\u0259r saat 11 rad\u0259l\u0259rind\u0259 azadl\u0131\u011fa burax\u0131l\u0131b.<\/p>\n\n\n\n<p>\u0130lham \u018fliyev inzibati qaydada h\u0259bs olunanlar\u0131n saxland\u0131\u011f\u0131 M\u00fcv\u0259qq\u0259ti Saxlama M\u0259nt\u0259q\u0259sind\u0259n \u00e7\u0131xark\u0259n orada jurnalistl\u0259rin suallar\u0131n\u0131 cavabland\u0131r\u0131b.<\/p>\n\n\n\n<p>Ke\u00e7mi\u015f deputat ba\u015f ver\u0259nl\u0259r\u0259 g\u00f6r\u0259 \u00fczr ist\u0259yib. H\u0259m\u00e7inin videolar\u0131n q\u0259r\u0259zli \u015f\u0259kild\u0259 \u00e7\u0259kilib yay\u0131ld\u0131\u011f\u0131n\u0131 iddia edib, buna g\u00f6r\u0259 Az\u0259rbaycan\u0131 \u201cEurovision\u201dda t\u0259msil etmi\u015f m\u00fc\u011f\u0259nni Aysel Teymurzad\u0259ni ittiham edib.<\/p>\n\n\n\n<p>\u201cFilarmoniyan\u0131n direktoru Murad Ad\u0131g\u00f6z\u0259lovun h\u0259yat yolda\u015f\u0131, Az\u0259rbaycan\u0131 \u201cEurovision\u201d yar\u0131\u015fmas\u0131nda t\u0259msil etmi\u015f Aysel q\u0259r\u0259zli videolar\u0131 \u00e7\u0259kib, m\u00fcxalif sayta \u00f6t\u00fcr\u00fcb. Sual yaran\u0131r ki, bunun s\u0259b\u0259bi n\u0259dir? M\u0259n bu haqda \u00e7ox d\u00fc\u015f\u00fcnm\u00fc\u015f\u0259m, bundan sonra da ara\u015fd\u0131rma aparaca\u011fam. Bu, sabotajd\u0131r. Akademik Ramiz Mehdiyev\u0259 qar\u015f\u0131 sabotajd\u0131r. Onu c\u0259miyy\u0259t qar\u015f\u0131s\u0131nda n\u00fcfuzdan salmaq m\u0259qs\u0259di g\u00fcd\u00fcr.<\/p>\n\n\n\n<p>Bu g\u00fcn dostuna x\u0259yan\u0259t ed\u0259n, sabah xalq\u0131na da x\u0259yan\u0259t ed\u0259rc\u0259k. M\u0259n niy\u0259 buna q\u0259r\u0259zli deyir\u0259m? \u00c7\u00fcnki o ax\u015fam orada Abel M\u0259h\u0259rr\u0259mov bad\u0259 qald\u0131r\u0131b s\u00f6z dey\u0259nd\u0259, m\u00f6ht\u0259r\u0259m c\u0259nab prezidentin f\u0259aliyy\u0259ti haqq\u0131nda y\u00fcks\u0259k fikirl\u0259r s\u0259sl\u0259ndirib. Onun \u015f\u0259r\u0259fin\u0259, onun sa\u011fl\u0131\u011f\u0131na bad\u0259l\u0259r qald\u0131r\u0131b. Ulu \u00f6nd\u0259rimiz Heyd\u0259r \u018fliyev haqq\u0131nda orada fikirl\u0259r s\u00f6yl\u0259yib. Ruhuna r\u0259hm\u0259t oxunub. Abel M\u0259h\u0259rr\u0259movun bir c\u00fcml\u0259sini t\u0259krar el\u0259yim:<\/p>\n\n\n\n<p>\u201cKi\u00e7ikd\u0259n b\u00f6y\u00fcy\u0259 b\u00fct\u00fcn Az\u0259rbaycan xalq\u0131 bilir ki, Az\u0259rbaycan\u0131n qurucusu ulu \u00f6nd\u0259r Heyd\u0259r \u018fliyevdir. \u018fg\u0259r o olmasayd\u0131, Az\u0259rbaycan adl\u0131 d\u00f6vl\u0259t b\u0259lk\u0259 d\u0259 Yer \u00fcz\u00fcnd\u0259 olmazd\u0131\u201d. Daha sonra Ramiz Mehdiyevin f\u0259aliyy\u0259ti haqq\u0131nda fikirl\u0259rini s\u00f6yl\u0259mi\u015fdi. Sual olunur: niy\u0259 o fikirl\u0259rin he\u00e7 biri yay\u0131lan videoda yoxdur, ancaq Ramiz m\u00fc\u0259llim haqq\u0131nda dediyi fikirl\u0259r var? \u00c7\u00fcnki bu, q\u0259r\u0259zli \u00e7\u0259kili\u015f idi, \u0259vv\u0259lc\u0259d\u0259n haz\u0131rlanm\u0131\u015fd\u0131 ki, bu formada \u00e7\u0259ksinl\u0259r, orada ulu \u00f6nd\u0259r, m\u00f6ht\u0259r\u0259m prezident haqq\u0131nda s\u00f6yl\u0259n\u0259n fikirl\u0259r verilm\u0259sin\u201d.<\/p>\n\n\n\n<figure class=\"wp-block-image\"><img decoding=\"async\" src=\"https:\/\/d9mc3ts4czbpr.cloudfront.net\/media\/images\/photo-2020-09-06-12-47-33.width-1024.jpg\" alt=\"&quot;\u018fg\u0259r o olmasayd\u0131, Az\u0259rbaycan adl\u0131 d\u00f6vl\u0259t b\u0259lk\u0259 d\u0259 Yer \u00fcz\u00fcnd\u0259 olmazd\u0131\u201d.\"\/><\/figure>\n\n\n\n<p>&#8220;\u018fg\u0259r o olmasayd\u0131, Az\u0259rbaycan adl\u0131 d\u00f6vl\u0259t b\u0259lk\u0259 d\u0259 Yer \u00fcz\u00fcnd\u0259 olmazd\u0131\u201d.<\/p>\n\n\n\n<p><strong>M\u0259nb\u0259:&nbsp;<\/strong>Meydan TV<\/p>\n\n\n\n<p>\u0130lham \u018fliyev qay\u0131natas\u0131 Ramiz Mehdiyev\u0259 qar\u015f\u0131 qarayaxma kampaniyas\u0131 apar\u0131ld\u0131\u011f\u0131n\u0131 da bildirib. Onun s\u00f6zl\u0259rin\u0259 g\u00f6r\u0259, Ramiz Mehdiyevin \u00f6lk\u0259d\u0259 hakimiyy\u0259t d\u0259yi\u015fikliyin\u0259 \u00e7al\u0131\u015fmas\u0131 haqda deyil\u0259nl\u0259r \u0259sass\u0131zd\u0131r:<\/p>\n\n\n\n<p>\u201cRamiz m\u00fc\u0259llim haqq\u0131nda qarayaxma kampaniyas\u0131 aparan F\u0259zail A\u011famal\u0131 v\u0259 onun kimi 4-5 \u00fcns\u00fcrl\u0259rin \u0259lin\u0259 gir\u0259v\u0259 d\u00fc\u015fd\u00fc, b\u0259han\u0259 oldu. Amma onlar unudublar ki, Ramiz Mehdiyev kimdir. Ramiz Mehdiyev h\u0259l\u0259 ulu \u00f6nd\u0259r Heyd\u0259r \u018fliyev Moskvada Nazirl\u0259r Sovetinin birinci m\u00fcavini v\u0259zif\u0259sind\u0259 \u00e7al\u0131\u015fanda Az\u0259rbaycanda onun g\u00f6r\u0259n g\u00f6z\u00fc, e\u015fid\u0259n qula\u011f\u0131 olub. M\u00fcst\u0259qillik d\u00f6vr\u00fcnd\u0259 Az\u0259rbaycana r\u0259hb\u0259rlik ed\u0259nd\u0259 Ramiz Mehdiyev ona s\u0259daq\u0259tl\u0259 xidm\u0259t el\u0259yib. C\u0259nab prezident \u0130lham \u018fliyev Ba\u015f nazir v\u0259zif\u0259sini da\u015f\u0131yanda, daha sonra xalq\u0131m\u0131z t\u0259r\u0259find\u0259n prezident se\u00e7il\u0259n g\u00fcnd\u0259n ona s\u0259daq\u0259tl\u0259 xidm\u0259t edib. Ramiz Mehdiyevin sadiqliyi aksiomdur, isbata ehtiyac\u0131 yoxdur. N\u0259inki Ramiz Mehdiyev, el\u0259c\u0259 d\u0259 onun b\u00fct\u00fcn ail\u0259 \u00fczvl\u0259ri bu hakimiyy\u0259t\u0259 sadiqdil\u0259r. \u00d6l\u0259n\u0259 q\u0259d\u0259r d\u0259 sadiq qalacaqlar\u201d.<\/p>\n\n\n\n<p>\u0130lham \u018fliyev a\u011flayaraq \u00fczr ist\u0259yib:<\/p>\n\n\n\n<p>\u201cM\u0259n c\u00fcr\u0259t edib buradan c\u0259nab Prezidentin qar\u015f\u0131s\u0131nda, \u00e7ox h\u00f6rm\u0259tli Mehriban xan\u0131m\u0131n qar\u015f\u0131s\u0131nda, c\u0259miyy\u0259timiz qar\u015f\u0131s\u0131nda \u00fczr ist\u0259yir\u0259m. Balad\u0131r, q\u0131z \u00f6vlad\u0131d\u0131r. Hissl\u0259rimi cilovlaya bilm\u0259dim&#8230; M\u00fcmk\u00fcnd\u00fcrs\u0259, m\u0259ni ba\u011f\u0131\u015flas\u0131nlar\u201d.<\/p>\n\n\n\n<p>Sabiq deputat sonda onun haqq\u0131nda yazan sayt r\u0259hb\u0259rin\u0259 mesaj g\u00f6nd\u0259rib: \u201cBir sayt var, fotomu verib, alt\u0131ndan da yaz\u0131b ki, \u201ckefim k\u00f6kd\u00fcr, kefimi pozmay\u0131n, ba\u015f\u0131n\u0131 burax\u0131n\u201d. M\u0259n o sayta buradan x\u0259b\u0259rdarl\u0131q edir\u0259m. \u018fg\u0259r iki g\u00fcn \u0259rzind\u0259 o s\u00f6zl\u0259ri dem\u0259yimi s\u00fcbut ed\u0259n audioyaz\u0131n\u0131 sayta verm\u0259s\u0259, m\u0259n onlar\u0131 tap\u0131b c\u0259zaland\u0131racam. Deyilm\u0259y\u0259n s\u00f6z\u0259 g\u00f6r\u0259 insan\u0131 c\u0259miyy\u0259t qar\u015f\u0131s\u0131nda al\u00e7altmaq, n\u00fcfuzdan salmaq \u015f\u0259r\u0259fsizlikdir. \u015e\u0259r\u0259fsizlik is\u0259 c\u0259zaland\u0131r\u0131lmal\u0131d\u0131r\u201d.<\/p>\n\n\n\n<p>Meydan tv<\/p>\n","protected":false},"excerpt":{"rendered":"<p>\u201cAysel videolar\u0131 q\u0259r\u0259zli \u00e7\u0259kib sayta \u00f6t\u00fcr\u00fcb\u201d Az\u0259rbaycan Milli Elml\u0259r Akademiyas\u0131n\u0131n haz\u0131rk\u0131 r\u0259hb\u0259ri Ramiz Medhiyevin k\u00fcr\u0259k\u0259ni, ke\u00e7mi\u015f deputat \u0130lham \u018fliyev\u0259 karantin<\/p>\n","protected":false},"author":1,"featured_media":1949,"comment_status":"open","ping_status":"open","sticky":false,"template":"","format":"standard","meta":{"_jetpack_memberships_contains_paid_content":false,"footnotes":""},"categories":[1],"tags":[],"class_list":["post-1954","post","type-post","status-publish","format-standard","has-post-thumbnail","hentry","category-uncategorized"],"aioseo_notices":[],"jetpack_featured_media_url":"https:\/\/basta2.com\/wp-content\/uploads\/2020\/09\/ilham-eliyev.jpg","jetpack_sharing_enabled":true,"_links":{"self":[{"href":"https:\/\/basta2.com\/index.php?rest_route=\/wp\/v2\/posts\/1954","targetHints":{"allow":["GET"]}}],"collection":[{"href":"https:\/\/basta2.com\/index.php?rest_route=\/wp\/v2\/posts"}],"about":[{"href":"https:\/\/basta2.com\/index.php?rest_route=\/wp\/v2\/types\/post"}],"author":[{"embeddable":true,"href":"https:\/\/basta2.com\/index.php?rest_route=\/wp\/v2\/users\/1"}],"replies":[{"embeddable":true,"href":"https:\/\/basta2.com\/index.php?rest_route=%2Fwp%2Fv2%2Fcomments&post=1954"}],"version-history":[{"count":1,"href":"https:\/\/basta2.com\/index.php?rest_route=\/wp\/v2\/posts\/1954\/revisions"}],"predecessor-version":[{"id":1955,"href":"https:\/\/basta2.com\/index.php?rest_route=\/wp\/v2\/posts\/1954\/revisions\/1955"}],"wp:featuredmedia":[{"embeddable":true,"href":"https:\/\/basta2.com\/index.php?rest_route=\/wp\/v2\/media\/1949"}],"wp:attachment":[{"href":"https:\/\/basta2.com\/index.php?rest_route=%2Fwp%2Fv2%2Fmedia&parent=1954"}],"wp:term":[{"taxonomy":"category","embeddable":true,"href":"https:\/\/basta2.com\/index.php?rest_route=%2Fwp%2Fv2%2Fcategories&post=1954"},{"taxonomy":"post_tag","embeddable":true,"href":"https:\/\/basta2.com\/index.php?rest_route=%2Fwp%2Fv2%2Ftags&post=1954"}],"curies":[{"name":"wp","href":"https:\/\/api.w.org\/{rel}","templated":true}]}}