{"id":19627,"date":"2023-12-04T20:05:28","date_gmt":"2023-12-04T17:05:28","guid":{"rendered":"https:\/\/basta2.com\/?p=19627"},"modified":"2023-12-04T20:05:28","modified_gmt":"2023-12-04T17:05:28","slug":"q%c9%99b%c9%99l%c9%99d%c9%99-polisin-doyduyu-usagin-atasi-h%c9%99bs-edildi","status":"publish","type":"post","link":"https:\/\/basta2.com\/?p=19627","title":{"rendered":"Q\u0259b\u0259l\u0259d\u0259 polisin d\u00f6yd\u00fcy\u00fc u\u015fa\u011f\u0131n atas\u0131 h\u0259bs edildi"},"content":{"rendered":"<p>Q\u0259b\u0259l\u0259 rayonunun V\u0259ndam q\u0259s\u0259b\u0259sind\u0259 polisin d\u00f6yd\u00fcy\u00fc deyil\u0259n u\u015fa\u011f\u0131n atas\u0131 h\u0259bs edilib, \u0259misin\u0259 is\u0259 ev dustaql\u0131\u011f\u0131 verilib.<\/p>\n<p>Bu bar\u0259d\u0259 Ba\u015f Prokurorluq v\u0259 Daxili \u0130\u015fl\u0259r Nazirliyinin M\u0259tbuat xidm\u0259tl\u0259rinin dekabr\u0131n 5-d\u0259 ax\u015fam saatlar\u0131nda yay\u0131lan birg\u0259 m\u0259lumat\u0131nda bildirilir.<\/p>\n<p>R\u0259smi a\u00e7\u0131qlamaya g\u00f6r\u0259, dekabr\u0131n 2-d\u0259 Q\u0259b\u0259l\u0259 rayonunun V\u0259ndam q\u0259s\u0259b\u0259sind\u0259 xidm\u0259ti v\u0259zif\u0259l\u0259rini icra ed\u0259n polis \u0259m\u0259kda\u015flar\u0131na zor t\u0259tbiq olunmas\u0131na dair rayon prokurorlu\u011funa m\u0259lumat daxil olub.<\/p>\n<p>\u0130ddia edilir ki, h\u0259min q\u0259s\u0259b\u0259 sakini S\u0259xav\u0259t A\u011fayev yol h\u0259r\u0259k\u0259ti qaydalar\u0131n\u0131 pozaraq s\u0259rxo\u015f v\u0259ziyy\u0259td\u0259 m\u00fcvafiq etibarnam\u0259 olmadan \u201cVaz 2107\u201d minik markal\u0131 avtomobilini idar\u0259 ed\u0259rk\u0259n saxlan\u0131b:<\/p>\n<p>\u201cQarda\u015f\u0131 Eld\u0259niz A\u011fayevl\u0259 birg\u0259&#8230; ictimai qaydan\u0131 pozmalar\u0131,&#8230; polis \u0259m\u0259kda\u015flar\u0131n\u0131n qanuni t\u0259l\u0259bl\u0259rin\u0259 tabe olmayaraq onlara da\u015f par\u00e7as\u0131, yumruq v\u0259 t\u0259pikl\u0259 x\u0259sar\u0259t yetir\u0259r\u0259k&#8230; m\u00fcqavim\u0259t g\u00f6st\u0259rm\u0259l\u0259rin\u0259, Q\u0259b\u0259l\u0259 Rayon Polis \u015e\u00f6b\u0259sin\u0259 m\u0259xsus avtomobili z\u0259d\u0259l\u0259m\u0259l\u0259rin\u0259 \u0259sasl\u0131 \u015f\u00fcbh\u0259l\u0259r m\u00fc\u0259yy\u0259n edilib\u201d.<\/p>\n<p>A\u00e7\u0131qlamaya g\u00f6r\u0259, Eld\u0259niz A\u011fayev Cinay\u0259t M\u0259cll\u0259sinin 221.3 (silah qismind\u0259 \u0259\u015fyalardan istifad\u0259 edilm\u0259kl\u0259 xuliqanl\u0131q) v\u0259 315-ci (hakimiyy\u0259t n\u00fcmay\u0259nd\u0259sin\u0259 m\u00fcqavim\u0259t v\u0259 ya zor t\u0259tbiq etm\u0259), S\u0259xav\u0259t A\u011fayev is\u0259 221.2.1, 221.2.2 (bir qrup \u015f\u0259xs t\u0259r\u0259find\u0259n v\u0259zif\u0259ni yerin\u0259 yetir\u0259n \u015f\u0259xs\u0259 m\u00fcqavim\u0259t g\u00f6st\u0259rm\u0259kl\u0259 xuliqanl\u0131q) v\u0259 315-ci madd\u0259l\u0259ril\u0259 ittihm olunurlar:\u201cM\u0259hk\u0259m\u0259nin q\u0259rar\u0131 il\u0259 Eld\u0259niz A\u011fayev bar\u0259sind\u0259 h\u0259bs, S\u0259xav\u0259t A\u011fayev bar\u0259sind\u0259 is\u0259 ev dustaql\u0131\u011f\u0131 q\u0259timkan t\u0259dbiri se\u00e7ilib. Cinay\u0259t i\u015fi \u00fczr\u0259 b\u00fct\u00fcn hallar tam, h\u0259rt\u0259r\u0259fli v\u0259 obyektiv istintaq edilm\u0259kl\u0259 t\u0259qsiri olan b\u00fct\u00fcn \u015f\u0259xsl\u0259rin \u0259m\u0259ll\u0259rin\u0259 h\u00fcquqi qiym\u0259t verilm\u0259si t\u0259min edil\u0259c\u0259k\u201d.<\/p>\n<p>Azadl\u0131qRadiosunun m\u00fcxbiri g\u00fcn \u0259rzind\u0259 ail\u0259nin yax\u0131nlar\u0131ndan cavab alma\u011fa \u00e7al\u0131\u015f\u0131b<\/p>\n<p>M\u0259hk\u0259m\u0259 q\u0259rar\u0131ndan sonra b\u0259zi ail\u0259 \u00fczvl\u0259ri bildiribl\u0259r ki, \u201cmediaya dan\u0131\u015fsalar, onlar \u00fc\u00e7\u00fcn daha pis olaca\u011f\u0131 deyilib\u201d<\/p>\n<p>Ail\u0259d\u0259 \u00fczvl\u0259ri v\u0259 onlar\u0131n yax\u0131nlar\u0131 ba\u015f ver\u0259nl\u0259rl\u0259 ba\u011fl\u0131 a\u00e7\u0131q m\u00fcsahib\u0259 verm\u0259k ist\u0259m\u0259dikl\u0259rini vur\u011fulay\u0131blar.<\/p>\n<p>Q\u0259b\u0259l\u0259d\u0259 u\u015fa\u011f\u0131 d\u00f6y\u0259n polis i\u015fd\u0259n \u00e7\u0131xar\u0131l\u0131b<br \/>\nBundan \u0259vv\u0259l veril\u0259n x\u0259b\u0259rd\u0259 deyilirdi ki, bug\u00fcnl\u0259rd\u0259 sosial \u015f\u0259b\u0259k\u0259l\u0259rd\u0259 Q\u0259b\u0259l\u0259 rayonunun V\u0259ndam q\u0259s\u0259b\u0259sind\u0259 \u00e7\u0259kildiyi bildiril\u0259n v\u0259 polis formas\u0131nda olan \u015f\u0259xsin bir u\u015fa\u011f\u0131 d\u00f6ym\u0259sinin g\u00f6r\u00fcnd\u00fcy\u00fc video yay\u0131l\u0131b.<\/p>\n<p>Bu g\u00f6r\u00fcnt\u00fcl\u0259r yay\u0131ld\u0131qdan sonra Daxili \u0130\u015fl\u0259r Nazirliyi (D\u0130N) d\u0259 m\u0259s\u0259l\u0259 il\u0259 ba\u011fl\u0131 a\u00e7\u0131qlama yay\u0131b.<\/p>\n<p>A\u00e7\u0131qlamada iddia edilir ki, dekabr\u0131n 2-d\u0259 Q\u0259b\u0259l\u0259 rayonunun V\u0259ndam q\u0259s\u0259b\u0259sind\u0259 S.A\u011fayev s\u0259rxo\u015f v\u0259ziyy\u0259td\u0259 avtomobil idar\u0259 ed\u0259r\u0259k t\u0259hl\u00fck\u0259li v\u0259ziyy\u0259t yarad\u0131b: &#8220;O, saxlan\u0131lan zaman onunla birlikd\u0259 olan yax\u0131n qohumlar\u0131 v\u0259 yanlar\u0131nda olan yetkinlik ya\u015f\u0131na \u00e7atmayan \u015f\u0259xs polis \u0259m\u0259kda\u015flar\u0131na m\u00fcqavim\u0259t g\u00f6st\u0259r\u0259r\u0259k da\u015fla x\u0259sar\u0259t yetirm\u0259y\u0259 v\u0259 xidm\u0259ti avtomobil\u0259 z\u0259r\u0259r vurma\u011fa c\u0259hd edibl\u0259r&#8221;.<\/p>\n<p>D\u0130N vur\u011fulay\u0131r ki, fakta g\u00f6r\u0259 cinay\u0259t i\u015fi qald\u0131r\u0131l\u0131b v\u0259 iki n\u0259f\u0259r h\u0259bs edilib: &#8220;Eyni zamanda yetkinlik ya\u015f\u0131na \u00e7atmayan \u015f\u0259xs\u0259 qar\u015f\u0131 s\u0259lahiyy\u0259t h\u0259ddini a\u015fan polis \u0259m\u0259kda\u015f\u0131 bar\u0259sind\u0259 xidm\u0259ti yoxlama apar\u0131laraq o, daxili i\u015fl\u0259r orqanlar\u0131ndan xaric edilib&#8221;.<\/p>\n<p>H\u00fcquq m\u00fcdafi\u0259\u00e7isi, ke\u00e7mi\u015f m\u00fcst\u0259ntiq\u00a0<strong>R\u00fcf\u0259t S\u0259f\u0259rov<\/strong>un s\u00f6zl\u0259rin\u0259 g\u00f6r\u0259, sosial \u015f\u0259b\u0259k\u0259l\u0259rd\u0259 yay\u0131lan g\u00f6r\u00fcnt\u00fcl\u0259r \u0259sas\u0131nda dem\u0259k olar ki, polis yetkinlik ya\u015f\u0131na \u00e7atmayan v\u0259t\u0259nda\u015fa qar\u015f\u0131 adekvat olmayan g\u00fcc t\u0259tbiq edir:\u00a0<strong>&#8220;Burada v\u0259zif\u0259 s\u0259lahiyy\u0259tl\u0259rini a\u015fma v\u0259 m\u0259hk\u0259m\u0259-tibbi ekspertizas\u0131n\u0131n t\u0259yin ed\u0259c\u0259yi x\u0259sar\u0259tin d\u0259r\u0259c\u0259sind\u0259n as\u0131l\u0131 olaraq sa\u011flaml\u0131\u011fa q\u0259sd\u0259n x\u0259sar\u0259t yetirm\u0259 il\u0259 ba\u011fl\u0131 cinay\u0259t m\u0259suliyy\u0259ti ola bilir&#8221;.<\/strong><\/p>\n<p>H\u00fcquq\u015f\u00fcnas qeyd edib ki, v\u0259t\u0259nda\u015flar h\u0259min situasiyada s\u0259rxo\u015f ola bil\u0259rdi v\u0259, ola bilsin ki, m\u00fcqavim\u0259t g\u00f6st\u0259ribl\u0259r: &#8220;Onlar\u0131n da h\u0259r\u0259k\u0259tl\u0259rind\u0259, ola bil\u0259r ki, cinay\u0259t t\u0259rkib var. M\u0259lumatlar var ki, u\u015faq atas\u0131n\u0131 v\u0259 \u0259misini m\u00fcdafi\u0259 etm\u0259k \u00fc\u00e7\u00fcn polis\u0259 da\u015f at\u0131b. \u018flb\u0259tt\u0259, bu da q\u0259buledil\u0259n deyil. Amma m\u0259s\u0259l\u0259 bundan ibar\u0259tdir ki, &#8220;Polis haqq\u0131nda&#8221; Qanunun 26-c\u0131 madd\u0259si fiziki q\u00fcvv\u0259nin, x\u00fcsusi vasit\u0259l\u0259ri t\u0259tbiq etm\u0259nin \u015f\u0259rtl\u0259rini ortaya qoyur. Hesab ets\u0259k ki, u\u015faq da\u015f at\u0131b, ax\u0131 g\u00f6r\u00fcnt\u00fcl\u0259rd\u0259 g\u00f6r\u00fcn\u00fcr ki, u\u015faq art\u0131q m\u00fcqavim\u0259t g\u00f6st\u0259r\u0259 bilmir, yerd\u0259dir v\u0259 onun d\u00f6y\u00fclm\u0259si polisin v\u0259zif\u0259 s\u0259lahiyy\u0259tl\u0259rini a\u015fmas\u0131ndan x\u0259b\u0259r verir&#8221;.<\/p>\n<p>Azadl\u0131qRadiosu<\/p>\n<p>&nbsp;<\/p>\n","protected":false},"excerpt":{"rendered":"<p>Q\u0259b\u0259l\u0259 rayonunun V\u0259ndam q\u0259s\u0259b\u0259sind\u0259 polisin d\u00f6yd\u00fcy\u00fc deyil\u0259n u\u015fa\u011f\u0131n atas\u0131 h\u0259bs edilib, \u0259misin\u0259 is\u0259 ev dustaql\u0131\u011f\u0131 verilib. Bu bar\u0259d\u0259 Ba\u015f Prokurorluq<\/p>\n","protected":false},"author":1,"featured_media":19628,"comment_status":"closed","ping_status":"closed","sticky":false,"template":"","format":"standard","meta":{"_jetpack_memberships_contains_paid_content":false,"footnotes":""},"categories":[30,29],"tags":[],"class_list":["post-19627","post","type-post","status-publish","format-standard","has-post-thumbnail","hentry","category-gundm","category-manset"],"aioseo_notices":[],"jetpack_featured_media_url":"https:\/\/basta2.com\/wp-content\/uploads\/2023\/12\/01000000-c0a8-0242-09b9-08dbf4a04f1a_cx7_cy6_cw86_w640_h360_s.jpg","jetpack_sharing_enabled":true,"_links":{"self":[{"href":"https:\/\/basta2.com\/index.php?rest_route=\/wp\/v2\/posts\/19627","targetHints":{"allow":["GET"]}}],"collection":[{"href":"https:\/\/basta2.com\/index.php?rest_route=\/wp\/v2\/posts"}],"about":[{"href":"https:\/\/basta2.com\/index.php?rest_route=\/wp\/v2\/types\/post"}],"author":[{"embeddable":true,"href":"https:\/\/basta2.com\/index.php?rest_route=\/wp\/v2\/users\/1"}],"replies":[{"embeddable":true,"href":"https:\/\/basta2.com\/index.php?rest_route=%2Fwp%2Fv2%2Fcomments&post=19627"}],"version-history":[{"count":1,"href":"https:\/\/basta2.com\/index.php?rest_route=\/wp\/v2\/posts\/19627\/revisions"}],"predecessor-version":[{"id":19629,"href":"https:\/\/basta2.com\/index.php?rest_route=\/wp\/v2\/posts\/19627\/revisions\/19629"}],"wp:featuredmedia":[{"embeddable":true,"href":"https:\/\/basta2.com\/index.php?rest_route=\/wp\/v2\/media\/19628"}],"wp:attachment":[{"href":"https:\/\/basta2.com\/index.php?rest_route=%2Fwp%2Fv2%2Fmedia&parent=19627"}],"wp:term":[{"taxonomy":"category","embeddable":true,"href":"https:\/\/basta2.com\/index.php?rest_route=%2Fwp%2Fv2%2Fcategories&post=19627"},{"taxonomy":"post_tag","embeddable":true,"href":"https:\/\/basta2.com\/index.php?rest_route=%2Fwp%2Fv2%2Ftags&post=19627"}],"curies":[{"name":"wp","href":"https:\/\/api.w.org\/{rel}","templated":true}]}}