{"id":19632,"date":"2023-12-05T09:11:53","date_gmt":"2023-12-05T06:11:53","guid":{"rendered":"https:\/\/basta2.com\/?p=19632"},"modified":"2023-12-05T09:30:19","modified_gmt":"2023-12-05T06:30:19","slug":"abs-dovl%c9%99t-katibinin-kom%c9%99kcisi-bakiya-g%c9%99lir","status":"publish","type":"post","link":"https:\/\/basta2.com\/?p=19632","title":{"rendered":"AB\u015e d\u00f6vl\u0259t katibinin m\u00fcavini Az\u0259rbaycana g\u0259lir"},"content":{"rendered":"<p>AB\u015e D\u00f6vl\u0259t Departamentinin m\u0259lumat\u0131na g\u00f6r\u0259, AB\u015e d\u00f6vl\u0259t katibinin Avropa v\u0259 Avrasiya m\u0259s\u0259l\u0259l\u0259ri \u00fczr\u0259 m\u00fcavini Ceyms O&#8217;Brayen dekabr\u0131n 6-da Bak\u0131ya s\u0259f\u0259r ed\u0259c\u0259k.<\/p>\n<p>Amerikan\u0131n S\u0259si x\u0259b\u0259r verir ki, y\u00fcks\u0259k r\u00fctb\u0259li amerikal\u0131 diplomat \u201cikit\u0259r\u0259fli m\u00fcnasib\u0259tl\u0259rin m\u00f6hk\u0259ml\u0259ndirilm\u0259si\u201d v\u0259 \u201cErm\u0259nistan v\u0259 Az\u0259rbaycan aras\u0131nda s\u00fclh\u00fcn d\u0259st\u0259kl\u0259nm\u0259si\u201d il\u0259 ba\u011fl\u0131 m\u0259s\u0259l\u0259l\u0259ri m\u00fczakir\u0259 etm\u0259k \u00fc\u00e7\u00fcn \u00f6lk\u0259 r\u0259smil\u0259ri il\u0259 g\u00f6r\u00fc\u015f\u0259c\u0259k.<\/p>\n<p>Yada salaq ki, Az\u0259rbaycan Xarici \u0130\u015fl\u0259r Nazirliyi bu yax\u0131nlarda Ceyms O`Brayenin AB\u015e Konqresinin N\u00fcmay\u0259nd\u0259l\u0259r Palatas\u0131n\u0131n Xarici \u018flaq\u0259l\u0259r Komit\u0259sind\u0259\u00a0 Qaraba\u011fla \u0259laq\u0259dar dinl\u0259m\u0259l\u0259r zaman\u0131 s\u0259sl\u0259ndirdiyi b\u0259yanatlara m\u00fcnasib\u0259t bildir\u0259r\u0259k, onlar\u0131 q\u0259r\u0259zli v\u0259 \u0259sass\u0131z adland\u0131r\u0131b.<\/p>\n<p><strong>Basta<\/strong><\/p>\n<p>&nbsp;<\/p>\n","protected":false},"excerpt":{"rendered":"<p>AB\u015e D\u00f6vl\u0259t Departamentinin m\u0259lumat\u0131na g\u00f6r\u0259, AB\u015e d\u00f6vl\u0259t katibinin Avropa v\u0259 Avrasiya m\u0259s\u0259l\u0259l\u0259ri \u00fczr\u0259 m\u00fcavini Ceyms O&#8217;Brayen dekabr\u0131n 6-da Bak\u0131ya s\u0259f\u0259r<\/p>\n","protected":false},"author":1,"featured_media":19397,"comment_status":"closed","ping_status":"closed","sticky":false,"template":"","format":"standard","meta":{"_jetpack_memberships_contains_paid_content":false,"footnotes":""},"categories":[29,36],"tags":[],"class_list":["post-19632","post","type-post","status-publish","format-standard","has-post-thumbnail","hentry","category-manset","category-siyast"],"aioseo_notices":[],"jetpack_featured_media_url":"https:\/\/basta2.com\/wp-content\/uploads\/2023\/11\/oBrien.jpg","jetpack_sharing_enabled":true,"_links":{"self":[{"href":"https:\/\/basta2.com\/index.php?rest_route=\/wp\/v2\/posts\/19632","targetHints":{"allow":["GET"]}}],"collection":[{"href":"https:\/\/basta2.com\/index.php?rest_route=\/wp\/v2\/posts"}],"about":[{"href":"https:\/\/basta2.com\/index.php?rest_route=\/wp\/v2\/types\/post"}],"author":[{"embeddable":true,"href":"https:\/\/basta2.com\/index.php?rest_route=\/wp\/v2\/users\/1"}],"replies":[{"embeddable":true,"href":"https:\/\/basta2.com\/index.php?rest_route=%2Fwp%2Fv2%2Fcomments&post=19632"}],"version-history":[{"count":3,"href":"https:\/\/basta2.com\/index.php?rest_route=\/wp\/v2\/posts\/19632\/revisions"}],"predecessor-version":[{"id":19635,"href":"https:\/\/basta2.com\/index.php?rest_route=\/wp\/v2\/posts\/19632\/revisions\/19635"}],"wp:featuredmedia":[{"embeddable":true,"href":"https:\/\/basta2.com\/index.php?rest_route=\/wp\/v2\/media\/19397"}],"wp:attachment":[{"href":"https:\/\/basta2.com\/index.php?rest_route=%2Fwp%2Fv2%2Fmedia&parent=19632"}],"wp:term":[{"taxonomy":"category","embeddable":true,"href":"https:\/\/basta2.com\/index.php?rest_route=%2Fwp%2Fv2%2Fcategories&post=19632"},{"taxonomy":"post_tag","embeddable":true,"href":"https:\/\/basta2.com\/index.php?rest_route=%2Fwp%2Fv2%2Ftags&post=19632"}],"curies":[{"name":"wp","href":"https:\/\/api.w.org\/{rel}","templated":true}]}}